{"id":7627,"date":"2023-06-06T09:17:27","date_gmt":"2023-06-06T13:17:27","guid":{"rendered":"https:\/\/lacruz.cl\/?p=7627"},"modified":"2023-06-06T09:17:27","modified_gmt":"2023-06-06T13:17:27","slug":"un-paso-mas-cerca-de-construir-el-anhelado-cesfam-en-la-cruz","status":"publish","type":"post","link":"https:\/\/lacruz.cl\/a94a8fe5\/noticias\/un-paso-mas-cerca-de-construir-el-anhelado-cesfam-en-la-cruz\/","title":{"rendered":"Un paso m\u00e1s cerca de construir el anhelado Cesfam en La Cruz"},"content":{"rendered":"\n<p><em>La Municipalidad de La Cruz ha dado un importante paso hacia la construcci\u00f3n del tan esperado Cesfam. Tras la aprobaci\u00f3n del Estudio de Red, que es parte de la etapa de prefactibilidad, se ha cumplido con un importante requisito para avanzar en este anhelado proyecto<\/em><\/p>\n\n\n\n<p>El municipio ha reconocido la necesidad de contar con un Cesfam para brindar una mejor atenci\u00f3n de salud a las vecinas y vecinos de La Cruz. Esto se estableci\u00f3 en el Plan de desarrollo comunal, que destac\u00f3 la importancia de esta infraestructura. Bajo la administraci\u00f3n de la Alcaldesa Filomena Navia Hevia, desde el a\u00f1o 2022 se ha trabajado arduamente en el estudio de red, cumpliendo as\u00ed con los compromisos de campa\u00f1a.<\/p>\n\n\n\n<p>La primera etapa, el estudio de red, ha permitido mostrar con datos precisos la necesidad de la comuna de contar con un Cesfam. Esta metodolog\u00eda ha respaldado la postulaci\u00f3n a financiamiento para la construcci\u00f3n del centro de salud, que beneficiar\u00e1 a toda la comunidad.<\/p>\n\n\n\n<p>El Director del Departamento de Salud Diego Ram\u00edrez Evans destaca que ahora se centrar\u00e1n en conseguir el terreno adecuado para la construcci\u00f3n del Cesfam. \u201cEn este sentido, la alcaldesa ha cotizado terrenos cercanos al paradero 11, que se consideran id\u00f3neos para emplazar el consultorio y brindar atenci\u00f3n a aproximadamente 30 mil personas\u201d.<\/p>\n\n\n\n<p>La tercera etapa del proceso consistir\u00e1 en postular al dise\u00f1o y, posteriormente, a la ejecuci\u00f3n del proyecto a trav\u00e9s del Gobierno Regional. Con cada paso dado, La Cruz se acerca cada vez m\u00e1s a contar con un moderno y completo Cesfam que mejorar\u00e1 la calidad de vida de sus habitantes y contribuir\u00e1 a fortalecer el sistema de salud local.<\/p>\n","protected":false},"excerpt":{"rendered":"<p>La Municipalidad de La Cruz ha dado un importante paso hacia la construcci\u00f3n del tan esperado Cesfam. Tras la aprobaci\u00f3n del Estudio de Red, que es parte de la etapa de prefactibilidad, se ha cumplido con un importante requisito para avanzar en este anhelado proyecto El municipio ha reconocido la necesidad de contar con un [&hellip;]<\/p>\n","protected":false},"author":6,"featured_media":7628,"comment_status":"closed","ping_status":"","sticky":false,"template":"","format":"standard","meta":{"site-sidebar-layout":"default","site-content-layout":"","ast-site-content-layout":"default","site-content-style":"default","site-sidebar-style":"default","ast-global-header-display":"","ast-banner-title-visibility":"","ast-main-header-display":"","ast-hfb-above-header-display":"","ast-hfb-below-header-display":"","ast-hfb-mobile-header-display":"","site-post-title":"","ast-breadcrumbs-content":"","ast-featured-img":"","footer-sml-layout":"","ast-disable-related-posts":"","theme-transparent-header-meta":"","adv-header-id-meta":"","stick-header-meta":"","header-above-stick-meta":"","header-main-stick-meta":"","header-below-stick-meta":"","astra-migrate-meta-layouts":"default","ast-page-background-enabled":"default","ast-page-background-meta":{"desktop":{"background-color":"var(--ast-global-color-4)","background-image":"","background-repeat":"repeat","background-position":"center center","background-size":"auto","background-attachment":"scroll","background-type":"","background-media":"","overlay-type":"","overlay-color":"","overlay-opacity":"","overlay-gradient":""},"tablet":{"background-color":"","background-image":"","background-repeat":"repeat","background-position":"center center","background-size":"auto","background-attachment":"scroll","background-type":"","background-media":"","overlay-type":"","overlay-color":"","overlay-opacity":"","overlay-gradient":""},"mobile":{"background-color":"","background-image":"","background-repeat":"repeat","background-position":"center center","background-size":"auto","background-attachment":"scroll","background-type":"","background-media":"","overlay-type":"","overlay-color":"","overlay-opacity":"","overlay-gradient":""}},"ast-content-background-meta":{"desktop":{"background-color":"var(--ast-global-color-5)","background-image":"","background-repeat":"repeat","background-position":"center center","background-size":"auto","background-attachment":"scroll","background-type":"","background-media":"","overlay-type":"","overlay-color":"","overlay-opacity":"","overlay-gradient":""},"tablet":{"background-color":"var(--ast-global-color-5)","background-image":"","background-repeat":"repeat","background-position":"center center","background-size":"auto","background-attachment":"scroll","background-type":"","background-media":"","overlay-type":"","overlay-color":"","overlay-opacity":"","overlay-gradient":""},"mobile":{"background-color":"var(--ast-global-color-5)","background-image":"","background-repeat":"repeat","background-position":"center center","background-size":"auto","background-attachment":"scroll","background-type":"","background-media":"","overlay-type":"","overlay-color":"","overlay-opacity":"","overlay-gradient":""}},"footnotes":""},"categories":[1,23],"tags":[],"class_list":["post-7627","post","type-post","status-publish","format-standard","has-post-thumbnail","hentry","category-noticias","category-salud"],"_links":{"self":[{"href":"https:\/\/lacruz.cl\/a94a8fe5\/wp-json\/wp\/v2\/posts\/7627","targetHints":{"allow":["GET"]}}],"collection":[{"href":"https:\/\/lacruz.cl\/a94a8fe5\/wp-json\/wp\/v2\/posts"}],"about":[{"href":"https:\/\/lacruz.cl\/a94a8fe5\/wp-json\/wp\/v2\/types\/post"}],"author":[{"embeddable":true,"href":"https:\/\/lacruz.cl\/a94a8fe5\/wp-json\/wp\/v2\/users\/6"}],"replies":[{"embeddable":true,"href":"https:\/\/lacruz.cl\/a94a8fe5\/wp-json\/wp\/v2\/comments?post=7627"}],"version-history":[{"count":1,"href":"https:\/\/lacruz.cl\/a94a8fe5\/wp-json\/wp\/v2\/posts\/7627\/revisions"}],"predecessor-version":[{"id":7629,"href":"https:\/\/lacruz.cl\/a94a8fe5\/wp-json\/wp\/v2\/posts\/7627\/revisions\/7629"}],"wp:featuredmedia":[{"embeddable":true,"href":"https:\/\/lacruz.cl\/a94a8fe5\/wp-json\/wp\/v2\/media\/7628"}],"wp:attachment":[{"href":"https:\/\/lacruz.cl\/a94a8fe5\/wp-json\/wp\/v2\/media?parent=7627"}],"wp:term":[{"taxonomy":"category","embeddable":true,"href":"https:\/\/lacruz.cl\/a94a8fe5\/wp-json\/wp\/v2\/categories?post=7627"},{"taxonomy":"post_tag","embeddable":true,"href":"https:\/\/lacruz.cl\/a94a8fe5\/wp-json\/wp\/v2\/tags?post=7627"}],"curies":[{"name":"wp","href":"https:\/\/api.w.org\/{rel}","templated":true}]}}