{"id":7407,"date":"2023-05-23T17:18:58","date_gmt":"2023-05-23T21:18:58","guid":{"rendered":"https:\/\/lacruz.cl\/?p=7407"},"modified":"2023-05-23T17:18:58","modified_gmt":"2023-05-23T21:18:58","slug":"al-fin-se-implementara-recorrido-para-pocochay","status":"publish","type":"post","link":"https:\/\/lacruz.cl\/a94a8fe5\/noticias\/al-fin-se-implementara-recorrido-para-pocochay\/","title":{"rendered":"Al fin se implementar\u00e1 recorrido para Pocochay"},"content":{"rendered":"\n<p><em>As\u00ed lo coment\u00f3 el seremi de Transporte en la \u00faltima mesa de transportes, cumpliendo con la solicitud que hab\u00eda realizado en municipio de La Cruz<\/em><\/p>\n\n\n\n<p>Despu\u00e9s de varios meses de espera, en La Cruz recibieron una muy buena noticia. Y es que tras la reuni\u00f3n de coordinaci\u00f3n que se realiz\u00f3 el viernes pasado en la mesa de transporte p\u00fablico en La Calera, el seremi de Transporte, Benigno Retamal, confirm\u00f3 que en el mes de junio se deber\u00eda estar implementando el recorrido que pasar\u00e1 por el sector de Pocochay, con un agregado igual de importante para las personas que viven en el sector: habr\u00e1 tarifa gratuita para las personas mayores.<\/p>\n\n\n\n<p>\u201cEn la mesa todas las comunas levantaron los requerimientos a sus necesidades, pero en lo que respecta a La Cruz el objetivo era ver en qu\u00e9 est\u00e1 el servicio de transporte de Pocochay a Colmo- Manzanar, recibiendo la gran noticia por parte del seremi de Transportes que se implementar\u00e1 durante el mes de junio\u201d, coment\u00f3 el director de Seguridad P\u00fablica de La Cruz, Leopoldo Salazar, quien asisti\u00f3 a la reuni\u00f3n.<\/p>\n\n\n\n<p>\u201cEl trayecto ser\u00eda muy similar al que ya realizamos para trasladar a los escolares por solicitud de la alcaldesa y al recorrido que exist\u00eda antes, es decir, desde el centro de Quillota en la plaza Los Ceibos llegando a Pedro Aguirre Cerda con direcci\u00f3n a Pocochay hasta el sector de la Virgen\u201d, especific\u00f3 Salazar.<\/p>\n\n\n\n<p>Frente a esto, la alcaldesa Filomena Navia dijo que \u201cesto era algo que ven\u00edamos esperando desde hace bastante tiempo y que es relevante, porque nosotros somos una comuna que en gran parte pertenece al mundo de la ruralidad. Ahora, que exista un subsidio que se refleje en tarifa liberada para las personas mayores es todav\u00eda m\u00e1s positivo y nos alienta a seguir trabajando en conjunto con la seremi de Transportes para concretar otros importantes proyectos que tenemos\u201d.<\/p>\n\n\n\n<p>De hecho, la alcaldesa Navia Hevia ha sido una pieza importante en las mesas de transporte que ha coordinado la Delegaci\u00f3n Presidencial Provincial de Quillota para generar una ruta intercomunal que sea capaz de conectar a todas las ciudades de la provincia, tal como ocurre en Valpara\u00edso con Quilpu\u00e9 o Villa Alemana. \u201cSe busca un servicio que pueda ser subsidiado y que se pueda licitar en el corto plazo un estudio de conectividad entre las comunas, es decir, un plan maestro\u201d, cont\u00f3 la autoridad crucina.<\/p>\n\n\n\n<p>\u201cSeguiremos trabajando para generar nuevos recorridos dentro de la comuna, pensando en el transporte rural y urbano de manera equilibrada\u201d, agreg\u00f3 la alcaldesa, junto con agregar que \u201cla seremi de Transportes nos ha ofrecido su asesor\u00eda t\u00e9cnica para analizar posibles nuevas rutas y realizaremos un trabajo conjunto, es as\u00ed que estamos apoyando la idea de contar con un recorrido por avenida Santa Cruz, dado el alto n\u00famero de personas que transitan por dicha v\u00eda local \u201d.<\/p>\n\n\n\n<p>Si bien estos temas tienen relaci\u00f3n a aspectos operativos, tambi\u00e9n se analizaron posibilidades de generar una nueva infraestructura, para lo cual existen fondos del Gobierno que pueden ser utilizados.<br>\u201cNosotros planteamos que a nivel interprovincial existe la percepci\u00f3n de inseguridad entre las personas al esperar el transporte p\u00fablico\u201d, se\u00f1al\u00f3 el director de Seguridad P\u00fablica. \u201cHemos tenido reuniones con las comunidades y efectivamente la gente dice que hoy prefieren utilizar el transporte privado, ya que hay poca iluminaci\u00f3n, los paraderos no son seguros y no permiten refugiarse a las personas frente a algunas situaciones climatol\u00f3gicas\u201d, apunt\u00f3 Salazar.<\/p>\n\n\n\n<p>Es por eso que la meta en La Cruz ser\u00e1 poder generar nuevos paraderos, a lo que el seremi de Transporte record\u00f3 que existe un 20 por ciento de los Fondos Espejo que est\u00e1n destinados a financiar y concretar este tipo de iniciativas, las que tambi\u00e9n podr\u00e1n contar con la asesor\u00eda t\u00e9cnica de la seremi y de la propia Secplan municipal.<\/p>\n\n\n\n<p>En este trabajo conjunto, Salazar tambi\u00e9n inform\u00f3 que se plantea realizar una fiscalizaci\u00f3n m\u00e1s rigurosa a los recorridos. \u201cPusimos a disposici\u00f3n nuestros inspectores municipales para que reciban una capacitaci\u00f3n y puedan realizar una fiscalizaci\u00f3n conjunta del transporte p\u00fablico para ver que los recorridos terminen efectivamente donde lo indican sus carteles o que las condiciones de seguridad de las micros se cumplan, evitando de paso que existan las denominadas \u00b4micros piratas\u00b4\u201d, concluy\u00f3 el director de Seguridad P\u00fablica.<\/p>\n\n\n\n<p><\/p>\n","protected":false},"excerpt":{"rendered":"<p>As\u00ed lo coment\u00f3 el seremi de Transporte en la \u00faltima mesa de transportes, cumpliendo con la solicitud que hab\u00eda realizado en municipio de La Cruz Despu\u00e9s de varios meses de espera, en La Cruz recibieron una muy buena noticia. Y es que tras la reuni\u00f3n de coordinaci\u00f3n que se realiz\u00f3 el viernes pasado en la [&hellip;]<\/p>\n","protected":false},"author":6,"featured_media":7408,"comment_status":"closed","ping_status":"","sticky":false,"template":"","format":"standard","meta":{"site-sidebar-layout":"default","site-content-layout":"","ast-site-content-layout":"default","site-content-style":"default","site-sidebar-style":"default","ast-global-header-display":"","ast-banner-title-visibility":"","ast-main-header-display":"","ast-hfb-above-header-display":"","ast-hfb-below-header-display":"","ast-hfb-mobile-header-display":"","site-post-title":"","ast-breadcrumbs-content":"","ast-featured-img":"","footer-sml-layout":"","ast-disable-related-posts":"","theme-transparent-header-meta":"","adv-header-id-meta":"","stick-header-meta":"","header-above-stick-meta":"","header-main-stick-meta":"","header-below-stick-meta":"","astra-migrate-meta-layouts":"default","ast-page-background-enabled":"default","ast-page-background-meta":{"desktop":{"background-color":"var(--ast-global-color-4)","background-image":"","background-repeat":"repeat","background-position":"center center","background-size":"auto","background-attachment":"scroll","background-type":"","background-media":"","overlay-type":"","overlay-color":"","overlay-opacity":"","overlay-gradient":""},"tablet":{"background-color":"","background-image":"","background-repeat":"repeat","background-position":"center center","background-size":"auto","background-attachment":"scroll","background-type":"","background-media":"","overlay-type":"","overlay-color":"","overlay-opacity":"","overlay-gradient":""},"mobile":{"background-color":"","background-image":"","background-repeat":"repeat","background-position":"center center","background-size":"auto","background-attachment":"scroll","background-type":"","background-media":"","overlay-type":"","overlay-color":"","overlay-opacity":"","overlay-gradient":""}},"ast-content-background-meta":{"desktop":{"background-color":"var(--ast-global-color-5)","background-image":"","background-repeat":"repeat","background-position":"center center","background-size":"auto","background-attachment":"scroll","background-type":"","background-media":"","overlay-type":"","overlay-color":"","overlay-opacity":"","overlay-gradient":""},"tablet":{"background-color":"var(--ast-global-color-5)","background-image":"","background-repeat":"repeat","background-position":"center center","background-size":"auto","background-attachment":"scroll","background-type":"","background-media":"","overlay-type":"","overlay-color":"","overlay-opacity":"","overlay-gradient":""},"mobile":{"background-color":"var(--ast-global-color-5)","background-image":"","background-repeat":"repeat","background-position":"center center","background-size":"auto","background-attachment":"scroll","background-type":"","background-media":"","overlay-type":"","overlay-color":"","overlay-opacity":"","overlay-gradient":""}},"footnotes":""},"categories":[1,25],"tags":[],"class_list":["post-7407","post","type-post","status-publish","format-standard","has-post-thumbnail","hentry","category-noticias","category-transporte"],"_links":{"self":[{"href":"https:\/\/lacruz.cl\/a94a8fe5\/wp-json\/wp\/v2\/posts\/7407","targetHints":{"allow":["GET"]}}],"collection":[{"href":"https:\/\/lacruz.cl\/a94a8fe5\/wp-json\/wp\/v2\/posts"}],"about":[{"href":"https:\/\/lacruz.cl\/a94a8fe5\/wp-json\/wp\/v2\/types\/post"}],"author":[{"embeddable":true,"href":"https:\/\/lacruz.cl\/a94a8fe5\/wp-json\/wp\/v2\/users\/6"}],"replies":[{"embeddable":true,"href":"https:\/\/lacruz.cl\/a94a8fe5\/wp-json\/wp\/v2\/comments?post=7407"}],"version-history":[{"count":1,"href":"https:\/\/lacruz.cl\/a94a8fe5\/wp-json\/wp\/v2\/posts\/7407\/revisions"}],"predecessor-version":[{"id":7409,"href":"https:\/\/lacruz.cl\/a94a8fe5\/wp-json\/wp\/v2\/posts\/7407\/revisions\/7409"}],"wp:featuredmedia":[{"embeddable":true,"href":"https:\/\/lacruz.cl\/a94a8fe5\/wp-json\/wp\/v2\/media\/7408"}],"wp:attachment":[{"href":"https:\/\/lacruz.cl\/a94a8fe5\/wp-json\/wp\/v2\/media?parent=7407"}],"wp:term":[{"taxonomy":"category","embeddable":true,"href":"https:\/\/lacruz.cl\/a94a8fe5\/wp-json\/wp\/v2\/categories?post=7407"},{"taxonomy":"post_tag","embeddable":true,"href":"https:\/\/lacruz.cl\/a94a8fe5\/wp-json\/wp\/v2\/tags?post=7407"}],"curies":[{"name":"wp","href":"https:\/\/api.w.org\/{rel}","templated":true}]}}