{"id":7385,"date":"2023-05-22T12:41:36","date_gmt":"2023-05-22T16:41:36","guid":{"rendered":"https:\/\/lacruz.cl\/?p=7385"},"modified":"2023-05-22T13:26:39","modified_gmt":"2023-05-22T17:26:39","slug":"funcionarios-de-la-cruz-participan-en-jornada-de-sensibilizacion-para-implementar-la-universalidad-en-la-atencion-primaria-de-salud","status":"publish","type":"post","link":"https:\/\/lacruz.cl\/a94a8fe5\/noticias\/funcionarios-de-la-cruz-participan-en-jornada-de-sensibilizacion-para-implementar-la-universalidad-en-la-atencion-primaria-de-salud\/","title":{"rendered":"Funcionarios de La Cruz participan en jornada de sensibilizaci\u00f3n para implementar la Universalidad en la Atenci\u00f3n Primaria de Salud"},"content":{"rendered":"\n<p>En un esfuerzo por mejorar la calidad de la atenci\u00f3n primaria de salud en la comuna de La Cruz, el equipo de salud municipal, junto con representantes del Servicio de Salud Vi\u00f1a del Mar-Quillota, llevaron a cabo dos jornadas de participaci\u00f3n con los funcionarios del consultorio municipal. El objetivo de estas jornadas fue sensibilizar a los trabajadores sobre la estrategia de Universalidad en la atenci\u00f3n primaria y brindarles una mejor comprensi\u00f3n de los beneficios de este plan piloto.<\/p>\n\n\n\n<p>La iniciativa comenz\u00f3 con una reuni\u00f3n con los dirigentes regionales de la Confederaci\u00f3n Nacional de Funcionarios de la Salud Municipal (Confusam), donde se present\u00f3 una detallada exposici\u00f3n sobre la estrategia de Universalidad y se abordaron los aspectos clave del proyecto.<\/p>\n\n\n\n<p>Diego Ram\u00edrez Evans, Director de Salud de La Cruz, relat\u00f3 los requerimientos de los funcionarios gremiales y explica que tuvieron \u201cmuy buena acogida, tambi\u00e9n cr\u00edticas constructivas a nuestra estrategia donde se nos solicita una mayor presencia de los trabajadores dentro del proceso, nosotros la hemos acogido y vamos a trabajar en conjunto con ellos en una mesa mensual, con la Confusam regional para ir mirando los procesos de implementaci\u00f3n de la estrategia de Universalidad en la comuna que busca llevar salud a las vecinas y vecinos de toda la comuna, pero tambi\u00e9n mejorar las condiciones de trabajo para los funcionarios\u201d.<\/p>\n\n\n\n<p>Durante las jornadas, se cont\u00f3 con la participaci\u00f3n de funcionarios y referentes del \u00e1mbito de la salud. Mar\u00eda Teresa Maldonado, administrativa Perc\u00e1pita, manifest\u00f3 su entusiasmo por esta nueva reforma en salud, destacando su positividad y la importancia de comprender plenamente su alcance. \u00abCreo que todav\u00eda no le hemos tomado el peso de lo que significa, pero somos pioneros. Este es el punto de partida para un tremendo proyecto en salud, y esta instancia sirve para resolver nuestras dudas. La mirada es diferente porque de alguna manera se humaniza todo\u00bb, expres\u00f3.<\/p>\n\n\n\n<p>Carolina Vilches Guerra, referente de la estrategia de la Universalizaci\u00f3n de la Atenci\u00f3n Primaria de la Seremi de Salud Valpara\u00edso, resalt\u00f3 la relevancia de trabajar en conjunto con los equipos que elaboran la estrategia en la comuna de La Cruz. \u00abHoy estamos presentando la estrategia a una de las comunidades m\u00e1s importantes que tiene que ver con las trabajadoras y trabajadores de la salud, quienes son los que hacen salud en el territorio. Por lo tanto, es sumamente importante poder socializar y trabajar con todos ellos, porque la salud la hacemos entre todas y todos\u00bb, enfatiz\u00f3.<\/p>\n\n\n\n<p>Vilma Olave, Directora de la Red de Atenci\u00f3n Primaria de Salud, valor\u00f3 estas jornadas como un valioso aporte para el departamento de salud, ya que permiten escuchar las inquietudes y temores de los trabajadores, abordar de manera pr\u00e1ctica los problemas que surgen durante la implementaci\u00f3n de la Universalidad y fortalecer la comunicaci\u00f3n entre los diferentes actores involucrados.<\/p>\n\n\n\n<p>Esta iniciativa tambi\u00e9n recibi\u00f3 el reconocimiento de representantes del Servicio de Salud Vi\u00f1a del Mar-Quillota. \u00abEs un tremendo aporte para nosotros como Servicio de Salud, porque nos permite saber c\u00f3mo mejorar el proceso y retroalimentar a la comisi\u00f3n de reforma y al Ministerio de Salud. Ser piloto implica ser el primero en implementar algo, y esto no tiene vuelta atr\u00e1s. Es decir, La Cruz va a tener APS Universal y eso se mantendr\u00e1 en el tiempo. Lo importante es que cada proceso y mejora que se generen aqu\u00ed podr\u00e1n ser transmitidos al resto del pa\u00eds para que otras comunas tambi\u00e9n se sumen a la APS Universal\u00bb.<\/p>\n","protected":false},"excerpt":{"rendered":"<p>En un esfuerzo por mejorar la calidad de la atenci\u00f3n primaria de salud en la comuna de La Cruz, el equipo de salud municipal, junto con representantes del Servicio de Salud Vi\u00f1a del Mar-Quillota, llevaron a cabo dos jornadas de participaci\u00f3n con los funcionarios del consultorio municipal. El objetivo de estas jornadas fue sensibilizar a [&hellip;]<\/p>\n","protected":false},"author":6,"featured_media":7386,"comment_status":"closed","ping_status":"","sticky":false,"template":"","format":"standard","meta":{"site-sidebar-layout":"default","site-content-layout":"","ast-site-content-layout":"default","site-content-style":"default","site-sidebar-style":"default","ast-global-header-display":"","ast-banner-title-visibility":"","ast-main-header-display":"","ast-hfb-above-header-display":"","ast-hfb-below-header-display":"","ast-hfb-mobile-header-display":"","site-post-title":"","ast-breadcrumbs-content":"","ast-featured-img":"","footer-sml-layout":"","ast-disable-related-posts":"","theme-transparent-header-meta":"","adv-header-id-meta":"","stick-header-meta":"","header-above-stick-meta":"","header-main-stick-meta":"","header-below-stick-meta":"","astra-migrate-meta-layouts":"default","ast-page-background-enabled":"default","ast-page-background-meta":{"desktop":{"background-color":"var(--ast-global-color-4)","background-image":"","background-repeat":"repeat","background-position":"center center","background-size":"auto","background-attachment":"scroll","background-type":"","background-media":"","overlay-type":"","overlay-color":"","overlay-opacity":"","overlay-gradient":""},"tablet":{"background-color":"","background-image":"","background-repeat":"repeat","background-position":"center center","background-size":"auto","background-attachment":"scroll","background-type":"","background-media":"","overlay-type":"","overlay-color":"","overlay-opacity":"","overlay-gradient":""},"mobile":{"background-color":"","background-image":"","background-repeat":"repeat","background-position":"center center","background-size":"auto","background-attachment":"scroll","background-type":"","background-media":"","overlay-type":"","overlay-color":"","overlay-opacity":"","overlay-gradient":""}},"ast-content-background-meta":{"desktop":{"background-color":"var(--ast-global-color-5)","background-image":"","background-repeat":"repeat","background-position":"center center","background-size":"auto","background-attachment":"scroll","background-type":"","background-media":"","overlay-type":"","overlay-color":"","overlay-opacity":"","overlay-gradient":""},"tablet":{"background-color":"var(--ast-global-color-5)","background-image":"","background-repeat":"repeat","background-position":"center center","background-size":"auto","background-attachment":"scroll","background-type":"","background-media":"","overlay-type":"","overlay-color":"","overlay-opacity":"","overlay-gradient":""},"mobile":{"background-color":"var(--ast-global-color-5)","background-image":"","background-repeat":"repeat","background-position":"center center","background-size":"auto","background-attachment":"scroll","background-type":"","background-media":"","overlay-type":"","overlay-color":"","overlay-opacity":"","overlay-gradient":""}},"footnotes":""},"categories":[1,23],"tags":[],"class_list":["post-7385","post","type-post","status-publish","format-standard","has-post-thumbnail","hentry","category-noticias","category-salud"],"_links":{"self":[{"href":"https:\/\/lacruz.cl\/a94a8fe5\/wp-json\/wp\/v2\/posts\/7385","targetHints":{"allow":["GET"]}}],"collection":[{"href":"https:\/\/lacruz.cl\/a94a8fe5\/wp-json\/wp\/v2\/posts"}],"about":[{"href":"https:\/\/lacruz.cl\/a94a8fe5\/wp-json\/wp\/v2\/types\/post"}],"author":[{"embeddable":true,"href":"https:\/\/lacruz.cl\/a94a8fe5\/wp-json\/wp\/v2\/users\/6"}],"replies":[{"embeddable":true,"href":"https:\/\/lacruz.cl\/a94a8fe5\/wp-json\/wp\/v2\/comments?post=7385"}],"version-history":[{"count":1,"href":"https:\/\/lacruz.cl\/a94a8fe5\/wp-json\/wp\/v2\/posts\/7385\/revisions"}],"predecessor-version":[{"id":7387,"href":"https:\/\/lacruz.cl\/a94a8fe5\/wp-json\/wp\/v2\/posts\/7385\/revisions\/7387"}],"wp:featuredmedia":[{"embeddable":true,"href":"https:\/\/lacruz.cl\/a94a8fe5\/wp-json\/wp\/v2\/media\/7386"}],"wp:attachment":[{"href":"https:\/\/lacruz.cl\/a94a8fe5\/wp-json\/wp\/v2\/media?parent=7385"}],"wp:term":[{"taxonomy":"category","embeddable":true,"href":"https:\/\/lacruz.cl\/a94a8fe5\/wp-json\/wp\/v2\/categories?post=7385"},{"taxonomy":"post_tag","embeddable":true,"href":"https:\/\/lacruz.cl\/a94a8fe5\/wp-json\/wp\/v2\/tags?post=7385"}],"curies":[{"name":"wp","href":"https:\/\/api.w.org\/{rel}","templated":true}]}}