{"id":7349,"date":"2023-05-11T09:58:06","date_gmt":"2023-05-11T13:58:06","guid":{"rendered":"https:\/\/lacruz.cl\/?p=7349"},"modified":"2023-05-11T09:58:06","modified_gmt":"2023-05-11T13:58:06","slug":"inauguran-oficina-local-de-la-ninez-en-la-cruz","status":"publish","type":"post","link":"https:\/\/lacruz.cl\/a94a8fe5\/noticias\/inauguran-oficina-local-de-la-ninez-en-la-cruz\/","title":{"rendered":"Inauguran Oficina Local de la Ni\u00f1ez en La Cruz"},"content":{"rendered":"\n<p><em>El lanzamientio regional de estos dispositivos se realiz\u00f3 con la presencia de la alcaldesa Filomena Navia, la seremi de Desarrollo Social y el Delegado Presidencial Provincial de Quillota<\/em><\/p>\n\n\n\n<p>Con la participaci\u00f3n de ni\u00f1os, ni\u00f1as y j\u00f3venes pertenecientes a los cinco establecimientos educacionales municipales, esta ma\u00f1ana se realiz\u00f3 en la comuna de La Cruz el lanzamiento oficial de la Oficina Local de la Ni\u00f1ez, que busca promover y cuidar los derechos de las infancias. En esta importante instancia adem\u00e1s se sum\u00f3 la alcaldesa Filomena Navia Hevia, la seremi de Desarrollo Social y Familia, Claudia Espinoza Carrami\u00f1ana, el seremi de Bienes Nacionales, Tom\u00e1s Kovacic y el Delegado Presidencial Provincial de Quillota, Jos\u00e9 Orrego Ram\u00edrez.<\/p>\n\n\n\n<p>\u201cHemos escogido a la comuna de La Cruz para hacer un hito relevante a nivel regional, porque ya tenemos nueve Oficinas Locales de Ni\u00f1ez en la Regi\u00f3n. Antes cont\u00e1bamos con s\u00f3lo una de manera piloto en Vi\u00f1a del Mar, pero ahora tambi\u00e9n se va a convertir en oficina dentro de nuestro sistema de garant\u00edas\u201d, cont\u00f3 la seremi Claudia Espinoza.<\/p>\n\n\n\n<p>La autoridad regional dijo que La Cruz cumpl\u00eda con varias condiciones, como su disposici\u00f3n municipal a promoverse como garante de derechos. \u201cTuvimos una ceremonia pensada para los ni\u00f1os y ni\u00f1as, con participaci\u00f3n activa y en donde los adultos nos comprometemos a respetar, promover y respetar sus derechos\u201d, a\u00f1adi\u00f3 la secretaria regional ministerial, \u201clas autoridades de ac\u00e1 han hecho uso de un hablar en lenguaje claro, con perspectiva inclusiva y establecer una relaci\u00f3n distinta con los ni\u00f1os, ni\u00f1as y adolescentes, promoviendo espacios de buen trato y de cohesi\u00f3n social, para cada uno de los territorios\u201d.<\/p>\n\n\n\n<p>La alcaldesa crucina, Filomena Navia Hevia, asegur\u00f3 que \u201choy la comuna de La Cruz est\u00e1 feliz, porque nos estamos haciendo responsables de un segmento de la poblaci\u00f3n que est\u00e1 representado por las infancias. Muchas veces a los adultos nos cuesta reconocer que estas personas (ni\u00f1os, ni\u00f1as y j\u00f3venes) necesitan sentirse escuchadas. Ellos nos tienen que guiar y exigir que nosotros seamos capaces de asegurar sus derechos, como la participaci\u00f3n en diferentes \u00e1mbitos\u201d.<\/p>\n\n\n\n<p>\u201cNos sentimos tremendamente felices y con esperanza\u201d, prosigue Navia, \u201cporque lo que est\u00e1 surgiendo hoy ac\u00e1 va a venir a cambiar lo que se ha estado haciendo hasta el d\u00eda de hoy en material de garantizar derechos de las ni\u00f1as , ni\u00f1os y adolescentes en nuestra comuna y en la provincia de Quillota.<\/p>\n\n\n\n<p>Finalmente, el delegado presidencial, Jos\u00e9 Orrego, record\u00f3 que una de las exigencias que les ha hecho el Presidente Gavriel Boric, tiene que ver con la obligaci\u00f3n de darle a los ni\u00f1os, ni\u00f1as y adolescentes espacios de expresi\u00f3n para siempre sean respetados sus derechos.<\/p>\n\n\n\n<p>\u201cEsto es muy importante, porque hay que recordar que en nuestro Gobierno se public\u00f3 la Ley que garantiza los derechos de la ni\u00f1ez y adolescencia. Y a un a\u00f1o de la publicaci\u00f3n de esta Ley podemos decir que ya tenemos en La Cruz una Oficina Local de la Ni\u00f1ez, lo que nos va a permitir prevenir, promover y apoyar su participaci\u00f3n ciudadana\u201d, apunt\u00f3.<\/p>\n\n\n\n<p>Orrego agreg\u00f3 sobre el lanzamiento de hoy que \u201cac\u00e1 entre los ni\u00f1os hab\u00edan muchos dirigentes de Centros de Alumnos y yo les record\u00e9 que as\u00ed parti\u00f3 el Presidente de la Rep\u00fablica, Gabriel Boric, por lo que es importante que todos los ni\u00f1os y ni\u00f1as sepan que se pueden desarrollar y que tienen derechos que pueden ejercer en todo momento. Para eso, est\u00e1n todas las instituciones trabajando intersectorialmente para poder garantizarlos\u201d.<\/p>\n","protected":false},"excerpt":{"rendered":"<p>El lanzamientio regional de estos dispositivos se realiz\u00f3 con la presencia de la alcaldesa Filomena Navia, la seremi de Desarrollo Social y el Delegado Presidencial Provincial de Quillota Con la participaci\u00f3n de ni\u00f1os, ni\u00f1as y j\u00f3venes pertenecientes a los cinco establecimientos educacionales municipales, esta ma\u00f1ana se realiz\u00f3 en la comuna de La Cruz el lanzamiento [&hellip;]<\/p>\n","protected":false},"author":6,"featured_media":7350,"comment_status":"closed","ping_status":"","sticky":false,"template":"","format":"standard","meta":{"site-sidebar-layout":"default","site-content-layout":"","ast-site-content-layout":"default","site-content-style":"default","site-sidebar-style":"default","ast-global-header-display":"","ast-banner-title-visibility":"","ast-main-header-display":"","ast-hfb-above-header-display":"","ast-hfb-below-header-display":"","ast-hfb-mobile-header-display":"","site-post-title":"","ast-breadcrumbs-content":"","ast-featured-img":"","footer-sml-layout":"","ast-disable-related-posts":"","theme-transparent-header-meta":"","adv-header-id-meta":"","stick-header-meta":"","header-above-stick-meta":"","header-main-stick-meta":"","header-below-stick-meta":"","astra-migrate-meta-layouts":"default","ast-page-background-enabled":"default","ast-page-background-meta":{"desktop":{"background-color":"var(--ast-global-color-4)","background-image":"","background-repeat":"repeat","background-position":"center center","background-size":"auto","background-attachment":"scroll","background-type":"","background-media":"","overlay-type":"","overlay-color":"","overlay-opacity":"","overlay-gradient":""},"tablet":{"background-color":"","background-image":"","background-repeat":"repeat","background-position":"center center","background-size":"auto","background-attachment":"scroll","background-type":"","background-media":"","overlay-type":"","overlay-color":"","overlay-opacity":"","overlay-gradient":""},"mobile":{"background-color":"","background-image":"","background-repeat":"repeat","background-position":"center center","background-size":"auto","background-attachment":"scroll","background-type":"","background-media":"","overlay-type":"","overlay-color":"","overlay-opacity":"","overlay-gradient":""}},"ast-content-background-meta":{"desktop":{"background-color":"var(--ast-global-color-5)","background-image":"","background-repeat":"repeat","background-position":"center center","background-size":"auto","background-attachment":"scroll","background-type":"","background-media":"","overlay-type":"","overlay-color":"","overlay-opacity":"","overlay-gradient":""},"tablet":{"background-color":"var(--ast-global-color-5)","background-image":"","background-repeat":"repeat","background-position":"center center","background-size":"auto","background-attachment":"scroll","background-type":"","background-media":"","overlay-type":"","overlay-color":"","overlay-opacity":"","overlay-gradient":""},"mobile":{"background-color":"var(--ast-global-color-5)","background-image":"","background-repeat":"repeat","background-position":"center center","background-size":"auto","background-attachment":"scroll","background-type":"","background-media":"","overlay-type":"","overlay-color":"","overlay-opacity":"","overlay-gradient":""}},"footnotes":""},"categories":[16,1,24],"tags":[],"class_list":["post-7349","post","type-post","status-publish","format-standard","has-post-thumbnail","hentry","category-dideco","category-noticias","category-oficina-local-de-la-ninez"],"_links":{"self":[{"href":"https:\/\/lacruz.cl\/a94a8fe5\/wp-json\/wp\/v2\/posts\/7349","targetHints":{"allow":["GET"]}}],"collection":[{"href":"https:\/\/lacruz.cl\/a94a8fe5\/wp-json\/wp\/v2\/posts"}],"about":[{"href":"https:\/\/lacruz.cl\/a94a8fe5\/wp-json\/wp\/v2\/types\/post"}],"author":[{"embeddable":true,"href":"https:\/\/lacruz.cl\/a94a8fe5\/wp-json\/wp\/v2\/users\/6"}],"replies":[{"embeddable":true,"href":"https:\/\/lacruz.cl\/a94a8fe5\/wp-json\/wp\/v2\/comments?post=7349"}],"version-history":[{"count":1,"href":"https:\/\/lacruz.cl\/a94a8fe5\/wp-json\/wp\/v2\/posts\/7349\/revisions"}],"predecessor-version":[{"id":7351,"href":"https:\/\/lacruz.cl\/a94a8fe5\/wp-json\/wp\/v2\/posts\/7349\/revisions\/7351"}],"wp:featuredmedia":[{"embeddable":true,"href":"https:\/\/lacruz.cl\/a94a8fe5\/wp-json\/wp\/v2\/media\/7350"}],"wp:attachment":[{"href":"https:\/\/lacruz.cl\/a94a8fe5\/wp-json\/wp\/v2\/media?parent=7349"}],"wp:term":[{"taxonomy":"category","embeddable":true,"href":"https:\/\/lacruz.cl\/a94a8fe5\/wp-json\/wp\/v2\/categories?post=7349"},{"taxonomy":"post_tag","embeddable":true,"href":"https:\/\/lacruz.cl\/a94a8fe5\/wp-json\/wp\/v2\/tags?post=7349"}],"curies":[{"name":"wp","href":"https:\/\/api.w.org\/{rel}","templated":true}]}}