{"id":7303,"date":"2023-04-27T10:16:38","date_gmt":"2023-04-27T14:16:38","guid":{"rendered":"https:\/\/lacruz.cl\/?p=7303"},"modified":"2023-04-27T10:16:38","modified_gmt":"2023-04-27T14:16:38","slug":"programa-de-salud-oral-junaeb-visita-a-diario-los-colegios-municipales-de-la-cruz","status":"publish","type":"post","link":"https:\/\/lacruz.cl\/a94a8fe5\/noticias\/programa-de-salud-oral-junaeb-visita-a-diario-los-colegios-municipales-de-la-cruz\/","title":{"rendered":"Programa de Salud Oral Junaeb: Visita a diario los colegios municipales de La Cruz"},"content":{"rendered":"\n<p><em>Son 5 establecimientos de la comuna que est\u00e1n adscritos a este M\u00f3dulo Dental y beneficia a estudiantes de Pre-kinder hasta 8\u00b0 b\u00e1sico<\/em><\/p>\n\n\n\n<p><strong>Programa de Salud Oral Junaeb: Visita a diario los colegios municipales de La Cruz<\/strong><\/p>\n\n\n\n<p>Son 5 establecimientos de la comuna que est\u00e1n adscritos a este M\u00f3dulo Dental y beneficia a estudiantes de Pre-kinder hasta 8\u00b0 b\u00e1sico<\/p>\n\n\n\n<p>Las profesionales del programa que pertenecen al Consultorio Municipal de La Cruz, intervienen en alumnos de edad temprana, dando \u00e9nfasis a la promoci\u00f3n y prevenci\u00f3n en salud bucal y otorgando un tratamiento integral (cl\u00ednico-educativo-preventivo), lo cual produce una importante disminuci\u00f3n del da\u00f1o bucal en los ni\u00f1os atendidos.<\/p>\n\n\n\n<p>La Dentista encargada del M\u00f3dulo Dental, Ailyn Olivares, nos comenta\u00a0 \u201catendemos alumnos de Pre-Kinder a 8\u00b0 b\u00e1sico y es Universal, no importa en que consultorio se encuentre inscrito el estudiante o si pertenece a otra comuna, se le asigna este beneficio solo por el hecho de pertenecer a un colegio municipal\u201d<\/p>\n\n\n\n<p>\u201cEste a\u00f1o partimos en marzo en el Colegio Pocochay y estuvimos 1 mes, nos cambiamos al segundo colegio en Lo Rojas, nos vamos moviendo todo el a\u00f1o en distintas dependencias\u201d agreg\u00f3 la Dra. Ailyn Olivares. Tambi\u00e9n realizan intervenciones dentales seg\u00fan lo requiera el alumno en el consultorio los d\u00edas viernes durante la tarde.<\/p>\n\n\n\n<figure class=\"wp-block-image size-full is-resized\"><img loading=\"lazy\" decoding=\"async\" src=\"https:\/\/lacruz.cl\/a94a8fe5\/wp-content\/uploads\/2023\/04\/WhatsApp-Image-2023-04-27-at-10.04.58-1-2.jpeg\" alt=\"\" class=\"wp-image-7314\" width=\"314\" height=\"419\" srcset=\"https:\/\/lacruz.cl\/a94a8fe5\/wp-content\/uploads\/2023\/04\/WhatsApp-Image-2023-04-27-at-10.04.58-1-2.jpeg 768w, https:\/\/lacruz.cl\/a94a8fe5\/wp-content\/uploads\/2023\/04\/WhatsApp-Image-2023-04-27-at-10.04.58-1-2-225x300.jpeg 225w\" sizes=\"auto, (max-width: 314px) 100vw, 314px\" \/><\/figure>\n\n\n\n<p>\u201cTenemos un dental m\u00f3vil donde nos trasladamos por cada uno de estos colegios y yo pido autorizaci\u00f3n a la direcci\u00f3n, me dan tiempo en alguna asignatura para realizar la educaci\u00f3n de los ni\u00f1os y el objetivo fundamental es que los alumnos vayan recuperando la salud dental, tengan conocimiento y lo puedan compartir con sus pares\u201d nos explica la Educadora Dental Fanny Vergara.<\/p>\n\n\n\n<p>El director del departamento de Salud, Diego Ram\u00edrez, a\u00f1ade \u201cEl programa en salud oral que hemos gestionado en conjunto a Junaeb, permite la articulaci\u00f3n con el departamento de salud y con el departamento de educaci\u00f3n. Para que las ni\u00f1as y ni\u00f1os de la comuna que pertenezcan a las escuelas p\u00fablicas puedan tener sus controles de salud oral al d\u00eda y as\u00ed prevenir enfermedades dentales como las caries, en ese sentido ha sido una experiencia de fortalecimiento para el equipo, que ha sido galardonado con premios de buenas pr\u00e1cticas y es un servicio muy bien recibidos por los ni\u00f1os y apoderados\u201d<\/p>\n\n\n\n<figure class=\"wp-block-image size-full is-resized\"><img loading=\"lazy\" decoding=\"async\" src=\"https:\/\/lacruz.cl\/a94a8fe5\/wp-content\/uploads\/2023\/04\/WhatsApp-Image-2023-04-27-at-10.04.58-2-1.jpeg\" alt=\"\" class=\"wp-image-7316\" width=\"312\" height=\"416\" srcset=\"https:\/\/lacruz.cl\/a94a8fe5\/wp-content\/uploads\/2023\/04\/WhatsApp-Image-2023-04-27-at-10.04.58-2-1.jpeg 768w, https:\/\/lacruz.cl\/a94a8fe5\/wp-content\/uploads\/2023\/04\/WhatsApp-Image-2023-04-27-at-10.04.58-2-1-225x300.jpeg 225w\" sizes=\"auto, (max-width: 312px) 100vw, 312px\" \/><\/figure>\n","protected":false},"excerpt":{"rendered":"<p>Son 5 establecimientos de la comuna que est\u00e1n adscritos a este M\u00f3dulo Dental y beneficia a estudiantes de Pre-kinder hasta 8\u00b0 b\u00e1sico Programa de Salud Oral Junaeb: Visita a diario los colegios municipales de La Cruz Son 5 establecimientos de la comuna que est\u00e1n adscritos a este M\u00f3dulo Dental y beneficia a estudiantes de Pre-kinder [&hellip;]<\/p>\n","protected":false},"author":6,"featured_media":7311,"comment_status":"closed","ping_status":"","sticky":false,"template":"","format":"standard","meta":{"site-sidebar-layout":"default","site-content-layout":"","ast-site-content-layout":"default","site-content-style":"default","site-sidebar-style":"default","ast-global-header-display":"","ast-banner-title-visibility":"","ast-main-header-display":"","ast-hfb-above-header-display":"","ast-hfb-below-header-display":"","ast-hfb-mobile-header-display":"","site-post-title":"","ast-breadcrumbs-content":"","ast-featured-img":"","footer-sml-layout":"","ast-disable-related-posts":"","theme-transparent-header-meta":"","adv-header-id-meta":"","stick-header-meta":"","header-above-stick-meta":"","header-main-stick-meta":"","header-below-stick-meta":"","astra-migrate-meta-layouts":"default","ast-page-background-enabled":"default","ast-page-background-meta":{"desktop":{"background-color":"var(--ast-global-color-4)","background-image":"","background-repeat":"repeat","background-position":"center center","background-size":"auto","background-attachment":"scroll","background-type":"","background-media":"","overlay-type":"","overlay-color":"","overlay-opacity":"","overlay-gradient":""},"tablet":{"background-color":"","background-image":"","background-repeat":"repeat","background-position":"center center","background-size":"auto","background-attachment":"scroll","background-type":"","background-media":"","overlay-type":"","overlay-color":"","overlay-opacity":"","overlay-gradient":""},"mobile":{"background-color":"","background-image":"","background-repeat":"repeat","background-position":"center center","background-size":"auto","background-attachment":"scroll","background-type":"","background-media":"","overlay-type":"","overlay-color":"","overlay-opacity":"","overlay-gradient":""}},"ast-content-background-meta":{"desktop":{"background-color":"var(--ast-global-color-5)","background-image":"","background-repeat":"repeat","background-position":"center center","background-size":"auto","background-attachment":"scroll","background-type":"","background-media":"","overlay-type":"","overlay-color":"","overlay-opacity":"","overlay-gradient":""},"tablet":{"background-color":"var(--ast-global-color-5)","background-image":"","background-repeat":"repeat","background-position":"center center","background-size":"auto","background-attachment":"scroll","background-type":"","background-media":"","overlay-type":"","overlay-color":"","overlay-opacity":"","overlay-gradient":""},"mobile":{"background-color":"var(--ast-global-color-5)","background-image":"","background-repeat":"repeat","background-position":"center center","background-size":"auto","background-attachment":"scroll","background-type":"","background-media":"","overlay-type":"","overlay-color":"","overlay-opacity":"","overlay-gradient":""}},"footnotes":""},"categories":[1,23],"tags":[],"class_list":["post-7303","post","type-post","status-publish","format-standard","has-post-thumbnail","hentry","category-noticias","category-salud"],"_links":{"self":[{"href":"https:\/\/lacruz.cl\/a94a8fe5\/wp-json\/wp\/v2\/posts\/7303","targetHints":{"allow":["GET"]}}],"collection":[{"href":"https:\/\/lacruz.cl\/a94a8fe5\/wp-json\/wp\/v2\/posts"}],"about":[{"href":"https:\/\/lacruz.cl\/a94a8fe5\/wp-json\/wp\/v2\/types\/post"}],"author":[{"embeddable":true,"href":"https:\/\/lacruz.cl\/a94a8fe5\/wp-json\/wp\/v2\/users\/6"}],"replies":[{"embeddable":true,"href":"https:\/\/lacruz.cl\/a94a8fe5\/wp-json\/wp\/v2\/comments?post=7303"}],"version-history":[{"count":3,"href":"https:\/\/lacruz.cl\/a94a8fe5\/wp-json\/wp\/v2\/posts\/7303\/revisions"}],"predecessor-version":[{"id":7317,"href":"https:\/\/lacruz.cl\/a94a8fe5\/wp-json\/wp\/v2\/posts\/7303\/revisions\/7317"}],"wp:featuredmedia":[{"embeddable":true,"href":"https:\/\/lacruz.cl\/a94a8fe5\/wp-json\/wp\/v2\/media\/7311"}],"wp:attachment":[{"href":"https:\/\/lacruz.cl\/a94a8fe5\/wp-json\/wp\/v2\/media?parent=7303"}],"wp:term":[{"taxonomy":"category","embeddable":true,"href":"https:\/\/lacruz.cl\/a94a8fe5\/wp-json\/wp\/v2\/categories?post=7303"},{"taxonomy":"post_tag","embeddable":true,"href":"https:\/\/lacruz.cl\/a94a8fe5\/wp-json\/wp\/v2\/tags?post=7303"}],"curies":[{"name":"wp","href":"https:\/\/api.w.org\/{rel}","templated":true}]}}