{"id":6707,"date":"2023-01-10T11:57:01","date_gmt":"2023-01-10T14:57:01","guid":{"rendered":"https:\/\/lacruz.cl\/?p=6707"},"modified":"2023-01-10T11:57:01","modified_gmt":"2023-01-10T14:57:01","slug":"la-cruz-ya-cuenta-con-una-nueva-y-moderna-ambulancia","status":"publish","type":"post","link":"https:\/\/lacruz.cl\/a94a8fe5\/noticias\/la-cruz-ya-cuenta-con-una-nueva-y-moderna-ambulancia\/","title":{"rendered":"La Cruz ya cuenta con una nueva y moderna ambulancia"},"content":{"rendered":"\n<p><strong>Filomena Navia Hevia, alcaldesa de la comuna, agradeci\u00f3 el apoyo en su financiamiento al Gobierno Regional y de las gestiones internas enfocadas en responder necesidades concretas de la comunidad.<\/strong><\/p>\n\n\n\n<p>Gracias a la aprobaci\u00f3n del Concejo comunal y a las gestiones realizadas por la alcaldesa Filomena Navia Hevia con el Gobierno Regional, La Cruz ya cuenta con una nueva y moderna ambulancia que llegar\u00e1 a apoyar al departamento de salud municipal.<\/p>\n\n\n\n<p>\u201cLa llegada de esta nueva ambulancia responde a una necesidad que nos hab\u00eda hecho presente la comunidad de La Cruz, relacionada con poder contar con veh\u00edculo moderno y con toda la implementaci\u00f3n que se requiere para poder asegurar un traslado de pacientes de pacientes de manera digna, asegurando que toda la atenci\u00f3n que se da en un veh\u00edculo de traslado pueda dar tranquilidad y toda la comodidad tanto para el paciente como a toda su familia\u201d, coment\u00f3 muy satisfecha la alcaldesa Filomena Navia.<\/p>\n\n\n\n<p>La edil destac\u00f3 adem\u00e1s todo el \u201ctremendo trabajo que ha realizado el presidente de la comisi\u00f3n de salud, Hern\u00e1n Anguita, quien est\u00e1 detr\u00e1s de todo esto junto al departamento de salud municipal, levantando estas necesidades y en coordinaci\u00f3n directa con la Secpla\u201d para concretar este tipo de proyectos que implican una gran cantidad de recursos.<\/p>\n\n\n\n<p>Por lo mismo, la alcaldesa Navia tambi\u00e9n valor\u00f3 la buena disposici\u00f3n del Gobierno Regional para financiar este tipo de implementaci\u00f3n que va en directo beneficio para miles de vecinos crucinos.<\/p>\n\n\n\n<p>\u201cEstamos muy felices, porque esto significa poder implementar un factor de modernidad a nuestra gesti\u00f3n y darle mayor dignidad a la salud de nuestros vecinas y vecinos de La Cruz\u201d, concluy\u00f3 la alcaldesa.<\/p>\n\n\n\n<p>Por su parte, el director de Salud de la Municipalidad de La Cruz, Diego Ram\u00edrez Evans, indic\u00f3 que esta gesti\u00f3n obedece a \u201cla reposici\u00f3n de una nueva ambulancia para reemplazar a una que estaba dada de baja, gracias al financiamiento del Gobierno Regional en su l\u00ednea de la circular 33, que nos permiti\u00f3 reponerla. Esta ambulancia cumple con todos los requerimientos de tecnolog\u00eda para el traslado de pacientes, porque viene con un equipamiento integrado de red de ox\u00edgeno para respiraci\u00f3n, aire acondicionado y calefacci\u00f3n, portasueros, equipo de monitoreo de signos vitales y reanimador autom\u00e1tico m\u00e1s conocido como DEA, lo que nos va a permitir trasladar de manera m\u00e1s segura a nuestros pacientes\u201d.<\/p>\n\n\n\n<p>Ram\u00edrez agreg\u00f3 que esta ambulancia se va a sumar a la flota de veh\u00edculos que est\u00e1n disponibles en los consultorios durante los d\u00edas de semana desde lunes a viernes de 8 de la ma\u00f1ana a las 8 de la noche y en el turno de emergencia de llamado que tenemos como dispositivo de salud desde los viernes a las 20 horas a los lunes en la ma\u00f1ana, mediante un turno de conductor y tens que est\u00e1n pendientes de los requerimientos de urgencia junto a funcionarios municipales para ir en ayuda de los vecinos\u201d.<\/p>\n\n\n\n<figure class=\"wp-block-image size-large\"><img loading=\"lazy\" decoding=\"async\" width=\"1024\" height=\"768\" src=\"https:\/\/lacruz.cl\/a94a8fe5\/wp-content\/uploads\/2023\/01\/ambulacruz-1-1024x768.jpeg\" alt=\"\" class=\"wp-image-6709\" srcset=\"https:\/\/lacruz.cl\/a94a8fe5\/wp-content\/uploads\/2023\/01\/ambulacruz-1-1024x768.jpeg 1024w, https:\/\/lacruz.cl\/a94a8fe5\/wp-content\/uploads\/2023\/01\/ambulacruz-1-300x225.jpeg 300w, https:\/\/lacruz.cl\/a94a8fe5\/wp-content\/uploads\/2023\/01\/ambulacruz-1-768x576.jpeg 768w, https:\/\/lacruz.cl\/a94a8fe5\/wp-content\/uploads\/2023\/01\/ambulacruz-1-1536x1152.jpeg 1536w, https:\/\/lacruz.cl\/a94a8fe5\/wp-content\/uploads\/2023\/01\/ambulacruz-1.jpeg 1600w\" sizes=\"auto, (max-width: 1024px) 100vw, 1024px\" \/><\/figure>\n","protected":false},"excerpt":{"rendered":"<p>Filomena Navia Hevia, alcaldesa de la comuna, agradeci\u00f3 el apoyo en su financiamiento al Gobierno Regional y de las gestiones internas enfocadas en responder necesidades concretas de la comunidad. Gracias a la aprobaci\u00f3n del Concejo comunal y a las gestiones realizadas por la alcaldesa Filomena Navia Hevia con el Gobierno Regional, La Cruz ya cuenta [&hellip;]<\/p>\n","protected":false},"author":6,"featured_media":6708,"comment_status":"closed","ping_status":"","sticky":false,"template":"","format":"standard","meta":{"site-sidebar-layout":"default","site-content-layout":"","ast-site-content-layout":"default","site-content-style":"default","site-sidebar-style":"default","ast-global-header-display":"","ast-banner-title-visibility":"","ast-main-header-display":"","ast-hfb-above-header-display":"","ast-hfb-below-header-display":"","ast-hfb-mobile-header-display":"","site-post-title":"","ast-breadcrumbs-content":"","ast-featured-img":"","footer-sml-layout":"","ast-disable-related-posts":"","theme-transparent-header-meta":"","adv-header-id-meta":"","stick-header-meta":"","header-above-stick-meta":"","header-main-stick-meta":"","header-below-stick-meta":"","astra-migrate-meta-layouts":"default","ast-page-background-enabled":"default","ast-page-background-meta":{"desktop":{"background-color":"var(--ast-global-color-4)","background-image":"","background-repeat":"repeat","background-position":"center center","background-size":"auto","background-attachment":"scroll","background-type":"","background-media":"","overlay-type":"","overlay-color":"","overlay-opacity":"","overlay-gradient":""},"tablet":{"background-color":"","background-image":"","background-repeat":"repeat","background-position":"center center","background-size":"auto","background-attachment":"scroll","background-type":"","background-media":"","overlay-type":"","overlay-color":"","overlay-opacity":"","overlay-gradient":""},"mobile":{"background-color":"","background-image":"","background-repeat":"repeat","background-position":"center center","background-size":"auto","background-attachment":"scroll","background-type":"","background-media":"","overlay-type":"","overlay-color":"","overlay-opacity":"","overlay-gradient":""}},"ast-content-background-meta":{"desktop":{"background-color":"var(--ast-global-color-5)","background-image":"","background-repeat":"repeat","background-position":"center center","background-size":"auto","background-attachment":"scroll","background-type":"","background-media":"","overlay-type":"","overlay-color":"","overlay-opacity":"","overlay-gradient":""},"tablet":{"background-color":"var(--ast-global-color-5)","background-image":"","background-repeat":"repeat","background-position":"center center","background-size":"auto","background-attachment":"scroll","background-type":"","background-media":"","overlay-type":"","overlay-color":"","overlay-opacity":"","overlay-gradient":""},"mobile":{"background-color":"var(--ast-global-color-5)","background-image":"","background-repeat":"repeat","background-position":"center center","background-size":"auto","background-attachment":"scroll","background-type":"","background-media":"","overlay-type":"","overlay-color":"","overlay-opacity":"","overlay-gradient":""}},"footnotes":""},"categories":[1],"tags":[],"class_list":["post-6707","post","type-post","status-publish","format-standard","has-post-thumbnail","hentry","category-noticias"],"_links":{"self":[{"href":"https:\/\/lacruz.cl\/a94a8fe5\/wp-json\/wp\/v2\/posts\/6707","targetHints":{"allow":["GET"]}}],"collection":[{"href":"https:\/\/lacruz.cl\/a94a8fe5\/wp-json\/wp\/v2\/posts"}],"about":[{"href":"https:\/\/lacruz.cl\/a94a8fe5\/wp-json\/wp\/v2\/types\/post"}],"author":[{"embeddable":true,"href":"https:\/\/lacruz.cl\/a94a8fe5\/wp-json\/wp\/v2\/users\/6"}],"replies":[{"embeddable":true,"href":"https:\/\/lacruz.cl\/a94a8fe5\/wp-json\/wp\/v2\/comments?post=6707"}],"version-history":[{"count":1,"href":"https:\/\/lacruz.cl\/a94a8fe5\/wp-json\/wp\/v2\/posts\/6707\/revisions"}],"predecessor-version":[{"id":6710,"href":"https:\/\/lacruz.cl\/a94a8fe5\/wp-json\/wp\/v2\/posts\/6707\/revisions\/6710"}],"wp:featuredmedia":[{"embeddable":true,"href":"https:\/\/lacruz.cl\/a94a8fe5\/wp-json\/wp\/v2\/media\/6708"}],"wp:attachment":[{"href":"https:\/\/lacruz.cl\/a94a8fe5\/wp-json\/wp\/v2\/media?parent=6707"}],"wp:term":[{"taxonomy":"category","embeddable":true,"href":"https:\/\/lacruz.cl\/a94a8fe5\/wp-json\/wp\/v2\/categories?post=6707"},{"taxonomy":"post_tag","embeddable":true,"href":"https:\/\/lacruz.cl\/a94a8fe5\/wp-json\/wp\/v2\/tags?post=6707"}],"curies":[{"name":"wp","href":"https:\/\/api.w.org\/{rel}","templated":true}]}}