{"id":6400,"date":"2022-11-09T09:04:46","date_gmt":"2022-11-09T12:04:46","guid":{"rendered":"https:\/\/lacruz.cl\/?p=6400"},"modified":"2022-11-09T10:52:43","modified_gmt":"2022-11-09T13:52:43","slug":"municipalidad-de-la-cruz-conmemora-mes-de-la-no-violencia-contra-la-mujer","status":"publish","type":"post","link":"https:\/\/lacruz.cl\/a94a8fe5\/noticias\/municipalidad-de-la-cruz-conmemora-mes-de-la-no-violencia-contra-la-mujer\/","title":{"rendered":"Municipalidad de La Cruz conmemora Mes de la No Violencia Contra la Mujer"},"content":{"rendered":"\t\t<div data-elementor-type=\"wp-post\" data-elementor-id=\"6400\" class=\"elementor elementor-6400\" data-elementor-post-type=\"post\">\n\t\t\t\t\t\t<section class=\"elementor-section elementor-top-section elementor-element elementor-element-a809177 elementor-section-boxed elementor-section-height-default elementor-section-height-default\" data-id=\"a809177\" data-element_type=\"section\" data-e-type=\"section\">\n\t\t\t\t\t\t<div class=\"elementor-container elementor-column-gap-default\">\n\t\t\t\t\t<div class=\"elementor-column elementor-col-100 elementor-top-column elementor-element elementor-element-5f23d63\" data-id=\"5f23d63\" data-element_type=\"column\" data-e-type=\"column\">\n\t\t\t<div class=\"elementor-widget-wrap elementor-element-populated\">\n\t\t\t\t\t\t<div class=\"elementor-element elementor-element-4a990f2 elementor-widget elementor-widget-text-editor\" data-id=\"4a990f2\" data-element_type=\"widget\" data-e-type=\"widget\" data-widget_type=\"text-editor.default\">\n\t\t\t\t<div class=\"elementor-widget-container\">\n\t\t\t\t\t\t\t\t\t<p>Una gran cantidad de actividades destinadas principalmente a las mujeres y abierta a la comunidad realizar\u00e1 la Municipalidad de La Cruz para conmemorar el Mes de la No Violencia Contra la Mujer, en el marco del D\u00eda Internacional para la Eliminaci\u00f3n de la Violencia contra la Mujer con fecha el 25 de noviembre.<\/p><p>Las actividades, convocadas por la Oficina de Encuentro, Comunidad, G\u00e9nero e Infancias en conjunto con los programas 4 a 7 y Mujeres Jefas de Hogar, tendr\u00e1n como objetivo la visibilizaci\u00f3n de la violencia de g\u00e9nero y buscan ense\u00f1ar a reconocer los signos machistas que est\u00e1n arraigados en la sociedad.<\/p><p>Para la encargada de la Oficina de Encuentro, Patricia Menares, estas actividades buscan desnaturalizar una problem\u00e1tica social y prevenir para que ninguna mujer viva violencia \u201cInvitamos a todas las personas a acercarse a las charlas, a los conversatorios, a la plaza donde vamos a estar realizando actividades, para poder hablar de violencia, de las formas de poder prevenir la violencia contra las mujeres para poder desnaturalizar la violencia, visibilizarla y as\u00ed dejar de vivirla y ejercerla. Invitamos especialmente a las mujeres que podamos estar en cada una de estas actividades conociendo y compartiendo con otras mujeres y fortaleciendo las redes de apoyo entre nosotras, con nosotras y para nosotras para poder ir transformando la vida para que vivamos en una sociedad m\u00e1s justa, m\u00e1s igualitaria para que ninguna mujer viva alguna forma de violencia\u201d \u00a0\u00a0<\/p><audio class=\"wp-audio-shortcode\" id=\"audio-6400-1\" preload=\"none\" style=\"width: 100%;\" controls=\"controls\"><source type=\"audio\/mpeg\" src=\"https:\/\/lacruz.cl\/a94a8fe5\/wp-content\/uploads\/2022\/11\/Patricia_violenciamujer.mp3?_=1\" \/><a href=\"https:\/\/lacruz.cl\/a94a8fe5\/wp-content\/uploads\/2022\/11\/Patricia_violenciamujer.mp3\">https:\/\/lacruz.cl\/a94a8fe5\/wp-content\/uploads\/2022\/11\/Patricia_violenciamujer.mp3<\/a><\/audio><p>Las actividades comenzaron el 8 de noviembre con \u201cCharlas Territoriales\u201d en la sede social de la villa Quinta Merced, se repite el viernes 11 en la villa Las Am\u00e9ricas, el 14 en la sede social de villa San Juan, el 16 en la sede vecinal de villa Camino El Sol, el 22 en el colegio Domingo Santa Cruz Wilson de Pocochay y el 29 en el colegio Lo Rojas.<\/p><p>Todas las charlas ser\u00e1n a las 18 horas en las sedes sociales, en Pocochay a las 19 horas y en Lo Rojas a las 18:30.<\/p><p>El mi\u00e9rcoles 23, desde las 18 horas, se realizar\u00e1 en el Centro de Desarrollo Comunitario, una charla denominada \u201cViolencia y Autonom\u00eda como forma de Resistencia\u201d preparada por la Fundaci\u00f3n para la Promoci\u00f3n y Desarrollo de la Mujer (Prodemu) en conjunto con los programas y oficinas municipales convocantes.<\/p><p>La Oficina de Encuentro, G\u00e9nero e Infancias presentar\u00e1 el mismo mi\u00e9rcoles, a las 20 horas, en el frontis del edificio consistorial, un desfile de moda con elementos de vestir de la boutique solidaria y se desarrollar\u00e1 una campa\u00f1a de recolecci\u00f3n de alimentos y colaciones para mujeres sobrevivientes de violencia y sus hijas e hijos.<\/p><p>El jueves 24 y viernes 25 se realizar\u00e1 en la plaza comunal una intervenci\u00f3n urbana donde se honrar\u00e1 a las mujeres v\u00edctimas de femicidio, la ilustradora nacional y activista, Jeniffer Ilustra, presentar\u00e1 la exposici\u00f3n \u201cEl grito de las que ya no est\u00e1n\u201d y se exhibir\u00e1 el video preparado con mujeres de La Cruz sobrevivientes de violencia, adem\u00e1s de entrega de folleter\u00eda y orientaci\u00f3n profesional a mujeres que lo requieran.<\/p><p>El 30 de noviembre en el Centro Cultural, la expositora lesbo-feminista-antirracista de la Red de Terapeutas \u201cTierra y Territorio\u201d, Victoria Aldunate Morales, presentar\u00e1 el taller \u201cCuidados Mutuos como Respuesta a la Violencia Patriarcal\u201d. \u00a0\u00a0<\/p>\t\t\t\t\t\t\t\t<\/div>\n\t\t\t\t<\/div>\n\t\t\t\t\t<\/div>\n\t\t<\/div>\n\t\t\t\t\t<\/div>\n\t\t<\/section>\n\t\t\t\t<section class=\"elementor-section elementor-top-section elementor-element elementor-element-564d557 elementor-section-boxed elementor-section-height-default elementor-section-height-default\" data-id=\"564d557\" data-element_type=\"section\" data-e-type=\"section\">\n\t\t\t\t\t\t<div class=\"elementor-container elementor-column-gap-default\">\n\t\t\t\t\t<div class=\"elementor-column elementor-col-100 elementor-top-column elementor-element elementor-element-694f579\" data-id=\"694f579\" data-element_type=\"column\" data-e-type=\"column\">\n\t\t\t<div class=\"elementor-widget-wrap elementor-element-populated\">\n\t\t\t\t\t\t<div class=\"elementor-element elementor-element-d17c55e elementor-widget elementor-widget-ube-gallery-metro\" data-id=\"d17c55e\" data-element_type=\"widget\" data-e-type=\"widget\" data-widget_type=\"ube-gallery-metro.default\">\n\t\t\t\t<div class=\"elementor-widget-container\">\n\t\t\t\t\t<div class=\"ube-gallery ube-gallery-metro ube-list-grid ube-gallery-caption-none\">\n\t\n            <div class=\"ube-grid-item gc-1 gr-1 gc-mobile-1 gr-mobile-1 gc-tablet-1 gr-tablet-1\">\n                <a class=\"card\" href=\"https:\/\/lacruz.cl\/a94a8fe5\/wp-content\/uploads\/2022\/11\/1.jpg\"\n                   data-elementor-lightbox-slideshow=\"d17c55e\">\n                    <div class=\"card-img ube-gallery-ration-custom\" style=\"background-image: url(https:\/\/lacruz.cl\/a94a8fe5\/wp-content\/uploads\/2022\/11\/1.jpg);--ube-gallery-ratio-mobile: 75%;--ube-gallery-ratio-tablet: 75%;--ube-gallery-ratio: 75%\"><\/div>\n                    <div class=\"card-img-overlay\">\n\t\t\t\t\t\t\t\t\t\t\t\t\n                    <\/div>\n                <\/a>\n            <\/div>\n\t\t\n            <div class=\"ube-grid-item\">\n                <a class=\"card\" href=\"https:\/\/lacruz.cl\/a94a8fe5\/wp-content\/uploads\/2022\/11\/3.jpg\"\n                   data-elementor-lightbox-slideshow=\"d17c55e\">\n                    <div class=\"card-img ube-gallery-ration-custom\" style=\"background-image: url(https:\/\/lacruz.cl\/a94a8fe5\/wp-content\/uploads\/2022\/11\/3.jpg);--ube-gallery-ratio: 75%\"><\/div>\n                    <div class=\"card-img-overlay\">\n\t\t\t\t\t\t\t\t\t\t\t\t\n                    <\/div>\n                <\/a>\n            <\/div>\n\t\t\n            <div class=\"ube-grid-item\">\n                <a class=\"card\" href=\"https:\/\/lacruz.cl\/a94a8fe5\/wp-content\/uploads\/2022\/11\/violencia-mujer.jpeg\"\n                   data-elementor-lightbox-slideshow=\"d17c55e\">\n                    <div class=\"card-img ube-gallery-ration-custom\" style=\"background-image: url(https:\/\/lacruz.cl\/a94a8fe5\/wp-content\/uploads\/2022\/11\/violencia-mujer.jpeg);--ube-gallery-ratio: 75%\"><\/div>\n                    <div class=\"card-img-overlay\">\n\t\t\t\t\t\t\t\t\t\t\t\t\n                    <\/div>\n                <\/a>\n            <\/div>\n\t\t<\/div>\n\t\t\t\t<\/div>\n\t\t\t\t<\/div>\n\t\t\t\t\t<\/div>\n\t\t<\/div>\n\t\t\t\t\t<\/div>\n\t\t<\/section>\n\t\t\t\t<\/div>\n\t\t","protected":false},"excerpt":{"rendered":"<p>Una gran cantidad de actividades destinadas principalmente a las mujeres y abierta a la comunidad realizar\u00e1 la Municipalidad de La Cruz para conmemorar el Mes de la No Violencia Contra la Mujer, en el marco del D\u00eda Internacional para la Eliminaci\u00f3n de la Violencia contra la Mujer con fecha el 25 de noviembre.<\/p>\n","protected":false},"author":6,"featured_media":6411,"comment_status":"closed","ping_status":"","sticky":false,"template":"","format":"standard","meta":{"site-sidebar-layout":"default","site-content-layout":"","ast-site-content-layout":"default","site-content-style":"default","site-sidebar-style":"default","ast-global-header-display":"","ast-banner-title-visibility":"","ast-main-header-display":"","ast-hfb-above-header-display":"","ast-hfb-below-header-display":"","ast-hfb-mobile-header-display":"","site-post-title":"","ast-breadcrumbs-content":"","ast-featured-img":"","footer-sml-layout":"","ast-disable-related-posts":"","theme-transparent-header-meta":"","adv-header-id-meta":"","stick-header-meta":"","header-above-stick-meta":"","header-main-stick-meta":"","header-below-stick-meta":"","astra-migrate-meta-layouts":"default","ast-page-background-enabled":"default","ast-page-background-meta":{"desktop":{"background-color":"var(--ast-global-color-4)","background-image":"","background-repeat":"repeat","background-position":"center center","background-size":"auto","background-attachment":"scroll","background-type":"","background-media":"","overlay-type":"","overlay-color":"","overlay-opacity":"","overlay-gradient":""},"tablet":{"background-color":"","background-image":"","background-repeat":"repeat","background-position":"center center","background-size":"auto","background-attachment":"scroll","background-type":"","background-media":"","overlay-type":"","overlay-color":"","overlay-opacity":"","overlay-gradient":""},"mobile":{"background-color":"","background-image":"","background-repeat":"repeat","background-position":"center center","background-size":"auto","background-attachment":"scroll","background-type":"","background-media":"","overlay-type":"","overlay-color":"","overlay-opacity":"","overlay-gradient":""}},"ast-content-background-meta":{"desktop":{"background-color":"var(--ast-global-color-5)","background-image":"","background-repeat":"repeat","background-position":"center center","background-size":"auto","background-attachment":"scroll","background-type":"","background-media":"","overlay-type":"","overlay-color":"","overlay-opacity":"","overlay-gradient":""},"tablet":{"background-color":"var(--ast-global-color-5)","background-image":"","background-repeat":"repeat","background-position":"center center","background-size":"auto","background-attachment":"scroll","background-type":"","background-media":"","overlay-type":"","overlay-color":"","overlay-opacity":"","overlay-gradient":""},"mobile":{"background-color":"var(--ast-global-color-5)","background-image":"","background-repeat":"repeat","background-position":"center center","background-size":"auto","background-attachment":"scroll","background-type":"","background-media":"","overlay-type":"","overlay-color":"","overlay-opacity":"","overlay-gradient":""}},"footnotes":""},"categories":[1],"tags":[],"class_list":["post-6400","post","type-post","status-publish","format-standard","has-post-thumbnail","hentry","category-noticias"],"_links":{"self":[{"href":"https:\/\/lacruz.cl\/a94a8fe5\/wp-json\/wp\/v2\/posts\/6400","targetHints":{"allow":["GET"]}}],"collection":[{"href":"https:\/\/lacruz.cl\/a94a8fe5\/wp-json\/wp\/v2\/posts"}],"about":[{"href":"https:\/\/lacruz.cl\/a94a8fe5\/wp-json\/wp\/v2\/types\/post"}],"author":[{"embeddable":true,"href":"https:\/\/lacruz.cl\/a94a8fe5\/wp-json\/wp\/v2\/users\/6"}],"replies":[{"embeddable":true,"href":"https:\/\/lacruz.cl\/a94a8fe5\/wp-json\/wp\/v2\/comments?post=6400"}],"version-history":[{"count":7,"href":"https:\/\/lacruz.cl\/a94a8fe5\/wp-json\/wp\/v2\/posts\/6400\/revisions"}],"predecessor-version":[{"id":6414,"href":"https:\/\/lacruz.cl\/a94a8fe5\/wp-json\/wp\/v2\/posts\/6400\/revisions\/6414"}],"wp:featuredmedia":[{"embeddable":true,"href":"https:\/\/lacruz.cl\/a94a8fe5\/wp-json\/wp\/v2\/media\/6411"}],"wp:attachment":[{"href":"https:\/\/lacruz.cl\/a94a8fe5\/wp-json\/wp\/v2\/media?parent=6400"}],"wp:term":[{"taxonomy":"category","embeddable":true,"href":"https:\/\/lacruz.cl\/a94a8fe5\/wp-json\/wp\/v2\/categories?post=6400"},{"taxonomy":"post_tag","embeddable":true,"href":"https:\/\/lacruz.cl\/a94a8fe5\/wp-json\/wp\/v2\/tags?post=6400"}],"curies":[{"name":"wp","href":"https:\/\/api.w.org\/{rel}","templated":true}]}}