{"id":6353,"date":"2022-10-24T17:25:20","date_gmt":"2022-10-24T20:25:20","guid":{"rendered":"https:\/\/lacruz.cl\/?p=6353"},"modified":"2022-10-24T17:28:47","modified_gmt":"2022-10-24T20:28:47","slug":"con-un-show-de-gran-calidad-la-cruz-celebro-los-120-anos-de-la-comuna","status":"publish","type":"post","link":"https:\/\/lacruz.cl\/a94a8fe5\/noticias\/con-un-show-de-gran-calidad-la-cruz-celebro-los-120-anos-de-la-comuna\/","title":{"rendered":"Con un show de gran calidad La Cruz celebr\u00f3 los 120 a\u00f1os de la comuna"},"content":{"rendered":"\t\t<div data-elementor-type=\"wp-post\" data-elementor-id=\"6353\" class=\"elementor elementor-6353\" data-elementor-post-type=\"post\">\n\t\t\t\t\t\t<section class=\"elementor-section elementor-top-section elementor-element elementor-element-de42790 elementor-section-boxed elementor-section-height-default elementor-section-height-default\" data-id=\"de42790\" data-element_type=\"section\" data-e-type=\"section\">\n\t\t\t\t\t\t<div class=\"elementor-container elementor-column-gap-default\">\n\t\t\t\t\t<div class=\"elementor-column elementor-col-100 elementor-top-column elementor-element elementor-element-b24b588\" data-id=\"b24b588\" data-element_type=\"column\" data-e-type=\"column\">\n\t\t\t<div class=\"elementor-widget-wrap elementor-element-populated\">\n\t\t\t\t\t\t<div class=\"elementor-element elementor-element-1a63686 elementor-widget elementor-widget-text-editor\" data-id=\"1a63686\" data-element_type=\"widget\" data-e-type=\"widget\" data-widget_type=\"text-editor.default\">\n\t\t\t\t<div class=\"elementor-widget-container\">\n\t\t\t\t\t\t\t\t\t<p>Un espectacular show que incluy\u00f3 a artistas de gran prestigio nacional y regional realiz\u00f3 la Municipalidad de La Cruz para festejar los 120 a\u00f1os de la comuna.<\/p><p>El evento se realiz\u00f3 en la plaza comunal donde la comunidad crucina pudo disfrutar de las canciones del artista nacional Germ\u00e1n Casas, que con un impecable repertorio cautiv\u00f3 a las y los asistentes.<\/p><p>La banda sensaci\u00f3n de la provincia de Quillota \u201cLa Fusi\u00f3n Perfecta\u201d con sus canciones de estilo tropical hizo cantar y bailar al masivo p\u00fablico que lleg\u00f3 hasta la plaza comunal.<\/p><p>El plato fuerte de la noche fue la banda ranchera \u201cLos Charros de Luchito y Rafael\u201d que logr\u00f3 hacer bailar a los asistentes hasta altas horas de la madrugada.<\/p><p>En la oportunidad, se premi\u00f3 la participaci\u00f3n y el entusiasmo de los barrios a trav\u00e9s de un impecable desfile de carros aleg\u00f3ricos que revivi\u00f3 el municipio crucino tras 20 a\u00f1os de ausencia. \u00a0<\/p><p>Los artistas luego sus presentaciones fueron galardonados por la comunidad a trav\u00e9s de la alcaldesa Filomena Navia Hevia.<\/p>\t\t\t\t\t\t\t\t<\/div>\n\t\t\t\t<\/div>\n\t\t\t\t\t<\/div>\n\t\t<\/div>\n\t\t\t\t\t<\/div>\n\t\t<\/section>\n\t\t\t\t<section class=\"elementor-section elementor-top-section elementor-element elementor-element-8a87ac8 elementor-section-boxed elementor-section-height-default elementor-section-height-default\" data-id=\"8a87ac8\" data-element_type=\"section\" data-e-type=\"section\">\n\t\t\t\t\t\t<div class=\"elementor-container elementor-column-gap-default\">\n\t\t\t\t\t<div class=\"elementor-column elementor-col-100 elementor-top-column elementor-element elementor-element-1bd7b51\" data-id=\"1bd7b51\" data-element_type=\"column\" data-e-type=\"column\">\n\t\t\t<div class=\"elementor-widget-wrap elementor-element-populated\">\n\t\t\t\t\t\t<div class=\"elementor-element elementor-element-786b945 elementor-widget elementor-widget-ube-gallery-metro\" data-id=\"786b945\" data-element_type=\"widget\" data-e-type=\"widget\" data-widget_type=\"ube-gallery-metro.default\">\n\t\t\t\t<div class=\"elementor-widget-container\">\n\t\t\t\t\t<div class=\"ube-gallery ube-gallery-metro ube-list-grid ube-gallery-caption-none\">\n\t\n            <div class=\"ube-grid-item\">\n                <a class=\"card\" href=\"https:\/\/lacruz.cl\/a94a8fe5\/wp-content\/uploads\/2022\/10\/Casas-alcaldesa.jpeg\"\n                   data-elementor-lightbox-slideshow=\"786b945\">\n                    <div class=\"card-img ube-gallery-ration-custom\" style=\"background-image: url(https:\/\/lacruz.cl\/a94a8fe5\/wp-content\/uploads\/2022\/10\/Casas-alcaldesa.jpeg);--ube-gallery-ratio: 75%\"><\/div>\n                    <div class=\"card-img-overlay\">\n\t\t\t\t\t\t\t\t\t\t\t\t\n                    <\/div>\n                <\/a>\n            <\/div>\n\t\t\n            <div class=\"ube-grid-item\">\n                <a class=\"card\" href=\"https:\/\/lacruz.cl\/a94a8fe5\/wp-content\/uploads\/2022\/10\/embajadoras.jpeg\"\n                   data-elementor-lightbox-slideshow=\"786b945\">\n                    <div class=\"card-img ube-gallery-ration-custom\" style=\"background-image: url(https:\/\/lacruz.cl\/a94a8fe5\/wp-content\/uploads\/2022\/10\/embajadoras.jpeg);--ube-gallery-ratio: 75%\"><\/div>\n                    <div class=\"card-img-overlay\">\n\t\t\t\t\t\t\t\t\t\t\t\t\n                    <\/div>\n                <\/a>\n            <\/div>\n\t\t\n            <div class=\"ube-grid-item\">\n                <a class=\"card\" href=\"https:\/\/lacruz.cl\/a94a8fe5\/wp-content\/uploads\/2022\/10\/fusion.jpeg\"\n                   data-elementor-lightbox-slideshow=\"786b945\">\n                    <div class=\"card-img ube-gallery-ration-custom\" style=\"background-image: url(https:\/\/lacruz.cl\/a94a8fe5\/wp-content\/uploads\/2022\/10\/fusion.jpeg);--ube-gallery-ratio: 75%\"><\/div>\n                    <div class=\"card-img-overlay\">\n\t\t\t\t\t\t\t\t\t\t\t\t\n                    <\/div>\n                <\/a>\n            <\/div>\n\t\t\n            <div class=\"ube-grid-item\">\n                <a class=\"card\" href=\"https:\/\/lacruz.cl\/a94a8fe5\/wp-content\/uploads\/2022\/10\/German-Casas.jpeg\"\n                   data-elementor-lightbox-slideshow=\"786b945\">\n                    <div class=\"card-img ube-gallery-ration-custom\" style=\"background-image: url(https:\/\/lacruz.cl\/a94a8fe5\/wp-content\/uploads\/2022\/10\/German-Casas.jpeg);--ube-gallery-ratio: 75%\"><\/div>\n                    <div class=\"card-img-overlay\">\n\t\t\t\t\t\t\t\t\t\t\t\t\n                    <\/div>\n                <\/a>\n            <\/div>\n\t\t\n            <div class=\"ube-grid-item\">\n                <a class=\"card\" href=\"https:\/\/lacruz.cl\/a94a8fe5\/wp-content\/uploads\/2022\/10\/charros.jpeg\"\n                   data-elementor-lightbox-slideshow=\"786b945\">\n                    <div class=\"card-img ube-gallery-ration-custom\" style=\"background-image: url(https:\/\/lacruz.cl\/a94a8fe5\/wp-content\/uploads\/2022\/10\/charros.jpeg);--ube-gallery-ratio: 75%\"><\/div>\n                    <div class=\"card-img-overlay\">\n\t\t\t\t\t\t\t\t\t\t\t\t\n                    <\/div>\n                <\/a>\n            <\/div>\n\t\t\n            <div class=\"ube-grid-item\">\n                <a class=\"card\" href=\"https:\/\/lacruz.cl\/a94a8fe5\/wp-content\/uploads\/2022\/10\/premiacion.jpeg\"\n                   data-elementor-lightbox-slideshow=\"786b945\">\n                    <div class=\"card-img ube-gallery-ration-custom\" style=\"background-image: url(https:\/\/lacruz.cl\/a94a8fe5\/wp-content\/uploads\/2022\/10\/premiacion.jpeg);--ube-gallery-ratio: 75%\"><\/div>\n                    <div class=\"card-img-overlay\">\n\t\t\t\t\t\t\t\t\t\t\t\t\n                    <\/div>\n                <\/a>\n            <\/div>\n\t\t<\/div>\n\t\t\t\t<\/div>\n\t\t\t\t<\/div>\n\t\t\t\t\t<\/div>\n\t\t<\/div>\n\t\t\t\t\t<\/div>\n\t\t<\/section>\n\t\t\t\t<\/div>\n\t\t","protected":false},"excerpt":{"rendered":"<p>Un espectacular show que incluy\u00f3 a artistas de gran prestigio nacional y regional realiz\u00f3 la Municipalidad de La Cruz para festejar los 120 a\u00f1os de la comuna.<\/p>\n","protected":false},"author":6,"featured_media":6356,"comment_status":"closed","ping_status":"","sticky":false,"template":"","format":"standard","meta":{"site-sidebar-layout":"default","site-content-layout":"","ast-site-content-layout":"default","site-content-style":"default","site-sidebar-style":"default","ast-global-header-display":"","ast-banner-title-visibility":"","ast-main-header-display":"","ast-hfb-above-header-display":"","ast-hfb-below-header-display":"","ast-hfb-mobile-header-display":"","site-post-title":"","ast-breadcrumbs-content":"","ast-featured-img":"","footer-sml-layout":"","ast-disable-related-posts":"","theme-transparent-header-meta":"","adv-header-id-meta":"","stick-header-meta":"","header-above-stick-meta":"","header-main-stick-meta":"","header-below-stick-meta":"","astra-migrate-meta-layouts":"default","ast-page-background-enabled":"default","ast-page-background-meta":{"desktop":{"background-color":"var(--ast-global-color-4)","background-image":"","background-repeat":"repeat","background-position":"center center","background-size":"auto","background-attachment":"scroll","background-type":"","background-media":"","overlay-type":"","overlay-color":"","overlay-opacity":"","overlay-gradient":""},"tablet":{"background-color":"","background-image":"","background-repeat":"repeat","background-position":"center center","background-size":"auto","background-attachment":"scroll","background-type":"","background-media":"","overlay-type":"","overlay-color":"","overlay-opacity":"","overlay-gradient":""},"mobile":{"background-color":"","background-image":"","background-repeat":"repeat","background-position":"center center","background-size":"auto","background-attachment":"scroll","background-type":"","background-media":"","overlay-type":"","overlay-color":"","overlay-opacity":"","overlay-gradient":""}},"ast-content-background-meta":{"desktop":{"background-color":"var(--ast-global-color-5)","background-image":"","background-repeat":"repeat","background-position":"center center","background-size":"auto","background-attachment":"scroll","background-type":"","background-media":"","overlay-type":"","overlay-color":"","overlay-opacity":"","overlay-gradient":""},"tablet":{"background-color":"var(--ast-global-color-5)","background-image":"","background-repeat":"repeat","background-position":"center center","background-size":"auto","background-attachment":"scroll","background-type":"","background-media":"","overlay-type":"","overlay-color":"","overlay-opacity":"","overlay-gradient":""},"mobile":{"background-color":"var(--ast-global-color-5)","background-image":"","background-repeat":"repeat","background-position":"center center","background-size":"auto","background-attachment":"scroll","background-type":"","background-media":"","overlay-type":"","overlay-color":"","overlay-opacity":"","overlay-gradient":""}},"footnotes":""},"categories":[1],"tags":[],"class_list":["post-6353","post","type-post","status-publish","format-standard","has-post-thumbnail","hentry","category-noticias"],"_links":{"self":[{"href":"https:\/\/lacruz.cl\/a94a8fe5\/wp-json\/wp\/v2\/posts\/6353","targetHints":{"allow":["GET"]}}],"collection":[{"href":"https:\/\/lacruz.cl\/a94a8fe5\/wp-json\/wp\/v2\/posts"}],"about":[{"href":"https:\/\/lacruz.cl\/a94a8fe5\/wp-json\/wp\/v2\/types\/post"}],"author":[{"embeddable":true,"href":"https:\/\/lacruz.cl\/a94a8fe5\/wp-json\/wp\/v2\/users\/6"}],"replies":[{"embeddable":true,"href":"https:\/\/lacruz.cl\/a94a8fe5\/wp-json\/wp\/v2\/comments?post=6353"}],"version-history":[{"count":4,"href":"https:\/\/lacruz.cl\/a94a8fe5\/wp-json\/wp\/v2\/posts\/6353\/revisions"}],"predecessor-version":[{"id":6363,"href":"https:\/\/lacruz.cl\/a94a8fe5\/wp-json\/wp\/v2\/posts\/6353\/revisions\/6363"}],"wp:featuredmedia":[{"embeddable":true,"href":"https:\/\/lacruz.cl\/a94a8fe5\/wp-json\/wp\/v2\/media\/6356"}],"wp:attachment":[{"href":"https:\/\/lacruz.cl\/a94a8fe5\/wp-json\/wp\/v2\/media?parent=6353"}],"wp:term":[{"taxonomy":"category","embeddable":true,"href":"https:\/\/lacruz.cl\/a94a8fe5\/wp-json\/wp\/v2\/categories?post=6353"},{"taxonomy":"post_tag","embeddable":true,"href":"https:\/\/lacruz.cl\/a94a8fe5\/wp-json\/wp\/v2\/tags?post=6353"}],"curies":[{"name":"wp","href":"https:\/\/api.w.org\/{rel}","templated":true}]}}