{"id":6182,"date":"2022-10-05T17:45:35","date_gmt":"2022-10-05T20:45:35","guid":{"rendered":"https:\/\/lacruz.cl\/?p=6182"},"modified":"2022-10-05T17:50:36","modified_gmt":"2022-10-05T20:50:36","slug":"mas-de-200-estudiantes-participaron-de-feria-deportiva-bienvenida-primavera","status":"publish","type":"post","link":"https:\/\/lacruz.cl\/a94a8fe5\/noticias\/mas-de-200-estudiantes-participaron-de-feria-deportiva-bienvenida-primavera\/","title":{"rendered":"M\u00e1s de 200 estudiantes participaron de feria deportiva \u201cBienvenida Primavera\u201d"},"content":{"rendered":"\t\t<div data-elementor-type=\"wp-post\" data-elementor-id=\"6182\" class=\"elementor elementor-6182\" data-elementor-post-type=\"post\">\n\t\t\t\t\t\t<section class=\"elementor-section elementor-top-section elementor-element elementor-element-7235d28 elementor-section-boxed elementor-section-height-default elementor-section-height-default\" data-id=\"7235d28\" data-element_type=\"section\" data-e-type=\"section\">\n\t\t\t\t\t\t<div class=\"elementor-container elementor-column-gap-default\">\n\t\t\t\t\t<div class=\"elementor-column elementor-col-100 elementor-top-column elementor-element elementor-element-a325b06\" data-id=\"a325b06\" data-element_type=\"column\" data-e-type=\"column\">\n\t\t\t<div class=\"elementor-widget-wrap elementor-element-populated\">\n\t\t\t\t\t\t<div class=\"elementor-element elementor-element-78731fb elementor-widget elementor-widget-text-editor\" data-id=\"78731fb\" data-element_type=\"widget\" data-e-type=\"widget\" data-widget_type=\"text-editor.default\">\n\t\t\t\t<div class=\"elementor-widget-container\">\n\t\t\t\t\t\t\t\t\t<p>Todo un \u00e9xito fue la primera versi\u00f3n de la Feria Deportivo Recreativa \u201cBienvenida Primavera\u201d que alberg\u00f3, en la cancha Parcelas Unidas, a m\u00e1s de 200 alumnas y alumnos de los cinco colegios municipalizados en el marco de la celebraci\u00f3n de un nuevo aniversario comunal.<\/p><p>La actividad es parte de las estrategias de gesti\u00f3n deportiva que realiza la Alcaldesa Filomena Navia Hevia donde funde el deporte y la educaci\u00f3n y permite que los estudiantes puedan conocer diversos deportes en circuitos preparados para ellos.<\/p><p>Deportes emergentes como futbol americano, voleibol adaptado, baile urbano, bocha, y los cl\u00e1sicos futsal, talleres de futbol y juegos criollos fueron parte de las actividades que realizaron los alumnos de tercero a sexto a\u00f1o b\u00e1sico de los colegios Bolonia, Leonardo da Vinci, Domingo Santa Cruz Wilson, Lo Rojas y Mar\u00eda Alonso Chac\u00f3n.<\/p><p>Para la encargada de la oficina de deportes Yoceline Garc\u00eda uno de los objetivos de la feria es fomentar la vida saludable, la actividad f\u00edsica, disminuir la obesidad y que los estudiantes socialicen con sus pares <strong>\u201cEl primer objetivo que tenemos es fomentar el deporte en la comuna y principalmente en los colegios municipales, adem\u00e1s de utilizar los espacios que tenemos dentro de la comuna y fomentar la vida saludable en los ni\u00f1os, debido a que hemos aumentado la obesidad debido a la pandemia y por supuesto que los ni\u00f1os se puedan recrear porque estuvieron tanto tiempo encerrados\u201d<\/strong><\/p><audio class=\"wp-audio-shortcode\" id=\"audio-6182-1\" preload=\"none\" style=\"width: 100%;\" controls=\"controls\"><source type=\"audio\/mpeg\" src=\"https:\/\/lacruz.cl\/a94a8fe5\/wp-content\/uploads\/2022\/10\/Yoceline_feria.mp3?_=1\" \/><a href=\"https:\/\/lacruz.cl\/a94a8fe5\/wp-content\/uploads\/2022\/10\/Yoceline_feria.mp3\">https:\/\/lacruz.cl\/a94a8fe5\/wp-content\/uploads\/2022\/10\/Yoceline_feria.mp3<\/a><\/audio><p>La coordinadora comunal del \u00e1rea extraescolar del Departamento de Educaci\u00f3n de La Cruz, Patricia Navarrete, explic\u00f3 que <strong>\u201cComo departamento estamos muy contentos y satisfechos por esta actividad que hemos realizado en conjunto con la oficina de deportes, obviamente en el marco del aniversario de la comuna pero tambi\u00e9n pensando en un espacio para compartir, para que los ni\u00f1os se conozcan de todos los colegios, compartan vivan y nos ayuda para mejorar la convivencia escolar dentro de los establecimientos. Invito a los padres a que est\u00e9n atentos a las actividades que realizamos y que puedan apoyar y acompa\u00f1ar a sus hijos e hijas en los procesos educativos de cada colegio\u201d.<\/strong><\/p><audio class=\"wp-audio-shortcode\" id=\"audio-6182-2\" preload=\"none\" style=\"width: 100%;\" controls=\"controls\"><source type=\"audio\/mpeg\" src=\"https:\/\/lacruz.cl\/a94a8fe5\/wp-content\/uploads\/2022\/10\/Patricia_feria.mp3?_=2\" \/><a href=\"https:\/\/lacruz.cl\/a94a8fe5\/wp-content\/uploads\/2022\/10\/Patricia_feria.mp3\">https:\/\/lacruz.cl\/a94a8fe5\/wp-content\/uploads\/2022\/10\/Patricia_feria.mp3<\/a><\/audio><p>El \u00e9xito de la iniciativa deportivo educacional permite continuar con la experiencia para que las y los alumnos puedan conocer deportes emergentes y realizar actividades al aire libre.<\/p>\t\t\t\t\t\t\t\t<\/div>\n\t\t\t\t<\/div>\n\t\t\t\t\t<\/div>\n\t\t<\/div>\n\t\t\t\t\t<\/div>\n\t\t<\/section>\n\t\t\t\t<section class=\"elementor-section elementor-top-section elementor-element elementor-element-45c423e elementor-section-boxed elementor-section-height-default elementor-section-height-default\" data-id=\"45c423e\" data-element_type=\"section\" data-e-type=\"section\">\n\t\t\t\t\t\t<div class=\"elementor-container elementor-column-gap-default\">\n\t\t\t\t\t<div class=\"elementor-column elementor-col-100 elementor-top-column elementor-element elementor-element-de508f9\" data-id=\"de508f9\" data-element_type=\"column\" data-e-type=\"column\">\n\t\t\t<div class=\"elementor-widget-wrap elementor-element-populated\">\n\t\t\t\t\t\t<div class=\"elementor-element elementor-element-8b3e270 elementor-widget elementor-widget-ube-gallery-metro\" data-id=\"8b3e270\" data-element_type=\"widget\" data-e-type=\"widget\" data-widget_type=\"ube-gallery-metro.default\">\n\t\t\t\t<div class=\"elementor-widget-container\">\n\t\t\t\t\t<div class=\"ube-gallery ube-gallery-metro ube-list-grid ube-gallery-caption-none\">\n\t\n            <div class=\"ube-grid-item gc-1 gr-1 gc-mobile-1 gr-mobile-1 gc-tablet-1 gr-tablet-1\">\n                <a class=\"card\" href=\"https:\/\/lacruz.cl\/a94a8fe5\/wp-content\/uploads\/2022\/10\/baile-urbano.jpeg\"\n                   data-elementor-lightbox-slideshow=\"8b3e270\">\n                    <div class=\"card-img ube-gallery-ration-custom\" style=\"background-image: url(https:\/\/lacruz.cl\/a94a8fe5\/wp-content\/uploads\/2022\/10\/baile-urbano.jpeg);--ube-gallery-ratio-mobile: 75%;--ube-gallery-ratio-tablet: 75%;--ube-gallery-ratio: 75%\"><\/div>\n                    <div class=\"card-img-overlay\">\n\t\t\t\t\t\t\t\t\t\t\t\t\n                    <\/div>\n                <\/a>\n            <\/div>\n\t\t\n            <div class=\"ube-grid-item\">\n                <a class=\"card\" href=\"https:\/\/lacruz.cl\/a94a8fe5\/wp-content\/uploads\/2022\/10\/foto-bocha.jpeg\"\n                   data-elementor-lightbox-slideshow=\"8b3e270\">\n                    <div class=\"card-img ube-gallery-ration-custom\" style=\"background-image: url(https:\/\/lacruz.cl\/a94a8fe5\/wp-content\/uploads\/2022\/10\/foto-bocha.jpeg);--ube-gallery-ratio: 75%\"><\/div>\n                    <div class=\"card-img-overlay\">\n\t\t\t\t\t\t\t\t\t\t\t\t\n                    <\/div>\n                <\/a>\n            <\/div>\n\t\t\n            <div class=\"ube-grid-item\">\n                <a class=\"card\" href=\"https:\/\/lacruz.cl\/a94a8fe5\/wp-content\/uploads\/2022\/10\/futbol-americano.jpeg\"\n                   data-elementor-lightbox-slideshow=\"8b3e270\">\n                    <div class=\"card-img ube-gallery-ration-custom\" style=\"background-image: url(https:\/\/lacruz.cl\/a94a8fe5\/wp-content\/uploads\/2022\/10\/futbol-americano.jpeg);--ube-gallery-ratio: 75%\"><\/div>\n                    <div class=\"card-img-overlay\">\n\t\t\t\t\t\t\t\t\t\t\t\t\n                    <\/div>\n                <\/a>\n            <\/div>\n\t\t<\/div>\n\t\t\t\t<\/div>\n\t\t\t\t<\/div>\n\t\t\t\t\t<\/div>\n\t\t<\/div>\n\t\t\t\t\t<\/div>\n\t\t<\/section>\n\t\t\t\t<\/div>\n\t\t","protected":false},"excerpt":{"rendered":"<p>Todo un \u00e9xito fue la primera versi\u00f3n de la Feria Deportivo Recreativa \u201cBienvenida Primavera\u201d que alberg\u00f3, en la cancha Parcelas Unidas, a m\u00e1s de 200 alumnas y alumnos de los cinco colegios municipalizados en el marco de la celebraci\u00f3n de un nuevo aniversario comunal.<\/p>\n","protected":false},"author":6,"featured_media":6184,"comment_status":"closed","ping_status":"","sticky":false,"template":"","format":"standard","meta":{"site-sidebar-layout":"default","site-content-layout":"","ast-site-content-layout":"default","site-content-style":"default","site-sidebar-style":"default","ast-global-header-display":"","ast-banner-title-visibility":"","ast-main-header-display":"","ast-hfb-above-header-display":"","ast-hfb-below-header-display":"","ast-hfb-mobile-header-display":"","site-post-title":"","ast-breadcrumbs-content":"","ast-featured-img":"","footer-sml-layout":"","ast-disable-related-posts":"","theme-transparent-header-meta":"","adv-header-id-meta":"","stick-header-meta":"","header-above-stick-meta":"","header-main-stick-meta":"","header-below-stick-meta":"","astra-migrate-meta-layouts":"default","ast-page-background-enabled":"default","ast-page-background-meta":{"desktop":{"background-color":"var(--ast-global-color-4)","background-image":"","background-repeat":"repeat","background-position":"center center","background-size":"auto","background-attachment":"scroll","background-type":"","background-media":"","overlay-type":"","overlay-color":"","overlay-opacity":"","overlay-gradient":""},"tablet":{"background-color":"","background-image":"","background-repeat":"repeat","background-position":"center center","background-size":"auto","background-attachment":"scroll","background-type":"","background-media":"","overlay-type":"","overlay-color":"","overlay-opacity":"","overlay-gradient":""},"mobile":{"background-color":"","background-image":"","background-repeat":"repeat","background-position":"center center","background-size":"auto","background-attachment":"scroll","background-type":"","background-media":"","overlay-type":"","overlay-color":"","overlay-opacity":"","overlay-gradient":""}},"ast-content-background-meta":{"desktop":{"background-color":"var(--ast-global-color-5)","background-image":"","background-repeat":"repeat","background-position":"center center","background-size":"auto","background-attachment":"scroll","background-type":"","background-media":"","overlay-type":"","overlay-color":"","overlay-opacity":"","overlay-gradient":""},"tablet":{"background-color":"var(--ast-global-color-5)","background-image":"","background-repeat":"repeat","background-position":"center center","background-size":"auto","background-attachment":"scroll","background-type":"","background-media":"","overlay-type":"","overlay-color":"","overlay-opacity":"","overlay-gradient":""},"mobile":{"background-color":"var(--ast-global-color-5)","background-image":"","background-repeat":"repeat","background-position":"center center","background-size":"auto","background-attachment":"scroll","background-type":"","background-media":"","overlay-type":"","overlay-color":"","overlay-opacity":"","overlay-gradient":""}},"footnotes":""},"categories":[1],"tags":[],"class_list":["post-6182","post","type-post","status-publish","format-standard","has-post-thumbnail","hentry","category-noticias"],"_links":{"self":[{"href":"https:\/\/lacruz.cl\/a94a8fe5\/wp-json\/wp\/v2\/posts\/6182","targetHints":{"allow":["GET"]}}],"collection":[{"href":"https:\/\/lacruz.cl\/a94a8fe5\/wp-json\/wp\/v2\/posts"}],"about":[{"href":"https:\/\/lacruz.cl\/a94a8fe5\/wp-json\/wp\/v2\/types\/post"}],"author":[{"embeddable":true,"href":"https:\/\/lacruz.cl\/a94a8fe5\/wp-json\/wp\/v2\/users\/6"}],"replies":[{"embeddable":true,"href":"https:\/\/lacruz.cl\/a94a8fe5\/wp-json\/wp\/v2\/comments?post=6182"}],"version-history":[{"count":4,"href":"https:\/\/lacruz.cl\/a94a8fe5\/wp-json\/wp\/v2\/posts\/6182\/revisions"}],"predecessor-version":[{"id":6191,"href":"https:\/\/lacruz.cl\/a94a8fe5\/wp-json\/wp\/v2\/posts\/6182\/revisions\/6191"}],"wp:featuredmedia":[{"embeddable":true,"href":"https:\/\/lacruz.cl\/a94a8fe5\/wp-json\/wp\/v2\/media\/6184"}],"wp:attachment":[{"href":"https:\/\/lacruz.cl\/a94a8fe5\/wp-json\/wp\/v2\/media?parent=6182"}],"wp:term":[{"taxonomy":"category","embeddable":true,"href":"https:\/\/lacruz.cl\/a94a8fe5\/wp-json\/wp\/v2\/categories?post=6182"},{"taxonomy":"post_tag","embeddable":true,"href":"https:\/\/lacruz.cl\/a94a8fe5\/wp-json\/wp\/v2\/tags?post=6182"}],"curies":[{"name":"wp","href":"https:\/\/api.w.org\/{rel}","templated":true}]}}