{"id":5135,"date":"2022-01-21T11:29:48","date_gmt":"2022-01-21T14:29:48","guid":{"rendered":"https:\/\/lacruz.cl\/?p=5135"},"modified":"2022-01-24T16:31:35","modified_gmt":"2022-01-24T19:31:35","slug":"cambios-en-recorridos-y-dias-del-servicio-de-aseo-domiciliario","status":"publish","type":"post","link":"https:\/\/lacruz.cl\/a94a8fe5\/noticias\/cambios-en-recorridos-y-dias-del-servicio-de-aseo-domiciliario\/","title":{"rendered":"Cambios en recorridos del Servicio de Aseo Domiciliario en La Cruz"},"content":{"rendered":"\n<p>\u00a1Vecinas, Vecinos! Informamos que, a partir del lunes 24 de enero, habr\u00e1 un cambio en los recorridos del servicio de retiro de aseo domiciliario en La Cruz, buscando optimizar la estrategia que se utiliza actualmente en este proceso y recogiendo las inquietudes que como comunidad nos han manifestado.<\/p>\n\n\n\n<p>Este cambio ser\u00e1 una \u00abmarcha blanca\u00bb hasta el 24 de febrero, fecha en la que se evaluar\u00e1 c\u00f3mo funcion\u00f3 todo a partir de los comentarios de la misma ciudadan\u00eda.<\/p>\n\n\n\n<p>La primera ruta se realizar\u00e1 los d\u00edas lunes, mi\u00e9rcoles y viernes, y comprender\u00e1 su inicio desde Villa Jamaica hacia el sur, cubriendo el Camino Troncal y Avenida 21 de Mayo en su totalidad, para tomar Lorca Prieto hacia el oriente y retornar por Avenida Santa Cruz hasta el centro de la comuna.<\/p>\n\n\n\n<p>En tanto, la segunda ruta se realizar\u00e1 los d\u00edas martes, jueves y s\u00e1bado, partiendo desde el Camino Troncal para cubrir Poblaci\u00f3n Bolonia y todo el sector poniente de La Cruz hasta recolectar los residuos domiciliarios de la Poblaci\u00f3n Santa Rosa.\ud83d\ude9b<\/p>\n\n\n\n<p>En los sectores rurales, la ruta permanecer\u00e1 como antes.<\/p>\n\n\n\n<p>\u00a1Revisa los recorridos, descarga las im\u00e1genes y comp\u00e1rtelos!<\/p>\n\n\n\n<p>\u00a1En La Cruz, #SiSePuede vivir mejor!<\/p>\n\n\n\n<figure class=\"wp-block-gallery columns-3 is-cropped wp-block-gallery-1 is-layout-flex wp-block-gallery-is-layout-flex\"><ul class=\"blocks-gallery-grid\"><li class=\"blocks-gallery-item\"><figure><img loading=\"lazy\" decoding=\"async\" width=\"999\" height=\"1024\" src=\"https:\/\/lacruz.cl\/a94a8fe5\/wp-content\/uploads\/2022\/01\/ruta-basura-3-2-999x1024.jpg\" alt=\"\" data-id=\"5148\" data-full-url=\"https:\/\/lacruz.cl\/a94a8fe5\/wp-content\/uploads\/2022\/01\/ruta-basura-3-2-scaled.jpg\" data-link=\"https:\/\/lacruz.cl\/noticias\/cambios-en-recorridos-y-dias-del-servicio-de-aseo-domiciliario\/attachment\/ruta-basura-3-2\/\" class=\"wp-image-5148\" srcset=\"https:\/\/lacruz.cl\/a94a8fe5\/wp-content\/uploads\/2022\/01\/ruta-basura-3-2-999x1024.jpg 999w, https:\/\/lacruz.cl\/a94a8fe5\/wp-content\/uploads\/2022\/01\/ruta-basura-3-2-293x300.jpg 293w, https:\/\/lacruz.cl\/a94a8fe5\/wp-content\/uploads\/2022\/01\/ruta-basura-3-2-768x788.jpg 768w, https:\/\/lacruz.cl\/a94a8fe5\/wp-content\/uploads\/2022\/01\/ruta-basura-3-2-1498x1536.jpg 1498w, https:\/\/lacruz.cl\/a94a8fe5\/wp-content\/uploads\/2022\/01\/ruta-basura-3-2-1997x2048.jpg 1997w\" sizes=\"auto, (max-width: 999px) 100vw, 999px\" \/><\/figure><\/li><li class=\"blocks-gallery-item\"><figure><img loading=\"lazy\" decoding=\"async\" width=\"999\" height=\"1024\" src=\"https:\/\/lacruz.cl\/a94a8fe5\/wp-content\/uploads\/2022\/01\/ruta-basura-2-1-999x1024.jpg\" alt=\"\" data-id=\"5150\" data-full-url=\"https:\/\/lacruz.cl\/a94a8fe5\/wp-content\/uploads\/2022\/01\/ruta-basura-2-1-scaled.jpg\" data-link=\"https:\/\/lacruz.cl\/noticias\/cambios-en-recorridos-y-dias-del-servicio-de-aseo-domiciliario\/attachment\/ruta-basura-2-1\/\" class=\"wp-image-5150\" srcset=\"https:\/\/lacruz.cl\/a94a8fe5\/wp-content\/uploads\/2022\/01\/ruta-basura-2-1-999x1024.jpg 999w, https:\/\/lacruz.cl\/a94a8fe5\/wp-content\/uploads\/2022\/01\/ruta-basura-2-1-293x300.jpg 293w, https:\/\/lacruz.cl\/a94a8fe5\/wp-content\/uploads\/2022\/01\/ruta-basura-2-1-768x788.jpg 768w, https:\/\/lacruz.cl\/a94a8fe5\/wp-content\/uploads\/2022\/01\/ruta-basura-2-1-1498x1536.jpg 1498w, https:\/\/lacruz.cl\/a94a8fe5\/wp-content\/uploads\/2022\/01\/ruta-basura-2-1-1997x2048.jpg 1997w\" sizes=\"auto, (max-width: 999px) 100vw, 999px\" \/><\/figure><\/li><li class=\"blocks-gallery-item\"><figure><img loading=\"lazy\" decoding=\"async\" width=\"998\" height=\"1024\" src=\"https:\/\/lacruz.cl\/a94a8fe5\/wp-content\/uploads\/2022\/01\/ruta-basura-5-1-998x1024.jpg\" alt=\"\" data-id=\"5149\" data-full-url=\"https:\/\/lacruz.cl\/a94a8fe5\/wp-content\/uploads\/2022\/01\/ruta-basura-5-1-scaled.jpg\" data-link=\"https:\/\/lacruz.cl\/noticias\/cambios-en-recorridos-y-dias-del-servicio-de-aseo-domiciliario\/attachment\/ruta-basura-5-1\/\" class=\"wp-image-5149\" srcset=\"https:\/\/lacruz.cl\/a94a8fe5\/wp-content\/uploads\/2022\/01\/ruta-basura-5-1-998x1024.jpg 998w, https:\/\/lacruz.cl\/a94a8fe5\/wp-content\/uploads\/2022\/01\/ruta-basura-5-1-293x300.jpg 293w, https:\/\/lacruz.cl\/a94a8fe5\/wp-content\/uploads\/2022\/01\/ruta-basura-5-1-768x788.jpg 768w, https:\/\/lacruz.cl\/a94a8fe5\/wp-content\/uploads\/2022\/01\/ruta-basura-5-1-1498x1536.jpg 1498w, https:\/\/lacruz.cl\/a94a8fe5\/wp-content\/uploads\/2022\/01\/ruta-basura-5-1-1997x2048.jpg 1997w\" sizes=\"auto, (max-width: 998px) 100vw, 998px\" \/><\/figure><\/li><li class=\"blocks-gallery-item\"><figure><img loading=\"lazy\" decoding=\"async\" width=\"998\" height=\"1024\" src=\"https:\/\/lacruz.cl\/a94a8fe5\/wp-content\/uploads\/2022\/01\/ruta-basura-4-2-998x1024.jpg\" alt=\"\" data-id=\"5151\" data-full-url=\"https:\/\/lacruz.cl\/a94a8fe5\/wp-content\/uploads\/2022\/01\/ruta-basura-4-2-scaled.jpg\" data-link=\"https:\/\/lacruz.cl\/noticias\/cambios-en-recorridos-y-dias-del-servicio-de-aseo-domiciliario\/attachment\/ruta-basura-4-2\/\" class=\"wp-image-5151\" srcset=\"https:\/\/lacruz.cl\/a94a8fe5\/wp-content\/uploads\/2022\/01\/ruta-basura-4-2-998x1024.jpg 998w, https:\/\/lacruz.cl\/a94a8fe5\/wp-content\/uploads\/2022\/01\/ruta-basura-4-2-293x300.jpg 293w, https:\/\/lacruz.cl\/a94a8fe5\/wp-content\/uploads\/2022\/01\/ruta-basura-4-2-768x788.jpg 768w, https:\/\/lacruz.cl\/a94a8fe5\/wp-content\/uploads\/2022\/01\/ruta-basura-4-2-1498x1536.jpg 1498w, https:\/\/lacruz.cl\/a94a8fe5\/wp-content\/uploads\/2022\/01\/ruta-basura-4-2-1997x2048.jpg 1997w\" sizes=\"auto, (max-width: 998px) 100vw, 998px\" \/><\/figure><\/li><\/ul><\/figure>\n","protected":false},"excerpt":{"rendered":"<p>\u00a1Vecinas, Vecinos! Informamos que, a partir del lunes 24 de enero, habr\u00e1 un cambio en los recorridos del servicio de retiro de aseo domiciliario en La Cruz, buscando optimizar la estrategia que se utiliza actualmente en este proceso y recogiendo las inquietudes que como comunidad nos han manifestado. Este cambio ser\u00e1 una \u00abmarcha blanca\u00bb hasta [&hellip;]<\/p>\n","protected":false},"author":6,"featured_media":5136,"comment_status":"closed","ping_status":"","sticky":false,"template":"","format":"standard","meta":{"site-sidebar-layout":"default","site-content-layout":"","ast-site-content-layout":"default","site-content-style":"default","site-sidebar-style":"default","ast-global-header-display":"","ast-banner-title-visibility":"","ast-main-header-display":"","ast-hfb-above-header-display":"","ast-hfb-below-header-display":"","ast-hfb-mobile-header-display":"","site-post-title":"","ast-breadcrumbs-content":"","ast-featured-img":"","footer-sml-layout":"","ast-disable-related-posts":"","theme-transparent-header-meta":"","adv-header-id-meta":"","stick-header-meta":"","header-above-stick-meta":"","header-main-stick-meta":"","header-below-stick-meta":"","astra-migrate-meta-layouts":"default","ast-page-background-enabled":"default","ast-page-background-meta":{"desktop":{"background-color":"var(--ast-global-color-4)","background-image":"","background-repeat":"repeat","background-position":"center center","background-size":"auto","background-attachment":"scroll","background-type":"","background-media":"","overlay-type":"","overlay-color":"","overlay-opacity":"","overlay-gradient":""},"tablet":{"background-color":"","background-image":"","background-repeat":"repeat","background-position":"center center","background-size":"auto","background-attachment":"scroll","background-type":"","background-media":"","overlay-type":"","overlay-color":"","overlay-opacity":"","overlay-gradient":""},"mobile":{"background-color":"","background-image":"","background-repeat":"repeat","background-position":"center center","background-size":"auto","background-attachment":"scroll","background-type":"","background-media":"","overlay-type":"","overlay-color":"","overlay-opacity":"","overlay-gradient":""}},"ast-content-background-meta":{"desktop":{"background-color":"var(--ast-global-color-5)","background-image":"","background-repeat":"repeat","background-position":"center center","background-size":"auto","background-attachment":"scroll","background-type":"","background-media":"","overlay-type":"","overlay-color":"","overlay-opacity":"","overlay-gradient":""},"tablet":{"background-color":"var(--ast-global-color-5)","background-image":"","background-repeat":"repeat","background-position":"center center","background-size":"auto","background-attachment":"scroll","background-type":"","background-media":"","overlay-type":"","overlay-color":"","overlay-opacity":"","overlay-gradient":""},"mobile":{"background-color":"var(--ast-global-color-5)","background-image":"","background-repeat":"repeat","background-position":"center center","background-size":"auto","background-attachment":"scroll","background-type":"","background-media":"","overlay-type":"","overlay-color":"","overlay-opacity":"","overlay-gradient":""}},"footnotes":""},"categories":[1],"tags":[],"class_list":["post-5135","post","type-post","status-publish","format-standard","has-post-thumbnail","hentry","category-noticias"],"_links":{"self":[{"href":"https:\/\/lacruz.cl\/a94a8fe5\/wp-json\/wp\/v2\/posts\/5135","targetHints":{"allow":["GET"]}}],"collection":[{"href":"https:\/\/lacruz.cl\/a94a8fe5\/wp-json\/wp\/v2\/posts"}],"about":[{"href":"https:\/\/lacruz.cl\/a94a8fe5\/wp-json\/wp\/v2\/types\/post"}],"author":[{"embeddable":true,"href":"https:\/\/lacruz.cl\/a94a8fe5\/wp-json\/wp\/v2\/users\/6"}],"replies":[{"embeddable":true,"href":"https:\/\/lacruz.cl\/a94a8fe5\/wp-json\/wp\/v2\/comments?post=5135"}],"version-history":[{"count":4,"href":"https:\/\/lacruz.cl\/a94a8fe5\/wp-json\/wp\/v2\/posts\/5135\/revisions"}],"predecessor-version":[{"id":5153,"href":"https:\/\/lacruz.cl\/a94a8fe5\/wp-json\/wp\/v2\/posts\/5135\/revisions\/5153"}],"wp:featuredmedia":[{"embeddable":true,"href":"https:\/\/lacruz.cl\/a94a8fe5\/wp-json\/wp\/v2\/media\/5136"}],"wp:attachment":[{"href":"https:\/\/lacruz.cl\/a94a8fe5\/wp-json\/wp\/v2\/media?parent=5135"}],"wp:term":[{"taxonomy":"category","embeddable":true,"href":"https:\/\/lacruz.cl\/a94a8fe5\/wp-json\/wp\/v2\/categories?post=5135"},{"taxonomy":"post_tag","embeddable":true,"href":"https:\/\/lacruz.cl\/a94a8fe5\/wp-json\/wp\/v2\/tags?post=5135"}],"curies":[{"name":"wp","href":"https:\/\/api.w.org\/{rel}","templated":true}]}}