{"id":5011,"date":"2022-01-03T11:12:13","date_gmt":"2022-01-03T14:12:13","guid":{"rendered":"https:\/\/lacruz.cl\/?p=5011"},"modified":"2022-01-10T12:32:02","modified_gmt":"2022-01-10T15:32:02","slug":"talleres-de-verano-en-la-cruz","status":"publish","type":"post","link":"https:\/\/lacruz.cl\/a94a8fe5\/noticias\/talleres-de-verano-en-la-cruz\/","title":{"rendered":"Talleres de Verano en La Cruz"},"content":{"rendered":"\t\t<div data-elementor-type=\"wp-post\" data-elementor-id=\"5011\" class=\"elementor elementor-5011\" data-elementor-post-type=\"post\">\n\t\t\t\t\t\t<section class=\"elementor-section elementor-top-section elementor-element elementor-element-216a4f2a elementor-section-boxed elementor-section-height-default elementor-section-height-default\" data-id=\"216a4f2a\" data-element_type=\"section\" data-e-type=\"section\">\n\t\t\t\t\t\t<div class=\"elementor-container elementor-column-gap-default\">\n\t\t\t\t\t<div class=\"elementor-column elementor-col-100 elementor-top-column elementor-element elementor-element-16181a98\" data-id=\"16181a98\" data-element_type=\"column\" data-e-type=\"column\">\n\t\t\t<div class=\"elementor-widget-wrap elementor-element-populated\">\n\t\t\t\t\t\t<div class=\"elementor-element elementor-element-1b5ce6da elementor-widget elementor-widget-text-editor\" data-id=\"1b5ce6da\" data-element_type=\"widget\" data-e-type=\"widget\" data-widget_type=\"text-editor.default\">\n\t\t\t\t<div class=\"elementor-widget-container\">\n\t\t\t\t\t\t\t\t\t<p><\/p>\n<p>\u00a1Este verano la cultura se mueve en La Cruz! Inscr\u00edbete en los talleres de diversas disciplinas y tem\u00e1ticas que tenemos para ti y tu familia durante enero y febrero. Las inscripciones son a trav\u00e9s del formulario de google y si tienes consultas puedes comunicarte con la Unidad de Cultura al +569 90618716 o al correo marilyn.lizama@lacruz.cl. M\u00e1s informaci\u00f3n en www.lacruz.cl \u00a1Te esperamos!<\/p>\n<p>INSCRIPCIONES AC\u00c1 &#8212;&gt; <a href=\"https:\/\/docs.google.com\/forms\/d\/e\/1FAIpQLScLjpcrliq5tI0hB5FTkoJ-SLRmTY0kokgUojKmWwD0pPR7Ew\/viewform\">https:\/\/bit.ly\/3ti61gL<\/a><br><\/p>\n<p><strong style=\"font-style: inherit; color: var( --e-global-color-text ); font-family: var( --e-global-typography-text-font-family ), Sans-serif;\">Mizif\u00fa y los tesoros escondidos (cuentacuento sobre patrimonio local)&nbsp;<\/strong><br><\/p>\n<p>Martes 4 y 18 de enero 15:30 horas en Museo. Simpson N\u00b0 015<br>Edad: de 3 a 6 a\u00f1os<br>Facilita: Ana Ximena P\u00e9rez, encargada del Museo<\/p>\n<p><\/p>\n<p><strong>Peque\u00f1as\/os Alfareras\/os. Aprende sobre nuestros pueblos originarios a trav\u00e9s de la arcilla.&nbsp;<\/strong><br>Martes 11 y 25 de enero 15:30 horas en Museo. Simpson N\u00b0 015<br>Edad: de 5 a 10 a\u00f1os<br>Facilita: Ana Ximena P\u00e9rez, encargada del Museo<\/p>\n<p><\/p>\n<p><strong>Mizif\u00fa en busca de los tesoros Incas (actividad con t\u00edteres para acercar la cultura de los pueblos originarios)&nbsp;<\/strong><br>17, 19 y 21 de enero (3 sesiones) 15:30 horas en Museo. Simpson N\u00b0 015<br>Edad: de 5 a 12 a\u00f1os<br>Facilita: Ana Ximena P\u00e9rez, encargada del Museo<\/p>\n<p><\/p>\n<p><strong>Yoga infantil<\/strong><br>Martes y viernes de enero 10:00 horas Plaza de La Cruz&nbsp;<br>Edad: 3 a 12 a\u00f1os<br>Facilita: Vanessa Olivares, t\u00e9cnico en salud y terapias naturales<\/p>\n<p><\/p>\n<p><strong>Medicina del estilo de vida: hacia una alimentaci\u00f3n consciente (6 sesiones)<br><\/strong><span style=\"color: var( --e-global-color-text ); font-family: var( --e-global-typography-text-font-family ), Sans-serif; font-weight: var( --e-global-typography-text-font-weight );\">Fechas: 19 y 26 de enero;&nbsp;<\/span><span style=\"color: var( --e-global-color-text ); font-family: var( --e-global-typography-text-font-family ), Sans-serif; font-weight: var( --e-global-typography-text-font-weight );\">2,9,16 y 23 de febrero&nbsp;<br><\/span><span style=\"color: var( --e-global-color-text ); font-family: var( --e-global-typography-text-font-family ), Sans-serif; font-style: inherit; font-weight: inherit;\">16:30 horas en Centro Cultural. Av. 21 de mayo #5625<br><\/span><span style=\"font-style: inherit; font-weight: inherit; color: var( --e-global-color-text ); font-family: var( --e-global-typography-text-font-family ), Sans-serif;\">Edad: desde los 15 a\u00f1os<br><\/span><span style=\"font-style: inherit; font-weight: inherit; color: var( --e-global-color-text ); font-family: var( --e-global-typography-text-font-family ), Sans-serif;\">Facilita: Mar\u00eda Francisca Mella, asesora en alimentaci\u00f3n consciente<\/span><\/p>\n<p><strong>Danzas Afroperuanas. Ritmo, movimiento y conexi\u00f3n (online)<\/strong><br>S\u00e1bados del 8 al 29 de enero (4 sesiones) 10:00 horas v\u00eda Zoom<br>Edad: desde 18 a\u00f1os<br>Facilita: Olga Herrera S\u00e1nchez, monitora de danzas afroperuanas<\/p>\n<p><\/p>\n<p><strong>40 pel\u00edculas que ver antes de morir<\/strong><br>Martes 11 de enero 17:00 horas y mi\u00e9rcoles 12 de enero 11:00 horas en Auditorio Edificio Rolando Arcos (Av. 21 de mayo #5470)<br>Edad: desde los 15 a\u00f1os<br>Facilita: Hans Stange, profesor de la Universidad de Chile<\/p>\n<p><\/p>\n<p><strong>Stop Motion&nbsp;<\/strong><br>Mi\u00e9rcoles de enero y febrero (8 sesiones) a las 16:00 horas en Auditorio Edificio Rolando Arcos (Av. 21 de mayo #5470)<br>Edad: 11 a 18 a\u00f1os&nbsp;&nbsp;<br>Facilita: Cristian Riquelme, realizador audiovisual<\/p>\n<p><\/p>\n<p><strong>Redes sociales para proyectos culturales<\/strong><br>Martes 25 de enero 18:00 horas en Auditorio Edificio Rolando Arcos (Av. 21 de mayo #5470)<br>Edad: desde 16 a\u00f1os<br>Facilita: Marilyn Lizama Mu\u00f1oz, periodista y gestora cultural<\/p>\n<p><\/p>\n<p><strong>Radio comunitaria para ni\u00f1os, ni\u00f1as y j\u00f3venes<\/strong><br>S\u00e1bados 8, 15, 22 y 29 de enero 10:00 horas en Edificio Rolando Arcos<br>Edad: 7 a 18 a\u00f1os<br>Facilita: Marilyn Lizama Mu\u00f1oz, periodista y Nicol\u00e1s Painefilo, fundador y conductor de Radio Perilla<\/p>\n<p><\/p>\n<p><strong>Taller de Escritura Creativa<\/strong><br>S\u00e1bados 8, 15, 22 y 29 de enero 10:00 horas en Auditorio Edificio Rolando Arcos<br>Edad: 13 a\u00f1os en adelante&nbsp;<br>Facilita: Javiera Cortez, escritora, autora de \u201cSobredosis<\/p>\n<p><\/p>\n<p><\/p>\t\t\t\t\t\t\t\t<\/div>\n\t\t\t\t<\/div>\n\t\t\t\t\t<\/div>\n\t\t<\/div>\n\t\t\t\t\t<\/div>\n\t\t<\/section>\n\t\t\t\t<\/div>\n\t\t","protected":false},"excerpt":{"rendered":"<p>\u00a1Este verano la cultura se mueve en La Cruz! Inscr\u00edbete en los talleres de diversas disciplinas y tem\u00e1ticas que tenemos para ti y tu familia durante enero y febrero. Las inscripciones son a trav\u00e9s del formulario de google y si tienes consultas puedes comunicarte con la Unidad de Cultura al +569 90618716 o al correo [&hellip;]<\/p>\n","protected":false},"author":6,"featured_media":5012,"comment_status":"open","ping_status":"open","sticky":false,"template":"","format":"standard","meta":{"site-sidebar-layout":"default","site-content-layout":"","ast-site-content-layout":"default","site-content-style":"default","site-sidebar-style":"default","ast-global-header-display":"","ast-banner-title-visibility":"","ast-main-header-display":"","ast-hfb-above-header-display":"","ast-hfb-below-header-display":"","ast-hfb-mobile-header-display":"","site-post-title":"","ast-breadcrumbs-content":"","ast-featured-img":"","footer-sml-layout":"","ast-disable-related-posts":"","theme-transparent-header-meta":"","adv-header-id-meta":"","stick-header-meta":"","header-above-stick-meta":"","header-main-stick-meta":"","header-below-stick-meta":"","astra-migrate-meta-layouts":"default","ast-page-background-enabled":"default","ast-page-background-meta":{"desktop":{"background-color":"var(--ast-global-color-4)","background-image":"","background-repeat":"repeat","background-position":"center center","background-size":"auto","background-attachment":"scroll","background-type":"","background-media":"","overlay-type":"","overlay-color":"","overlay-opacity":"","overlay-gradient":""},"tablet":{"background-color":"","background-image":"","background-repeat":"repeat","background-position":"center center","background-size":"auto","background-attachment":"scroll","background-type":"","background-media":"","overlay-type":"","overlay-color":"","overlay-opacity":"","overlay-gradient":""},"mobile":{"background-color":"","background-image":"","background-repeat":"repeat","background-position":"center center","background-size":"auto","background-attachment":"scroll","background-type":"","background-media":"","overlay-type":"","overlay-color":"","overlay-opacity":"","overlay-gradient":""}},"ast-content-background-meta":{"desktop":{"background-color":"var(--ast-global-color-5)","background-image":"","background-repeat":"repeat","background-position":"center center","background-size":"auto","background-attachment":"scroll","background-type":"","background-media":"","overlay-type":"","overlay-color":"","overlay-opacity":"","overlay-gradient":""},"tablet":{"background-color":"var(--ast-global-color-5)","background-image":"","background-repeat":"repeat","background-position":"center center","background-size":"auto","background-attachment":"scroll","background-type":"","background-media":"","overlay-type":"","overlay-color":"","overlay-opacity":"","overlay-gradient":""},"mobile":{"background-color":"var(--ast-global-color-5)","background-image":"","background-repeat":"repeat","background-position":"center center","background-size":"auto","background-attachment":"scroll","background-type":"","background-media":"","overlay-type":"","overlay-color":"","overlay-opacity":"","overlay-gradient":""}},"footnotes":""},"categories":[1],"tags":[],"class_list":["post-5011","post","type-post","status-publish","format-standard","has-post-thumbnail","hentry","category-noticias"],"_links":{"self":[{"href":"https:\/\/lacruz.cl\/a94a8fe5\/wp-json\/wp\/v2\/posts\/5011","targetHints":{"allow":["GET"]}}],"collection":[{"href":"https:\/\/lacruz.cl\/a94a8fe5\/wp-json\/wp\/v2\/posts"}],"about":[{"href":"https:\/\/lacruz.cl\/a94a8fe5\/wp-json\/wp\/v2\/types\/post"}],"author":[{"embeddable":true,"href":"https:\/\/lacruz.cl\/a94a8fe5\/wp-json\/wp\/v2\/users\/6"}],"replies":[{"embeddable":true,"href":"https:\/\/lacruz.cl\/a94a8fe5\/wp-json\/wp\/v2\/comments?post=5011"}],"version-history":[{"count":25,"href":"https:\/\/lacruz.cl\/a94a8fe5\/wp-json\/wp\/v2\/posts\/5011\/revisions"}],"predecessor-version":[{"id":5077,"href":"https:\/\/lacruz.cl\/a94a8fe5\/wp-json\/wp\/v2\/posts\/5011\/revisions\/5077"}],"wp:featuredmedia":[{"embeddable":true,"href":"https:\/\/lacruz.cl\/a94a8fe5\/wp-json\/wp\/v2\/media\/5012"}],"wp:attachment":[{"href":"https:\/\/lacruz.cl\/a94a8fe5\/wp-json\/wp\/v2\/media?parent=5011"}],"wp:term":[{"taxonomy":"category","embeddable":true,"href":"https:\/\/lacruz.cl\/a94a8fe5\/wp-json\/wp\/v2\/categories?post=5011"},{"taxonomy":"post_tag","embeddable":true,"href":"https:\/\/lacruz.cl\/a94a8fe5\/wp-json\/wp\/v2\/tags?post=5011"}],"curies":[{"name":"wp","href":"https:\/\/api.w.org\/{rel}","templated":true}]}}