{"id":4847,"date":"2021-12-14T16:21:46","date_gmt":"2021-12-14T19:21:46","guid":{"rendered":"https:\/\/lacruz.cl\/?p=4847"},"modified":"2021-12-14T16:22:25","modified_gmt":"2021-12-14T19:22:25","slug":"i-municipalidad-de-la-cruz-inicia-campana-solidaria-para-ir-en-ayuda-de-damnificadasos-por-el-incendio-de-castro","status":"publish","type":"post","link":"https:\/\/lacruz.cl\/a94a8fe5\/noticias\/i-municipalidad-de-la-cruz-inicia-campana-solidaria-para-ir-en-ayuda-de-damnificadasos-por-el-incendio-de-castro\/","title":{"rendered":"I. Municipalidad de La Cruz inicia campa\u00f1a solidaria en ayuda de damnificadas(os) por el incendio de Castro"},"content":{"rendered":"\n<p>Como comuna, no podemos estar ajenos ante la dif\u00edcil situaci\u00f3n que est\u00e1n atravesando nuestras y nuestros compatriotas de Castro debido al devastador incendio que les ha afectado recientemente. <br><br>Es por ello que nuestra alcaldesa Filomena Navia Hevia se ha puesto en contacto con el alcalde de esta localidad para dar inicio a una campa\u00f1a de recolecci\u00f3n de insumos y alimentos, los que ser\u00e1n enviados en camiones desde La Cruz la primera semana de enero. <br><br>\u00a1Puedes dejar tu aporte en el frontis del municipio desde hoy y hasta el 30 de diciembre!  Estamos recibiendo:<br><br>Art\u00edculos de aseo personal (toallas higi\u00e9nicas, papel higi\u00e9nico, pa\u00f1uelos desechables, desodorante, cepillos de dientes, pasta de dientes, jab\u00f3n, shampoo etc).<br><br>*Art\u00edculos de aseo (Mascarillas, alcohol gel, aerosoles desinfectantes, toallas desinfectantes)<img loading=\"lazy\" decoding=\"async\" height=\"16\" width=\"16\" alt=\"\ud83e\udd6b\" src=\"https:\/\/static.xx.fbcdn.net\/images\/emoji.php\/v9\/td6\/1.5\/16\/1f96b.png\">Alimentos no perecibles (Caf\u00e9 en tarro, leche, legumbres, pastas, az\u00facar, arroz, latas de at\u00fan).<br><br>*Insumos para mascotas (arn\u00e9s, correas, platos, jaulas transportadoras, alimento seco y h\u00famedo para perro\/gato, sabanillas, suero, gasa, frazadas).<br><br>*Agua embotellada <br><br>*Art\u00edculos recreacionales para ni\u00f1as y ni\u00f1os (L\u00e1pices de colores, libros de pintar, juegos de mesa). <br><br>\u00a1Porque <a href=\"https:\/\/web.facebook.com\/hashtag\/s%C3%ADsepuede?__eep__=6&amp;__cft__[0]=AZV0BWcDIJ8sAPFpMsdt4mGGvz4_wKAj4iT6LKv_AVZpl6lwkFcYyLvwMAH92Rj9dXc4-PDzAoSo6FovbJuK2ojhQimGHxDiiKguTt3B_wgtYzmjosONBzIOvBzuR2m8AhHan3IYO07F5WVF2kdVMfPgXVnwcBh26L5Cxie3Kb-iuy1GSYumh4AK-jA7URenwx8&amp;__tn__=*NK-R\">#S\u00edSePuede<\/a> hacer m\u00e1s, La Cruz apoya a Castro! <img loading=\"lazy\" decoding=\"async\" height=\"16\" width=\"16\" alt=\"\ud83d\ude4f\ud83c\udffc\" src=\"https:\/\/static.xx.fbcdn.net\/images\/emoji.php\/v9\/t15\/1.5\/16\/1f64f_1f3fc.png\"><\/p>\n\n\n\n<figure class=\"wp-block-image size-large\"><img loading=\"lazy\" decoding=\"async\" width=\"1024\" height=\"1024\" src=\"https:\/\/lacruz.cl\/a94a8fe5\/wp-content\/uploads\/2021\/12\/catastro-castro_Mesa-de-trabajo-1-1024x1024.jpg\" alt=\"\" class=\"wp-image-4848\" srcset=\"https:\/\/lacruz.cl\/a94a8fe5\/wp-content\/uploads\/2021\/12\/catastro-castro_Mesa-de-trabajo-1-1024x1024.jpg 1024w, https:\/\/lacruz.cl\/a94a8fe5\/wp-content\/uploads\/2021\/12\/catastro-castro_Mesa-de-trabajo-1-300x300.jpg 300w, https:\/\/lacruz.cl\/a94a8fe5\/wp-content\/uploads\/2021\/12\/catastro-castro_Mesa-de-trabajo-1-150x150.jpg 150w, https:\/\/lacruz.cl\/a94a8fe5\/wp-content\/uploads\/2021\/12\/catastro-castro_Mesa-de-trabajo-1-768x768.jpg 768w, https:\/\/lacruz.cl\/a94a8fe5\/wp-content\/uploads\/2021\/12\/catastro-castro_Mesa-de-trabajo-1-1536x1536.jpg 1536w, https:\/\/lacruz.cl\/a94a8fe5\/wp-content\/uploads\/2021\/12\/catastro-castro_Mesa-de-trabajo-1-2048x2048.jpg 2048w\" sizes=\"auto, (max-width: 1024px) 100vw, 1024px\" \/><\/figure>\n","protected":false},"excerpt":{"rendered":"<p>Como comuna, no podemos estar ajenos ante la dif\u00edcil situaci\u00f3n que est\u00e1n atravesando nuestras y nuestros compatriotas de Castro debido al devastador incendio que les ha afectado recientemente. Es por ello que nuestra alcaldesa Filomena Navia Hevia se ha puesto en contacto con el alcalde de esta localidad para dar inicio a una campa\u00f1a de [&hellip;]<\/p>\n","protected":false},"author":6,"featured_media":4849,"comment_status":"open","ping_status":"open","sticky":false,"template":"","format":"standard","meta":{"site-sidebar-layout":"default","site-content-layout":"","ast-site-content-layout":"default","site-content-style":"default","site-sidebar-style":"default","ast-global-header-display":"","ast-banner-title-visibility":"","ast-main-header-display":"","ast-hfb-above-header-display":"","ast-hfb-below-header-display":"","ast-hfb-mobile-header-display":"","site-post-title":"","ast-breadcrumbs-content":"","ast-featured-img":"","footer-sml-layout":"","ast-disable-related-posts":"","theme-transparent-header-meta":"","adv-header-id-meta":"","stick-header-meta":"","header-above-stick-meta":"","header-main-stick-meta":"","header-below-stick-meta":"","astra-migrate-meta-layouts":"default","ast-page-background-enabled":"default","ast-page-background-meta":{"desktop":{"background-color":"var(--ast-global-color-4)","background-image":"","background-repeat":"repeat","background-position":"center center","background-size":"auto","background-attachment":"scroll","background-type":"","background-media":"","overlay-type":"","overlay-color":"","overlay-opacity":"","overlay-gradient":""},"tablet":{"background-color":"","background-image":"","background-repeat":"repeat","background-position":"center center","background-size":"auto","background-attachment":"scroll","background-type":"","background-media":"","overlay-type":"","overlay-color":"","overlay-opacity":"","overlay-gradient":""},"mobile":{"background-color":"","background-image":"","background-repeat":"repeat","background-position":"center center","background-size":"auto","background-attachment":"scroll","background-type":"","background-media":"","overlay-type":"","overlay-color":"","overlay-opacity":"","overlay-gradient":""}},"ast-content-background-meta":{"desktop":{"background-color":"var(--ast-global-color-5)","background-image":"","background-repeat":"repeat","background-position":"center center","background-size":"auto","background-attachment":"scroll","background-type":"","background-media":"","overlay-type":"","overlay-color":"","overlay-opacity":"","overlay-gradient":""},"tablet":{"background-color":"var(--ast-global-color-5)","background-image":"","background-repeat":"repeat","background-position":"center center","background-size":"auto","background-attachment":"scroll","background-type":"","background-media":"","overlay-type":"","overlay-color":"","overlay-opacity":"","overlay-gradient":""},"mobile":{"background-color":"var(--ast-global-color-5)","background-image":"","background-repeat":"repeat","background-position":"center center","background-size":"auto","background-attachment":"scroll","background-type":"","background-media":"","overlay-type":"","overlay-color":"","overlay-opacity":"","overlay-gradient":""}},"footnotes":""},"categories":[1],"tags":[],"class_list":["post-4847","post","type-post","status-publish","format-standard","has-post-thumbnail","hentry","category-noticias"],"_links":{"self":[{"href":"https:\/\/lacruz.cl\/a94a8fe5\/wp-json\/wp\/v2\/posts\/4847","targetHints":{"allow":["GET"]}}],"collection":[{"href":"https:\/\/lacruz.cl\/a94a8fe5\/wp-json\/wp\/v2\/posts"}],"about":[{"href":"https:\/\/lacruz.cl\/a94a8fe5\/wp-json\/wp\/v2\/types\/post"}],"author":[{"embeddable":true,"href":"https:\/\/lacruz.cl\/a94a8fe5\/wp-json\/wp\/v2\/users\/6"}],"replies":[{"embeddable":true,"href":"https:\/\/lacruz.cl\/a94a8fe5\/wp-json\/wp\/v2\/comments?post=4847"}],"version-history":[{"count":2,"href":"https:\/\/lacruz.cl\/a94a8fe5\/wp-json\/wp\/v2\/posts\/4847\/revisions"}],"predecessor-version":[{"id":4851,"href":"https:\/\/lacruz.cl\/a94a8fe5\/wp-json\/wp\/v2\/posts\/4847\/revisions\/4851"}],"wp:featuredmedia":[{"embeddable":true,"href":"https:\/\/lacruz.cl\/a94a8fe5\/wp-json\/wp\/v2\/media\/4849"}],"wp:attachment":[{"href":"https:\/\/lacruz.cl\/a94a8fe5\/wp-json\/wp\/v2\/media?parent=4847"}],"wp:term":[{"taxonomy":"category","embeddable":true,"href":"https:\/\/lacruz.cl\/a94a8fe5\/wp-json\/wp\/v2\/categories?post=4847"},{"taxonomy":"post_tag","embeddable":true,"href":"https:\/\/lacruz.cl\/a94a8fe5\/wp-json\/wp\/v2\/tags?post=4847"}],"curies":[{"name":"wp","href":"https:\/\/api.w.org\/{rel}","templated":true}]}}