{"id":4839,"date":"2021-12-14T16:05:25","date_gmt":"2021-12-14T19:05:25","guid":{"rendered":"https:\/\/lacruz.cl\/?p=4839"},"modified":"2021-12-14T16:05:53","modified_gmt":"2021-12-14T19:05:53","slug":"del-16-al-22-de-diciembre-funcionara-feria-navidena-en-la-plaza-de-la-cruz","status":"publish","type":"post","link":"https:\/\/lacruz.cl\/a94a8fe5\/noticias\/del-16-al-22-de-diciembre-funcionara-feria-navidena-en-la-plaza-de-la-cruz\/","title":{"rendered":"Del 16 al 22 de diciembre funcionar\u00e1 Feria Navide\u00f1a en la Plaza de La Cruz"},"content":{"rendered":"\n<p>\u00a1Haz tus compras de fin de a\u00f1o en la Feria Navide\u00f1a de la Plaza de La Cruz y apoya a las y los emprendedores de la comuna! Art\u00edculos de confecci\u00f3n propia, artesan\u00edas, orfebrer\u00eda, decoraci\u00f3n y m\u00e1s podr\u00e1s encontrar en la Feria Navide\u00f1a de la plaza comunal, desde el 16 al 22 de diciembre en los stands que funcionar\u00e1n de 11:00 de la ma\u00f1ana hasta las 21:00 hrs. <br> <\/p>\n\n\n\n<p> \u00abQueremos hacer la invitaci\u00f3n para la gente que va  comprar sus obsequio e navidad ara que nos visiten en esta feria navide\u00f1a. Planificada por el Departamento de Fomento Productivo y tiene como finalidad hacer que podamos avanzar hacia una comuna que otorga oportunidades para el emprendimiento y adem\u00e1s, fomenta la econom\u00eda circular. Adem\u00e1s, si van a hace regalos vengan a comprarlos ac\u00e1\u00bb, se\u00f1al\u00f3 sobre esta iniciativa la alcaldesa Filomena Navia Hevia.<br><br> \u00a1Compra local esta navidad!\u00a0 <\/p>\n\n\n\n<p><\/p>\n\n\n\n<p><\/p>\n\n\n\n<p><\/p>\n\n\n\n<p><\/p>\n\n\n\n<p><\/p>\n\n\n\n<figure class=\"wp-block-image size-full\"><img loading=\"lazy\" decoding=\"async\" width=\"843\" height=\"866\" src=\"https:\/\/lacruz.cl\/a94a8fe5\/wp-content\/uploads\/2021\/12\/263616432_4609727232425841_2250423382705147195_n.jpg\" alt=\"\" class=\"wp-image-4840\" srcset=\"https:\/\/lacruz.cl\/a94a8fe5\/wp-content\/uploads\/2021\/12\/263616432_4609727232425841_2250423382705147195_n.jpg 843w, https:\/\/lacruz.cl\/a94a8fe5\/wp-content\/uploads\/2021\/12\/263616432_4609727232425841_2250423382705147195_n-292x300.jpg 292w, https:\/\/lacruz.cl\/a94a8fe5\/wp-content\/uploads\/2021\/12\/263616432_4609727232425841_2250423382705147195_n-768x789.jpg 768w\" sizes=\"auto, (max-width: 843px) 100vw, 843px\" \/><\/figure>\n","protected":false},"excerpt":{"rendered":"<p>\u00a1Haz tus compras de fin de a\u00f1o en la Feria Navide\u00f1a de la Plaza de La Cruz y apoya a las y los emprendedores de la comuna! Art\u00edculos de confecci\u00f3n propia, artesan\u00edas, orfebrer\u00eda, decoraci\u00f3n y m\u00e1s podr\u00e1s encontrar en la Feria Navide\u00f1a de la plaza comunal, desde el 16 al 22 de diciembre en los [&hellip;]<\/p>\n","protected":false},"author":6,"featured_media":4840,"comment_status":"open","ping_status":"open","sticky":false,"template":"","format":"standard","meta":{"site-sidebar-layout":"default","site-content-layout":"","ast-site-content-layout":"default","site-content-style":"default","site-sidebar-style":"default","ast-global-header-display":"","ast-banner-title-visibility":"","ast-main-header-display":"","ast-hfb-above-header-display":"","ast-hfb-below-header-display":"","ast-hfb-mobile-header-display":"","site-post-title":"","ast-breadcrumbs-content":"","ast-featured-img":"","footer-sml-layout":"","ast-disable-related-posts":"","theme-transparent-header-meta":"","adv-header-id-meta":"","stick-header-meta":"","header-above-stick-meta":"","header-main-stick-meta":"","header-below-stick-meta":"","astra-migrate-meta-layouts":"default","ast-page-background-enabled":"default","ast-page-background-meta":{"desktop":{"background-color":"var(--ast-global-color-4)","background-image":"","background-repeat":"repeat","background-position":"center center","background-size":"auto","background-attachment":"scroll","background-type":"","background-media":"","overlay-type":"","overlay-color":"","overlay-opacity":"","overlay-gradient":""},"tablet":{"background-color":"","background-image":"","background-repeat":"repeat","background-position":"center center","background-size":"auto","background-attachment":"scroll","background-type":"","background-media":"","overlay-type":"","overlay-color":"","overlay-opacity":"","overlay-gradient":""},"mobile":{"background-color":"","background-image":"","background-repeat":"repeat","background-position":"center center","background-size":"auto","background-attachment":"scroll","background-type":"","background-media":"","overlay-type":"","overlay-color":"","overlay-opacity":"","overlay-gradient":""}},"ast-content-background-meta":{"desktop":{"background-color":"var(--ast-global-color-5)","background-image":"","background-repeat":"repeat","background-position":"center center","background-size":"auto","background-attachment":"scroll","background-type":"","background-media":"","overlay-type":"","overlay-color":"","overlay-opacity":"","overlay-gradient":""},"tablet":{"background-color":"var(--ast-global-color-5)","background-image":"","background-repeat":"repeat","background-position":"center center","background-size":"auto","background-attachment":"scroll","background-type":"","background-media":"","overlay-type":"","overlay-color":"","overlay-opacity":"","overlay-gradient":""},"mobile":{"background-color":"var(--ast-global-color-5)","background-image":"","background-repeat":"repeat","background-position":"center center","background-size":"auto","background-attachment":"scroll","background-type":"","background-media":"","overlay-type":"","overlay-color":"","overlay-opacity":"","overlay-gradient":""}},"footnotes":""},"categories":[1],"tags":[],"class_list":["post-4839","post","type-post","status-publish","format-standard","has-post-thumbnail","hentry","category-noticias"],"_links":{"self":[{"href":"https:\/\/lacruz.cl\/a94a8fe5\/wp-json\/wp\/v2\/posts\/4839","targetHints":{"allow":["GET"]}}],"collection":[{"href":"https:\/\/lacruz.cl\/a94a8fe5\/wp-json\/wp\/v2\/posts"}],"about":[{"href":"https:\/\/lacruz.cl\/a94a8fe5\/wp-json\/wp\/v2\/types\/post"}],"author":[{"embeddable":true,"href":"https:\/\/lacruz.cl\/a94a8fe5\/wp-json\/wp\/v2\/users\/6"}],"replies":[{"embeddable":true,"href":"https:\/\/lacruz.cl\/a94a8fe5\/wp-json\/wp\/v2\/comments?post=4839"}],"version-history":[{"count":3,"href":"https:\/\/lacruz.cl\/a94a8fe5\/wp-json\/wp\/v2\/posts\/4839\/revisions"}],"predecessor-version":[{"id":4843,"href":"https:\/\/lacruz.cl\/a94a8fe5\/wp-json\/wp\/v2\/posts\/4839\/revisions\/4843"}],"wp:featuredmedia":[{"embeddable":true,"href":"https:\/\/lacruz.cl\/a94a8fe5\/wp-json\/wp\/v2\/media\/4840"}],"wp:attachment":[{"href":"https:\/\/lacruz.cl\/a94a8fe5\/wp-json\/wp\/v2\/media?parent=4839"}],"wp:term":[{"taxonomy":"category","embeddable":true,"href":"https:\/\/lacruz.cl\/a94a8fe5\/wp-json\/wp\/v2\/categories?post=4839"},{"taxonomy":"post_tag","embeddable":true,"href":"https:\/\/lacruz.cl\/a94a8fe5\/wp-json\/wp\/v2\/tags?post=4839"}],"curies":[{"name":"wp","href":"https:\/\/api.w.org\/{rel}","templated":true}]}}