{"id":4816,"date":"2021-11-09T09:51:55","date_gmt":"2021-11-09T12:51:55","guid":{"rendered":"https:\/\/lacruz.cl\/?p=4816"},"modified":"2021-11-09T09:51:57","modified_gmt":"2021-11-09T12:51:57","slug":"proyecto-videos-musicales","status":"publish","type":"post","link":"https:\/\/lacruz.cl\/a94a8fe5\/inscripciones\/proyecto-videos-musicales\/","title":{"rendered":"Proyecto de Videos Musicales"},"content":{"rendered":"\n<p>\u00bfEres cantuatutor\/a y vives en La Cruz? \u00bfTienes canciones originales grabadas? Te estamos buscando para un proyecto de la Unidad de Cultura y la Direcci\u00f3n de Comunicaciones de la I. Municipalidad de La Cruz.<\/p>\n\n\n\n<p>Se trata de una serie de videos musicales que tienen como objetivo difundir una de tus composiciones en alg\u00fan rinc\u00f3n de nuestra comuna.&nbsp;<\/p>\n\n\n\n<p>El requisito es vivir en La Cruz y tener al menos una canci\u00f3n original grabada en estudio en buena calidad. Pueden participar bandas o solistas de cualquier estilo musical, con al menos un integrante con domicilio en la comuna de La Cruz.<\/p>\n\n\n\n<p>La grabaci\u00f3n de dichos materiales se programar\u00e1 en los meses de diciembre 2021 y febrero 2022. Postulaciones hasta el viernes 19 de noviembre 16:00 horas a trav\u00e9s de formulario. Enviar 1 o m\u00e1s canciones originales al correo <a href=\"mailto:marilyn.lizama@lacruz.cl\">marilyn.lizama@lacruz.cl<\/a>. Tambi\u00e9n puedes consultar dudas a ese mismo correo. Te enviaremos un mail confirmando si fuiste seleccionado.<\/p>\n\n\n\n<div class=\"wp-block-buttons is-layout-flex wp-block-buttons-is-layout-flex\">\n<div class=\"wp-block-button is-style-fill\"><a class=\"wp-block-button__link\" href=\"https:\/\/forms.gle\/RMZMDppuqBpMqd7w9\" target=\"_blank\" rel=\"noreferrer noopener\">Formulario de Inscripci\u00f3n<\/a><\/div>\n<\/div>\n","protected":false},"excerpt":{"rendered":"<p>\u00bfEres cantuatutor\/a y vives en La Cruz? \u00bfTienes canciones originales grabadas? Te estamos buscando para un proyecto de la Unidad de Cultura y la Direcci\u00f3n de Comunicaciones de la I. Municipalidad de La Cruz. Se trata de una serie de videos musicales que tienen como objetivo difundir una de tus composiciones en alg\u00fan rinc\u00f3n de [&hellip;]<\/p>\n","protected":false},"author":6,"featured_media":0,"comment_status":"open","ping_status":"open","sticky":false,"template":"","format":"standard","meta":{"site-sidebar-layout":"default","site-content-layout":"default","ast-site-content-layout":"default","site-content-style":"default","site-sidebar-style":"default","ast-global-header-display":"","ast-banner-title-visibility":"","ast-main-header-display":"","ast-hfb-above-header-display":"","ast-hfb-below-header-display":"","ast-hfb-mobile-header-display":"","site-post-title":"","ast-breadcrumbs-content":"","ast-featured-img":"","footer-sml-layout":"","ast-disable-related-posts":"","theme-transparent-header-meta":"default","adv-header-id-meta":"","stick-header-meta":"","header-above-stick-meta":"","header-main-stick-meta":"","header-below-stick-meta":"","astra-migrate-meta-layouts":"default","ast-page-background-enabled":"default","ast-page-background-meta":{"desktop":{"background-color":"var(--ast-global-color-4)","background-image":"","background-repeat":"repeat","background-position":"center center","background-size":"auto","background-attachment":"scroll","background-type":"","background-media":"","overlay-type":"","overlay-color":"","overlay-opacity":"","overlay-gradient":""},"tablet":{"background-color":"","background-image":"","background-repeat":"repeat","background-position":"center center","background-size":"auto","background-attachment":"scroll","background-type":"","background-media":"","overlay-type":"","overlay-color":"","overlay-opacity":"","overlay-gradient":""},"mobile":{"background-color":"","background-image":"","background-repeat":"repeat","background-position":"center center","background-size":"auto","background-attachment":"scroll","background-type":"","background-media":"","overlay-type":"","overlay-color":"","overlay-opacity":"","overlay-gradient":""}},"ast-content-background-meta":{"desktop":{"background-color":"var(--ast-global-color-5)","background-image":"","background-repeat":"repeat","background-position":"center center","background-size":"auto","background-attachment":"scroll","background-type":"","background-media":"","overlay-type":"","overlay-color":"","overlay-opacity":"","overlay-gradient":""},"tablet":{"background-color":"var(--ast-global-color-5)","background-image":"","background-repeat":"repeat","background-position":"center center","background-size":"auto","background-attachment":"scroll","background-type":"","background-media":"","overlay-type":"","overlay-color":"","overlay-opacity":"","overlay-gradient":""},"mobile":{"background-color":"var(--ast-global-color-5)","background-image":"","background-repeat":"repeat","background-position":"center center","background-size":"auto","background-attachment":"scroll","background-type":"","background-media":"","overlay-type":"","overlay-color":"","overlay-opacity":"","overlay-gradient":""}},"footnotes":""},"categories":[20],"tags":[],"class_list":["post-4816","post","type-post","status-publish","format-standard","hentry","category-inscripciones"],"_links":{"self":[{"href":"https:\/\/lacruz.cl\/a94a8fe5\/wp-json\/wp\/v2\/posts\/4816","targetHints":{"allow":["GET"]}}],"collection":[{"href":"https:\/\/lacruz.cl\/a94a8fe5\/wp-json\/wp\/v2\/posts"}],"about":[{"href":"https:\/\/lacruz.cl\/a94a8fe5\/wp-json\/wp\/v2\/types\/post"}],"author":[{"embeddable":true,"href":"https:\/\/lacruz.cl\/a94a8fe5\/wp-json\/wp\/v2\/users\/6"}],"replies":[{"embeddable":true,"href":"https:\/\/lacruz.cl\/a94a8fe5\/wp-json\/wp\/v2\/comments?post=4816"}],"version-history":[{"count":1,"href":"https:\/\/lacruz.cl\/a94a8fe5\/wp-json\/wp\/v2\/posts\/4816\/revisions"}],"predecessor-version":[{"id":4817,"href":"https:\/\/lacruz.cl\/a94a8fe5\/wp-json\/wp\/v2\/posts\/4816\/revisions\/4817"}],"wp:attachment":[{"href":"https:\/\/lacruz.cl\/a94a8fe5\/wp-json\/wp\/v2\/media?parent=4816"}],"wp:term":[{"taxonomy":"category","embeddable":true,"href":"https:\/\/lacruz.cl\/a94a8fe5\/wp-json\/wp\/v2\/categories?post=4816"},{"taxonomy":"post_tag","embeddable":true,"href":"https:\/\/lacruz.cl\/a94a8fe5\/wp-json\/wp\/v2\/tags?post=4816"}],"curies":[{"name":"wp","href":"https:\/\/api.w.org\/{rel}","templated":true}]}}