{"id":4596,"date":"2021-11-02T13:37:45","date_gmt":"2021-11-02T16:37:45","guid":{"rendered":"https:\/\/lacruz.cl\/?p=4596"},"modified":"2021-11-02T13:39:38","modified_gmt":"2021-11-02T16:39:38","slug":"exposicion-de-retablos-de-casas-y-espacios-crucinos-historicos-se-encuentra-abierta-a-publico-en-el-museo-comunal","status":"publish","type":"post","link":"https:\/\/lacruz.cl\/a94a8fe5\/noticias\/exposicion-de-retablos-de-casas-y-espacios-crucinos-historicos-se-encuentra-abierta-a-publico-en-el-museo-comunal\/","title":{"rendered":"Exposici\u00f3n de retablos de casas y espacios crucinos hist\u00f3ricos se encuentra abierta a p\u00fablico en el Museo Comunal"},"content":{"rendered":"\n<p>Una recopilaci\u00f3n de 9 peque\u00f1as fachadas en miniatura de casas y espacios hist\u00f3ricos de La Cruz confeccionados a mano por el artesano crucino autodidacta Jorge G\u00f3mez son las que por estos d\u00edas se exhiben en el <strong>Complejo Cultural Museo Interactivo La Cruz<\/strong>, ubicado en calle Simpson #15.<\/p>\n\n\n\n<p>Jorge G\u00f3mez Quezada, el artista que expone en esta ocasi\u00f3n, se\u00f1al\u00f3 que \u201cEsto lo hago como hobby y empez\u00f3 como una manera de protestar de que como crucinos no protegi\u00e9ramos nuestro patrimonio hist\u00f3rico y cultural. La mayor\u00eda de estos retablos son de lugares que ya no est\u00e1n o que fueron modificados. Sabemos que hemos sido invadidos por los condominios pero espero que en alg\u00fan momento podamos modificar esto ojal\u00e1 con una ordenanza municipal donde resguardamos lo que es nuestro. Esto lo hice con el coraz\u00f3n y esperando que los ni\u00f1os puedan ver c\u00f3mo era antes la comuna\u201d.<\/p>\n\n\n\n<p>La muestra estar\u00e1 disponible hasta el 26 de noviembre de lunes a jueves de 9:00 a 13:45 y de 14:45 a 17:15 y los viernes de 9:00 a 13:45&nbsp; \/y de 14:45 a 16:30.<\/p>\n\n\n\n<p><\/p>\n\n\n\n<figure class=\"wp-block-image size-large\"><img loading=\"lazy\" decoding=\"async\" width=\"1024\" height=\"768\" src=\"https:\/\/lacruz.cl\/a94a8fe5\/wp-content\/uploads\/2021\/11\/WhatsApp-Image-2021-10-29-at-09.44.27-1024x768.jpeg\" alt=\"\" class=\"wp-image-4599\" srcset=\"https:\/\/lacruz.cl\/a94a8fe5\/wp-content\/uploads\/2021\/11\/WhatsApp-Image-2021-10-29-at-09.44.27-1024x768.jpeg 1024w, https:\/\/lacruz.cl\/a94a8fe5\/wp-content\/uploads\/2021\/11\/WhatsApp-Image-2021-10-29-at-09.44.27-300x225.jpeg 300w, https:\/\/lacruz.cl\/a94a8fe5\/wp-content\/uploads\/2021\/11\/WhatsApp-Image-2021-10-29-at-09.44.27-768x576.jpeg 768w, https:\/\/lacruz.cl\/a94a8fe5\/wp-content\/uploads\/2021\/11\/WhatsApp-Image-2021-10-29-at-09.44.27-1536x1152.jpeg 1536w, https:\/\/lacruz.cl\/a94a8fe5\/wp-content\/uploads\/2021\/11\/WhatsApp-Image-2021-10-29-at-09.44.27.jpeg 1600w\" sizes=\"auto, (max-width: 1024px) 100vw, 1024px\" \/><\/figure>\n\n\n\n<figure class=\"wp-block-image size-large\"><img loading=\"lazy\" decoding=\"async\" width=\"1024\" height=\"768\" src=\"https:\/\/lacruz.cl\/a94a8fe5\/wp-content\/uploads\/2021\/11\/WhatsApp-Image-2021-10-29-at-09.43.05-1024x768.jpeg\" alt=\"\" class=\"wp-image-4602\" srcset=\"https:\/\/lacruz.cl\/a94a8fe5\/wp-content\/uploads\/2021\/11\/WhatsApp-Image-2021-10-29-at-09.43.05-1024x768.jpeg 1024w, https:\/\/lacruz.cl\/a94a8fe5\/wp-content\/uploads\/2021\/11\/WhatsApp-Image-2021-10-29-at-09.43.05-300x225.jpeg 300w, https:\/\/lacruz.cl\/a94a8fe5\/wp-content\/uploads\/2021\/11\/WhatsApp-Image-2021-10-29-at-09.43.05-768x576.jpeg 768w, https:\/\/lacruz.cl\/a94a8fe5\/wp-content\/uploads\/2021\/11\/WhatsApp-Image-2021-10-29-at-09.43.05-1536x1152.jpeg 1536w, https:\/\/lacruz.cl\/a94a8fe5\/wp-content\/uploads\/2021\/11\/WhatsApp-Image-2021-10-29-at-09.43.05.jpeg 1600w\" sizes=\"auto, (max-width: 1024px) 100vw, 1024px\" \/><\/figure>\n","protected":false},"excerpt":{"rendered":"<p>Una recopilaci\u00f3n de 9 peque\u00f1as fachadas en miniatura de casas y espacios hist\u00f3ricos de La Cruz confeccionados a mano por el artesano crucino autodidacta Jorge G\u00f3mez son las que por estos d\u00edas se exhiben en el Complejo Cultural Museo Interactivo La Cruz, ubicado en calle Simpson #15. Jorge G\u00f3mez Quezada, el artista que expone en [&hellip;]<\/p>\n","protected":false},"author":6,"featured_media":4600,"comment_status":"open","ping_status":"open","sticky":false,"template":"","format":"standard","meta":{"site-sidebar-layout":"default","site-content-layout":"default","ast-site-content-layout":"default","site-content-style":"default","site-sidebar-style":"default","ast-global-header-display":"","ast-banner-title-visibility":"","ast-main-header-display":"","ast-hfb-above-header-display":"","ast-hfb-below-header-display":"","ast-hfb-mobile-header-display":"","site-post-title":"","ast-breadcrumbs-content":"","ast-featured-img":"","footer-sml-layout":"","ast-disable-related-posts":"","theme-transparent-header-meta":"default","adv-header-id-meta":"","stick-header-meta":"","header-above-stick-meta":"","header-main-stick-meta":"","header-below-stick-meta":"","astra-migrate-meta-layouts":"default","ast-page-background-enabled":"default","ast-page-background-meta":{"desktop":{"background-color":"var(--ast-global-color-4)","background-image":"","background-repeat":"repeat","background-position":"center center","background-size":"auto","background-attachment":"scroll","background-type":"","background-media":"","overlay-type":"","overlay-color":"","overlay-opacity":"","overlay-gradient":""},"tablet":{"background-color":"","background-image":"","background-repeat":"repeat","background-position":"center center","background-size":"auto","background-attachment":"scroll","background-type":"","background-media":"","overlay-type":"","overlay-color":"","overlay-opacity":"","overlay-gradient":""},"mobile":{"background-color":"","background-image":"","background-repeat":"repeat","background-position":"center center","background-size":"auto","background-attachment":"scroll","background-type":"","background-media":"","overlay-type":"","overlay-color":"","overlay-opacity":"","overlay-gradient":""}},"ast-content-background-meta":{"desktop":{"background-color":"var(--ast-global-color-5)","background-image":"","background-repeat":"repeat","background-position":"center center","background-size":"auto","background-attachment":"scroll","background-type":"","background-media":"","overlay-type":"","overlay-color":"","overlay-opacity":"","overlay-gradient":""},"tablet":{"background-color":"var(--ast-global-color-5)","background-image":"","background-repeat":"repeat","background-position":"center center","background-size":"auto","background-attachment":"scroll","background-type":"","background-media":"","overlay-type":"","overlay-color":"","overlay-opacity":"","overlay-gradient":""},"mobile":{"background-color":"var(--ast-global-color-5)","background-image":"","background-repeat":"repeat","background-position":"center center","background-size":"auto","background-attachment":"scroll","background-type":"","background-media":"","overlay-type":"","overlay-color":"","overlay-opacity":"","overlay-gradient":""}},"footnotes":""},"categories":[1],"tags":[],"class_list":["post-4596","post","type-post","status-publish","format-standard","has-post-thumbnail","hentry","category-noticias"],"_links":{"self":[{"href":"https:\/\/lacruz.cl\/a94a8fe5\/wp-json\/wp\/v2\/posts\/4596","targetHints":{"allow":["GET"]}}],"collection":[{"href":"https:\/\/lacruz.cl\/a94a8fe5\/wp-json\/wp\/v2\/posts"}],"about":[{"href":"https:\/\/lacruz.cl\/a94a8fe5\/wp-json\/wp\/v2\/types\/post"}],"author":[{"embeddable":true,"href":"https:\/\/lacruz.cl\/a94a8fe5\/wp-json\/wp\/v2\/users\/6"}],"replies":[{"embeddable":true,"href":"https:\/\/lacruz.cl\/a94a8fe5\/wp-json\/wp\/v2\/comments?post=4596"}],"version-history":[{"count":2,"href":"https:\/\/lacruz.cl\/a94a8fe5\/wp-json\/wp\/v2\/posts\/4596\/revisions"}],"predecessor-version":[{"id":4603,"href":"https:\/\/lacruz.cl\/a94a8fe5\/wp-json\/wp\/v2\/posts\/4596\/revisions\/4603"}],"wp:featuredmedia":[{"embeddable":true,"href":"https:\/\/lacruz.cl\/a94a8fe5\/wp-json\/wp\/v2\/media\/4600"}],"wp:attachment":[{"href":"https:\/\/lacruz.cl\/a94a8fe5\/wp-json\/wp\/v2\/media?parent=4596"}],"wp:term":[{"taxonomy":"category","embeddable":true,"href":"https:\/\/lacruz.cl\/a94a8fe5\/wp-json\/wp\/v2\/categories?post=4596"},{"taxonomy":"post_tag","embeddable":true,"href":"https:\/\/lacruz.cl\/a94a8fe5\/wp-json\/wp\/v2\/tags?post=4596"}],"curies":[{"name":"wp","href":"https:\/\/api.w.org\/{rel}","templated":true}]}}