{"id":4523,"date":"2021-10-25T12:18:11","date_gmt":"2021-10-25T15:18:11","guid":{"rendered":"https:\/\/lacruz.cl\/?p=4523"},"modified":"2021-10-25T14:01:39","modified_gmt":"2021-10-25T17:01:39","slug":"la-cruz-tendra-primer-festival-de-la-cultura-y-las-artes-en-la-ex-poza-cristalina","status":"publish","type":"post","link":"https:\/\/lacruz.cl\/a94a8fe5\/noticias\/la-cruz-tendra-primer-festival-de-la-cultura-y-las-artes-en-la-ex-poza-cristalina\/","title":{"rendered":"La Cruz tendr\u00e1 Primer Festival de la Cultura y las Artes en la Ex Poza Cristalina"},"content":{"rendered":"\n<p>Tras la adjudicaci\u00f3n de un fondo del Gobierno Regional por parte de la I. Municipalidad de La Cruz, la comuna tendr\u00e1 un gran festival al aire libre los d\u00edas 11 y 12 de diciembre en las dependencias de la Ex Poza Cristalina con una destacada parrilla de artistas nacionales y locales, adem\u00e1s de actividades culturales, recreativas y de emprendimiento para volver a reactivar el circuito de eventos tras la pandemia.<\/p>\n\n\n\n<p>La mega actividad contar\u00e1 con la participaci\u00f3n de consagrados grupos como Sol y Lluvia, la Sonora Bar\u00f3n y la banda Feocci de Caraccioli, adem\u00e1s de m\u00e1s de 20 artistas locales en las disciplinas de hip hop, \u00f3pera, ranchera, m\u00fasica latinoamericana y rancheras que han visto afectada su fuente laboral producto del confinamiento por covid y merecen una tribuna en su comuna.<\/p>\n\n\n\n<p>Para las familias crucinas la actividad contempla tambi\u00e9n artistas circenses, shows de magia, cuentacuentos y funciones de teatro, adem\u00e1s de una feria productiva con m\u00e1s de 70 emprendedores y emprendedoras de la provincia, un pabell\u00f3n de exposici\u00f3n de artesan\u00eda regional y un gran&nbsp; patio de comidas con foodtrucks.&nbsp;<\/p>\n\n\n\n<p>\u201cEstamos muy felices por tener la gran oportunidad de apreciar la diversidad de las y los artistas locales y generar una oportunidad de trabajo para ellos, que han sido afectados fuertemente por la pandemia. El p\u00fablico de todas las edades tendr\u00e1 la oportunidad de disfrutar de shows art\u00edsticos de calidad para todos los gustos, comprar productos de la zona, aprender en talleres y conocer la artesan\u00eda regional. La Cruz se posiciona, as\u00ed como un polo cultural de la regi\u00f3n de Valpara\u00edso\u201d. se\u00f1al\u00f3 la alcaldesa Filomena Navia.<\/p>\n\n\n\n<p>La actividad, de gran impacto social, ser\u00e1 gratuita para la comunidad y comenzar\u00e1 a ser difundida prontamente a trav\u00e9s de las redes sociales del municipio y su sitio web.<\/p>\n\n\n\n<p><\/p>\n\n\n\n<div class=\"wp-block-image\"><figure class=\"aligncenter size-full\"><img loading=\"lazy\" decoding=\"async\" width=\"567\" height=\"351\" src=\"https:\/\/lacruz.cl\/a94a8fe5\/wp-content\/uploads\/2021\/10\/WhatsApp-Image-2021-10-21-at-16.10.36-1.jpeg\" alt=\"\" class=\"wp-image-4525\" srcset=\"https:\/\/lacruz.cl\/a94a8fe5\/wp-content\/uploads\/2021\/10\/WhatsApp-Image-2021-10-21-at-16.10.36-1.jpeg 567w, https:\/\/lacruz.cl\/a94a8fe5\/wp-content\/uploads\/2021\/10\/WhatsApp-Image-2021-10-21-at-16.10.36-1-300x186.jpeg 300w\" sizes=\"auto, (max-width: 567px) 100vw, 567px\" \/><\/figure><\/div>\n\n\n\n<p><\/p>\n","protected":false},"excerpt":{"rendered":"<p>Tras la adjudicaci\u00f3n de un fondo del Gobierno Regional por parte de la I. Municipalidad de La Cruz, la comuna tendr\u00e1 un gran festival al aire libre los d\u00edas 11 y 12 de diciembre en las dependencias de la Ex Poza Cristalina con una destacada parrilla de artistas nacionales y locales, adem\u00e1s de actividades culturales, [&hellip;]<\/p>\n","protected":false},"author":6,"featured_media":4539,"comment_status":"open","ping_status":"open","sticky":false,"template":"","format":"standard","meta":{"site-sidebar-layout":"default","site-content-layout":"default","ast-site-content-layout":"default","site-content-style":"default","site-sidebar-style":"default","ast-global-header-display":"","ast-banner-title-visibility":"","ast-main-header-display":"","ast-hfb-above-header-display":"","ast-hfb-below-header-display":"","ast-hfb-mobile-header-display":"","site-post-title":"","ast-breadcrumbs-content":"","ast-featured-img":"","footer-sml-layout":"","ast-disable-related-posts":"","theme-transparent-header-meta":"default","adv-header-id-meta":"","stick-header-meta":"","header-above-stick-meta":"","header-main-stick-meta":"","header-below-stick-meta":"","astra-migrate-meta-layouts":"default","ast-page-background-enabled":"default","ast-page-background-meta":{"desktop":{"background-color":"var(--ast-global-color-4)","background-image":"","background-repeat":"repeat","background-position":"center center","background-size":"auto","background-attachment":"scroll","background-type":"","background-media":"","overlay-type":"","overlay-color":"","overlay-opacity":"","overlay-gradient":""},"tablet":{"background-color":"","background-image":"","background-repeat":"repeat","background-position":"center center","background-size":"auto","background-attachment":"scroll","background-type":"","background-media":"","overlay-type":"","overlay-color":"","overlay-opacity":"","overlay-gradient":""},"mobile":{"background-color":"","background-image":"","background-repeat":"repeat","background-position":"center center","background-size":"auto","background-attachment":"scroll","background-type":"","background-media":"","overlay-type":"","overlay-color":"","overlay-opacity":"","overlay-gradient":""}},"ast-content-background-meta":{"desktop":{"background-color":"var(--ast-global-color-5)","background-image":"","background-repeat":"repeat","background-position":"center center","background-size":"auto","background-attachment":"scroll","background-type":"","background-media":"","overlay-type":"","overlay-color":"","overlay-opacity":"","overlay-gradient":""},"tablet":{"background-color":"var(--ast-global-color-5)","background-image":"","background-repeat":"repeat","background-position":"center center","background-size":"auto","background-attachment":"scroll","background-type":"","background-media":"","overlay-type":"","overlay-color":"","overlay-opacity":"","overlay-gradient":""},"mobile":{"background-color":"var(--ast-global-color-5)","background-image":"","background-repeat":"repeat","background-position":"center center","background-size":"auto","background-attachment":"scroll","background-type":"","background-media":"","overlay-type":"","overlay-color":"","overlay-opacity":"","overlay-gradient":""}},"footnotes":""},"categories":[1],"tags":[],"class_list":["post-4523","post","type-post","status-publish","format-standard","has-post-thumbnail","hentry","category-noticias"],"_links":{"self":[{"href":"https:\/\/lacruz.cl\/a94a8fe5\/wp-json\/wp\/v2\/posts\/4523","targetHints":{"allow":["GET"]}}],"collection":[{"href":"https:\/\/lacruz.cl\/a94a8fe5\/wp-json\/wp\/v2\/posts"}],"about":[{"href":"https:\/\/lacruz.cl\/a94a8fe5\/wp-json\/wp\/v2\/types\/post"}],"author":[{"embeddable":true,"href":"https:\/\/lacruz.cl\/a94a8fe5\/wp-json\/wp\/v2\/users\/6"}],"replies":[{"embeddable":true,"href":"https:\/\/lacruz.cl\/a94a8fe5\/wp-json\/wp\/v2\/comments?post=4523"}],"version-history":[{"count":2,"href":"https:\/\/lacruz.cl\/a94a8fe5\/wp-json\/wp\/v2\/posts\/4523\/revisions"}],"predecessor-version":[{"id":4528,"href":"https:\/\/lacruz.cl\/a94a8fe5\/wp-json\/wp\/v2\/posts\/4523\/revisions\/4528"}],"wp:featuredmedia":[{"embeddable":true,"href":"https:\/\/lacruz.cl\/a94a8fe5\/wp-json\/wp\/v2\/media\/4539"}],"wp:attachment":[{"href":"https:\/\/lacruz.cl\/a94a8fe5\/wp-json\/wp\/v2\/media?parent=4523"}],"wp:term":[{"taxonomy":"category","embeddable":true,"href":"https:\/\/lacruz.cl\/a94a8fe5\/wp-json\/wp\/v2\/categories?post=4523"},{"taxonomy":"post_tag","embeddable":true,"href":"https:\/\/lacruz.cl\/a94a8fe5\/wp-json\/wp\/v2\/tags?post=4523"}],"curies":[{"name":"wp","href":"https:\/\/api.w.org\/{rel}","templated":true}]}}