{"id":4456,"date":"2021-10-19T15:52:28","date_gmt":"2021-10-19T18:52:28","guid":{"rendered":"https:\/\/lacruz.cl\/?p=4456"},"modified":"2021-10-19T16:41:51","modified_gmt":"2021-10-19T19:41:51","slug":"entre-nubes-crucinas","status":"publish","type":"post","link":"https:\/\/lacruz.cl\/a94a8fe5\/exposiciones\/entre-nubes-crucinas\/","title":{"rendered":"Entre Nubes Crucinas"},"content":{"rendered":"\t\t<div data-elementor-type=\"wp-post\" data-elementor-id=\"4456\" class=\"elementor elementor-4456\" data-elementor-post-type=\"post\">\n\t\t\t\t\t\t<section class=\"elementor-section elementor-top-section elementor-element elementor-element-e1b4385 elementor-section-boxed elementor-section-height-default elementor-section-height-default\" data-id=\"e1b4385\" data-element_type=\"section\" data-e-type=\"section\">\n\t\t\t\t\t\t<div class=\"elementor-container elementor-column-gap-default\">\n\t\t\t\t\t<div class=\"elementor-column elementor-col-100 elementor-top-column elementor-element elementor-element-60fa81d\" data-id=\"60fa81d\" data-element_type=\"column\" data-e-type=\"column\">\n\t\t\t<div class=\"elementor-widget-wrap elementor-element-populated\">\n\t\t\t\t\t\t<div class=\"elementor-element elementor-element-081a331 elementor-widget elementor-widget-text-editor\" data-id=\"081a331\" data-element_type=\"widget\" data-e-type=\"widget\" data-widget_type=\"text-editor.default\">\n\t\t\t\t<div class=\"elementor-widget-container\">\n\t\t\t\t\t\t\t\t\t<p>El 20 de agosto se inaugur\u00f3 en el Centro Cultural la exposici\u00f3n \u00abEntre Nubes Crucinas\u00bb, donde Mauricio Gonz\u00e1lez (MAODRONE) nos muestra diversos paisajes de la comuna de La Cruz desde una perspectiva con altura de miras.\u00a0<span style=\"font-style: inherit; font-weight: inherit; color: var( --e-global-color-text );\">Disfruta de algunas de las fotograf\u00edas de la exposici\u00f3n en nuestra galer\u00eda web.<\/span><\/p>\t\t\t\t\t\t\t\t<\/div>\n\t\t\t\t<\/div>\n\t\t\t\t\t<\/div>\n\t\t<\/div>\n\t\t\t\t\t<\/div>\n\t\t<\/section>\n\t\t\t\t<section class=\"elementor-section elementor-top-section elementor-element elementor-element-84e0393 elementor-section-content-middle elementor-section-boxed elementor-section-height-default elementor-section-height-default\" data-id=\"84e0393\" data-element_type=\"section\" data-e-type=\"section\">\n\t\t\t\t\t\t<div class=\"elementor-container elementor-column-gap-no\">\n\t\t\t\t\t<div class=\"elementor-column elementor-col-100 elementor-top-column elementor-element elementor-element-bed72e5\" data-id=\"bed72e5\" data-element_type=\"column\" data-e-type=\"column\">\n\t\t\t<div class=\"elementor-widget-wrap elementor-element-populated\">\n\t\t\t\t\t\t<div class=\"elementor-element elementor-element-8358a2d gallery-spacing-custom elementor-widget elementor-widget-image-gallery\" data-id=\"8358a2d\" data-element_type=\"widget\" data-e-type=\"widget\" data-widget_type=\"image-gallery.default\">\n\t\t\t\t<div class=\"elementor-widget-container\">\n\t\t\t\t\t\t\t<div class=\"elementor-image-gallery\">\n\t\t\t<div id='gallery-1' class='gallery galleryid-4456 gallery-columns-4 gallery-size-medium'><figure class='gallery-item'>\n\t\t\t<div class='gallery-icon landscape'>\n\t\t\t\t<a data-elementor-open-lightbox=\"yes\" data-elementor-lightbox-slideshow=\"8358a2d\" data-elementor-lightbox-title=\"Cosechado, cargado y a la venta\" data-e-action-hash=\"#elementor-action%3Aaction%3Dlightbox%26settings%3DeyJpZCI6NTQ3LCJ1cmwiOiJodHRwczpcL1wvbGFjcnV6LmNsXC9hOTRhOGZlNVwvd3AtY29udGVudFwvdXBsb2Fkc1wvMjAyMVwvMDhcL0Nvc2VjaGFkby1jYXJnYWRvLXktYS1sYS12ZW50YS5qcGciLCJzbGlkZXNob3ciOiI4MzU4YTJkIn0%3D\" href='https:\/\/lacruz.cl\/a94a8fe5\/wp-content\/uploads\/2021\/08\/Cosechado-cargado-y-a-la-venta.jpg'><img loading=\"lazy\" decoding=\"async\" width=\"300\" height=\"240\" src=\"https:\/\/lacruz.cl\/a94a8fe5\/wp-content\/uploads\/2021\/08\/Cosechado-cargado-y-a-la-venta-300x240.jpg\" class=\"attachment-medium size-medium\" alt=\"\" srcset=\"https:\/\/lacruz.cl\/a94a8fe5\/wp-content\/uploads\/2021\/08\/Cosechado-cargado-y-a-la-venta-300x240.jpg 300w, https:\/\/lacruz.cl\/a94a8fe5\/wp-content\/uploads\/2021\/08\/Cosechado-cargado-y-a-la-venta.jpg 769w\" sizes=\"auto, (max-width: 300px) 100vw, 300px\" \/><\/a>\n\t\t\t<\/div><\/figure><figure class='gallery-item'>\n\t\t\t<div class='gallery-icon landscape'>\n\t\t\t\t<a data-elementor-open-lightbox=\"yes\" data-elementor-lightbox-slideshow=\"8358a2d\" data-elementor-lightbox-title=\"Repollos\" data-e-action-hash=\"#elementor-action%3Aaction%3Dlightbox%26settings%3DeyJpZCI6NTUzLCJ1cmwiOiJodHRwczpcL1wvbGFjcnV6LmNsXC9hOTRhOGZlNVwvd3AtY29udGVudFwvdXBsb2Fkc1wvMjAyMVwvMDhcL1JlcG9sbG9zLmpwZyIsInNsaWRlc2hvdyI6IjgzNThhMmQifQ%3D%3D\" href='https:\/\/lacruz.cl\/a94a8fe5\/wp-content\/uploads\/2021\/08\/Repollos.jpg'><img loading=\"lazy\" decoding=\"async\" width=\"300\" height=\"240\" src=\"https:\/\/lacruz.cl\/a94a8fe5\/wp-content\/uploads\/2021\/08\/Repollos-300x240.jpg\" class=\"attachment-medium size-medium\" alt=\"\" srcset=\"https:\/\/lacruz.cl\/a94a8fe5\/wp-content\/uploads\/2021\/08\/Repollos-300x240.jpg 300w, https:\/\/lacruz.cl\/a94a8fe5\/wp-content\/uploads\/2021\/08\/Repollos-1024x819.jpg 1024w, https:\/\/lacruz.cl\/a94a8fe5\/wp-content\/uploads\/2021\/08\/Repollos-768x615.jpg 768w, https:\/\/lacruz.cl\/a94a8fe5\/wp-content\/uploads\/2021\/08\/Repollos.jpg 1081w\" sizes=\"auto, (max-width: 300px) 100vw, 300px\" \/><\/a>\n\t\t\t<\/div><\/figure><figure class='gallery-item'>\n\t\t\t<div class='gallery-icon landscape'>\n\t\t\t\t<a data-elementor-open-lightbox=\"yes\" data-elementor-lightbox-slideshow=\"8358a2d\" data-elementor-lightbox-title=\"default\" data-e-action-hash=\"#elementor-action%3Aaction%3Dlightbox%26settings%3DeyJpZCI6NTQyLCJ1cmwiOiJodHRwczpcL1wvbGFjcnV6LmNsXC9hOTRhOGZlNVwvd3AtY29udGVudFwvdXBsb2Fkc1wvMjAyMVwvMDhcL0FyYWRvLWVuLWZhbWlsaWEuanBnIiwic2xpZGVzaG93IjoiODM1OGEyZCJ9\" href='https:\/\/lacruz.cl\/a94a8fe5\/wp-content\/uploads\/2021\/08\/Arado-en-familia.jpg'><img loading=\"lazy\" decoding=\"async\" width=\"300\" height=\"240\" src=\"https:\/\/lacruz.cl\/a94a8fe5\/wp-content\/uploads\/2021\/08\/Arado-en-familia-300x240.jpg\" class=\"attachment-medium size-medium\" alt=\"\" srcset=\"https:\/\/lacruz.cl\/a94a8fe5\/wp-content\/uploads\/2021\/08\/Arado-en-familia-300x240.jpg 300w, https:\/\/lacruz.cl\/a94a8fe5\/wp-content\/uploads\/2021\/08\/Arado-en-familia.jpg 619w\" sizes=\"auto, (max-width: 300px) 100vw, 300px\" \/><\/a>\n\t\t\t<\/div><\/figure><figure class='gallery-item'>\n\t\t\t<div class='gallery-icon landscape'>\n\t\t\t\t<a data-elementor-open-lightbox=\"yes\" data-elementor-lightbox-slideshow=\"8358a2d\" data-elementor-lightbox-title=\"Centro de la comuna1\" data-e-action-hash=\"#elementor-action%3Aaction%3Dlightbox%26settings%3DeyJpZCI6NTQ1LCJ1cmwiOiJodHRwczpcL1wvbGFjcnV6LmNsXC9hOTRhOGZlNVwvd3AtY29udGVudFwvdXBsb2Fkc1wvMjAyMVwvMDhcL0NlbnRyby1kZS1sYS1jb211bmExLmpwZyIsInNsaWRlc2hvdyI6IjgzNThhMmQifQ%3D%3D\" href='https:\/\/lacruz.cl\/a94a8fe5\/wp-content\/uploads\/2021\/08\/Centro-de-la-comuna1.jpg'><img loading=\"lazy\" decoding=\"async\" width=\"300\" height=\"240\" src=\"https:\/\/lacruz.cl\/a94a8fe5\/wp-content\/uploads\/2021\/08\/Centro-de-la-comuna1-300x240.jpg\" class=\"attachment-medium size-medium\" alt=\"\" srcset=\"https:\/\/lacruz.cl\/a94a8fe5\/wp-content\/uploads\/2021\/08\/Centro-de-la-comuna1-300x240.jpg 300w, https:\/\/lacruz.cl\/a94a8fe5\/wp-content\/uploads\/2021\/08\/Centro-de-la-comuna1-1024x820.jpg 1024w, https:\/\/lacruz.cl\/a94a8fe5\/wp-content\/uploads\/2021\/08\/Centro-de-la-comuna1-768x615.jpg 768w, https:\/\/lacruz.cl\/a94a8fe5\/wp-content\/uploads\/2021\/08\/Centro-de-la-comuna1.jpg 1092w\" sizes=\"auto, (max-width: 300px) 100vw, 300px\" \/><\/a>\n\t\t\t<\/div><\/figure><figure class='gallery-item'>\n\t\t\t<div class='gallery-icon landscape'>\n\t\t\t\t<a data-elementor-open-lightbox=\"yes\" data-elementor-lightbox-slideshow=\"8358a2d\" data-elementor-lightbox-title=\"default\" data-e-action-hash=\"#elementor-action%3Aaction%3Dlightbox%26settings%3DeyJpZCI6NTQ5LCJ1cmwiOiJodHRwczpcL1wvbGFjcnV6LmNsXC9hOTRhOGZlNVwvd3AtY29udGVudFwvdXBsb2Fkc1wvMjAyMVwvMDhcL0ZhcmRvcy1kZS1wYXN0by1Qb2NvY2hheS5qcGciLCJzbGlkZXNob3ciOiI4MzU4YTJkIn0%3D\" href='https:\/\/lacruz.cl\/a94a8fe5\/wp-content\/uploads\/2021\/08\/Fardos-de-pasto-Pocochay.jpg'><img loading=\"lazy\" decoding=\"async\" width=\"300\" height=\"200\" src=\"https:\/\/lacruz.cl\/a94a8fe5\/wp-content\/uploads\/2021\/08\/Fardos-de-pasto-Pocochay-300x200.jpg\" class=\"attachment-medium size-medium\" alt=\"\" srcset=\"https:\/\/lacruz.cl\/a94a8fe5\/wp-content\/uploads\/2021\/08\/Fardos-de-pasto-Pocochay-300x200.jpg 300w, https:\/\/lacruz.cl\/a94a8fe5\/wp-content\/uploads\/2021\/08\/Fardos-de-pasto-Pocochay-1024x683.jpg 1024w, https:\/\/lacruz.cl\/a94a8fe5\/wp-content\/uploads\/2021\/08\/Fardos-de-pasto-Pocochay-768x512.jpg 768w, https:\/\/lacruz.cl\/a94a8fe5\/wp-content\/uploads\/2021\/08\/Fardos-de-pasto-Pocochay.jpg 1313w\" sizes=\"auto, (max-width: 300px) 100vw, 300px\" \/><\/a>\n\t\t\t<\/div><\/figure><figure class='gallery-item'>\n\t\t\t<div class='gallery-icon landscape'>\n\t\t\t\t<a data-elementor-open-lightbox=\"yes\" data-elementor-lightbox-slideshow=\"8358a2d\" data-elementor-lightbox-title=\"Caballos Lo Rojas\" data-e-action-hash=\"#elementor-action%3Aaction%3Dlightbox%26settings%3DeyJpZCI6NTQzLCJ1cmwiOiJodHRwczpcL1wvbGFjcnV6LmNsXC9hOTRhOGZlNVwvd3AtY29udGVudFwvdXBsb2Fkc1wvMjAyMVwvMDhcL0NhYmFsbG9zLUxvLVJvamFzLmpwZyIsInNsaWRlc2hvdyI6IjgzNThhMmQifQ%3D%3D\" href='https:\/\/lacruz.cl\/a94a8fe5\/wp-content\/uploads\/2021\/08\/Caballos-Lo-Rojas.jpg'><img loading=\"lazy\" decoding=\"async\" width=\"300\" height=\"200\" src=\"https:\/\/lacruz.cl\/a94a8fe5\/wp-content\/uploads\/2021\/08\/Caballos-Lo-Rojas-300x200.jpg\" class=\"attachment-medium size-medium\" alt=\"\" srcset=\"https:\/\/lacruz.cl\/a94a8fe5\/wp-content\/uploads\/2021\/08\/Caballos-Lo-Rojas-300x200.jpg 300w, https:\/\/lacruz.cl\/a94a8fe5\/wp-content\/uploads\/2021\/08\/Caballos-Lo-Rojas-1024x683.jpg 1024w, https:\/\/lacruz.cl\/a94a8fe5\/wp-content\/uploads\/2021\/08\/Caballos-Lo-Rojas-768x512.jpg 768w, https:\/\/lacruz.cl\/a94a8fe5\/wp-content\/uploads\/2021\/08\/Caballos-Lo-Rojas.jpg 1311w\" sizes=\"auto, (max-width: 300px) 100vw, 300px\" \/><\/a>\n\t\t\t<\/div><\/figure><figure class='gallery-item'>\n\t\t\t<div class='gallery-icon landscape'>\n\t\t\t\t<a data-elementor-open-lightbox=\"yes\" data-elementor-lightbox-slideshow=\"8358a2d\" data-elementor-lightbox-title=\"Cosecha de repollos\" data-e-action-hash=\"#elementor-action%3Aaction%3Dlightbox%26settings%3DeyJpZCI6NTQ2LCJ1cmwiOiJodHRwczpcL1wvbGFjcnV6LmNsXC9hOTRhOGZlNVwvd3AtY29udGVudFwvdXBsb2Fkc1wvMjAyMVwvMDhcL0Nvc2VjaGEtZGUtcmVwb2xsb3MuanBnIiwic2xpZGVzaG93IjoiODM1OGEyZCJ9\" href='https:\/\/lacruz.cl\/a94a8fe5\/wp-content\/uploads\/2021\/08\/Cosecha-de-repollos.jpg'><img loading=\"lazy\" decoding=\"async\" width=\"300\" height=\"200\" src=\"https:\/\/lacruz.cl\/a94a8fe5\/wp-content\/uploads\/2021\/08\/Cosecha-de-repollos-300x200.jpg\" class=\"attachment-medium size-medium\" alt=\"\" srcset=\"https:\/\/lacruz.cl\/a94a8fe5\/wp-content\/uploads\/2021\/08\/Cosecha-de-repollos-300x200.jpg 300w, https:\/\/lacruz.cl\/a94a8fe5\/wp-content\/uploads\/2021\/08\/Cosecha-de-repollos-768x511.jpg 768w, https:\/\/lacruz.cl\/a94a8fe5\/wp-content\/uploads\/2021\/08\/Cosecha-de-repollos.jpg 960w\" sizes=\"auto, (max-width: 300px) 100vw, 300px\" \/><\/a>\n\t\t\t<\/div><\/figure><figure class='gallery-item'>\n\t\t\t<div class='gallery-icon landscape'>\n\t\t\t\t<a data-elementor-open-lightbox=\"yes\" data-elementor-lightbox-slideshow=\"8358a2d\" data-elementor-lightbox-title=\"default\" data-e-action-hash=\"#elementor-action%3Aaction%3Dlightbox%26settings%3DeyJpZCI6NTU0LCJ1cmwiOiJodHRwczpcL1wvbGFjcnV6LmNsXC9hOTRhOGZlNVwvd3AtY29udGVudFwvdXBsb2Fkc1wvMjAyMVwvMDhcL1NvbWJyYS1IdWFzby5qcGciLCJzbGlkZXNob3ciOiI4MzU4YTJkIn0%3D\" href='https:\/\/lacruz.cl\/a94a8fe5\/wp-content\/uploads\/2021\/08\/Sombra-Huaso.jpg'><img loading=\"lazy\" decoding=\"async\" width=\"300\" height=\"200\" src=\"https:\/\/lacruz.cl\/a94a8fe5\/wp-content\/uploads\/2021\/08\/Sombra-Huaso-300x200.jpg\" class=\"attachment-medium size-medium\" alt=\"\" srcset=\"https:\/\/lacruz.cl\/a94a8fe5\/wp-content\/uploads\/2021\/08\/Sombra-Huaso-300x200.jpg 300w, https:\/\/lacruz.cl\/a94a8fe5\/wp-content\/uploads\/2021\/08\/Sombra-Huaso-768x511.jpg 768w, https:\/\/lacruz.cl\/a94a8fe5\/wp-content\/uploads\/2021\/08\/Sombra-Huaso.jpg 967w\" sizes=\"auto, (max-width: 300px) 100vw, 300px\" \/><\/a>\n\t\t\t<\/div><\/figure><figure class='gallery-item'>\n\t\t\t<div class='gallery-icon landscape'>\n\t\t\t\t<a data-elementor-open-lightbox=\"yes\" data-elementor-lightbox-slideshow=\"8358a2d\" data-elementor-lightbox-title=\"default\" data-e-action-hash=\"#elementor-action%3Aaction%3Dlightbox%26settings%3DeyJpZCI6NTQ4LCJ1cmwiOiJodHRwczpcL1wvbGFjcnV6LmNsXC9hOTRhOGZlNVwvd3AtY29udGVudFwvdXBsb2Fkc1wvMjAyMVwvMDhcL0VudHJlLWxhcy1udWJlcy5qcGciLCJzbGlkZXNob3ciOiI4MzU4YTJkIn0%3D\" href='https:\/\/lacruz.cl\/a94a8fe5\/wp-content\/uploads\/2021\/08\/Entre-las-nubes.jpg'><img loading=\"lazy\" decoding=\"async\" width=\"300\" height=\"223\" src=\"https:\/\/lacruz.cl\/a94a8fe5\/wp-content\/uploads\/2021\/08\/Entre-las-nubes-300x223.jpg\" class=\"attachment-medium size-medium\" alt=\"\" srcset=\"https:\/\/lacruz.cl\/a94a8fe5\/wp-content\/uploads\/2021\/08\/Entre-las-nubes-300x223.jpg 300w, https:\/\/lacruz.cl\/a94a8fe5\/wp-content\/uploads\/2021\/08\/Entre-las-nubes-1024x760.jpg 1024w, https:\/\/lacruz.cl\/a94a8fe5\/wp-content\/uploads\/2021\/08\/Entre-las-nubes-768x570.jpg 768w, https:\/\/lacruz.cl\/a94a8fe5\/wp-content\/uploads\/2021\/08\/Entre-las-nubes-1536x1140.jpg 1536w, https:\/\/lacruz.cl\/a94a8fe5\/wp-content\/uploads\/2021\/08\/Entre-las-nubes.jpg 1920w\" sizes=\"auto, (max-width: 300px) 100vw, 300px\" \/><\/a>\n\t\t\t<\/div><\/figure><figure class='gallery-item'>\n\t\t\t<div class='gallery-icon landscape'>\n\t\t\t\t<a data-elementor-open-lightbox=\"yes\" data-elementor-lightbox-slideshow=\"8358a2d\" data-elementor-lightbox-title=\"Viregen Pocochay\" data-e-action-hash=\"#elementor-action%3Aaction%3Dlightbox%26settings%3DeyJpZCI6NTU1LCJ1cmwiOiJodHRwczpcL1wvbGFjcnV6LmNsXC9hOTRhOGZlNVwvd3AtY29udGVudFwvdXBsb2Fkc1wvMjAyMVwvMDhcL1ZpcmVnZW4tUG9jb2NoYXkuanBnIiwic2xpZGVzaG93IjoiODM1OGEyZCJ9\" href='https:\/\/lacruz.cl\/a94a8fe5\/wp-content\/uploads\/2021\/08\/Viregen-Pocochay.jpg'><img loading=\"lazy\" decoding=\"async\" width=\"300\" height=\"240\" src=\"https:\/\/lacruz.cl\/a94a8fe5\/wp-content\/uploads\/2021\/08\/Viregen-Pocochay-300x240.jpg\" class=\"attachment-medium size-medium\" alt=\"\" srcset=\"https:\/\/lacruz.cl\/a94a8fe5\/wp-content\/uploads\/2021\/08\/Viregen-Pocochay-300x240.jpg 300w, https:\/\/lacruz.cl\/a94a8fe5\/wp-content\/uploads\/2021\/08\/Viregen-Pocochay.jpg 492w\" sizes=\"auto, (max-width: 300px) 100vw, 300px\" \/><\/a>\n\t\t\t<\/div><\/figure><figure class='gallery-item'>\n\t\t\t<div class='gallery-icon landscape'>\n\t\t\t\t<a data-elementor-open-lightbox=\"yes\" data-elementor-lightbox-slideshow=\"8358a2d\" data-elementor-lightbox-title=\"default\" data-e-action-hash=\"#elementor-action%3Aaction%3Dlightbox%26settings%3DeyJpZCI6NTUwLCJ1cmwiOiJodHRwczpcL1wvbGFjcnV6LmNsXC9hOTRhOGZlNVwvd3AtY29udGVudFwvdXBsb2Fkc1wvMjAyMVwvMDhcL1BhdHJpbW9uaW8tRmVycmVvLmpwZyIsInNsaWRlc2hvdyI6IjgzNThhMmQifQ%3D%3D\" href='https:\/\/lacruz.cl\/a94a8fe5\/wp-content\/uploads\/2021\/08\/Patrimonio-Ferreo.jpg'><img loading=\"lazy\" decoding=\"async\" width=\"300\" height=\"240\" src=\"https:\/\/lacruz.cl\/a94a8fe5\/wp-content\/uploads\/2021\/08\/Patrimonio-Ferreo-300x240.jpg\" class=\"attachment-medium size-medium\" alt=\"\" srcset=\"https:\/\/lacruz.cl\/a94a8fe5\/wp-content\/uploads\/2021\/08\/Patrimonio-Ferreo-300x240.jpg 300w, https:\/\/lacruz.cl\/a94a8fe5\/wp-content\/uploads\/2021\/08\/Patrimonio-Ferreo-768x614.jpg 768w, https:\/\/lacruz.cl\/a94a8fe5\/wp-content\/uploads\/2021\/08\/Patrimonio-Ferreo.jpg 799w\" sizes=\"auto, (max-width: 300px) 100vw, 300px\" \/><\/a>\n\t\t\t<\/div><\/figure><figure class='gallery-item'>\n\t\t\t<div class='gallery-icon landscape'>\n\t\t\t\t<a data-elementor-open-lightbox=\"yes\" data-elementor-lightbox-slideshow=\"8358a2d\" data-elementor-lightbox-title=\"default\" data-e-action-hash=\"#elementor-action%3Aaction%3Dlightbox%26settings%3DeyJpZCI6NTQ0LCJ1cmwiOiJodHRwczpcL1wvbGFjcnV6LmNsXC9hOTRhOGZlNVwvd3AtY29udGVudFwvdXBsb2Fkc1wvMjAyMVwvMDhcL0NlbnRyby1kZS1sYS1jb211bmEuanBnIiwic2xpZGVzaG93IjoiODM1OGEyZCJ9\" href='https:\/\/lacruz.cl\/a94a8fe5\/wp-content\/uploads\/2021\/08\/Centro-de-la-comuna.jpg'><img loading=\"lazy\" decoding=\"async\" width=\"300\" height=\"240\" src=\"https:\/\/lacruz.cl\/a94a8fe5\/wp-content\/uploads\/2021\/08\/Centro-de-la-comuna-300x240.jpg\" class=\"attachment-medium size-medium\" alt=\"\" srcset=\"https:\/\/lacruz.cl\/a94a8fe5\/wp-content\/uploads\/2021\/08\/Centro-de-la-comuna-300x240.jpg 300w, https:\/\/lacruz.cl\/a94a8fe5\/wp-content\/uploads\/2021\/08\/Centro-de-la-comuna-1024x820.jpg 1024w, https:\/\/lacruz.cl\/a94a8fe5\/wp-content\/uploads\/2021\/08\/Centro-de-la-comuna-768x615.jpg 768w, https:\/\/lacruz.cl\/a94a8fe5\/wp-content\/uploads\/2021\/08\/Centro-de-la-comuna.jpg 1077w\" sizes=\"auto, (max-width: 300px) 100vw, 300px\" \/><\/a>\n\t\t\t<\/div><\/figure>\n\t\t<\/div>\n\t\t<\/div>\n\t\t\t\t\t\t<\/div>\n\t\t\t\t<\/div>\n\t\t\t\t\t<\/div>\n\t\t<\/div>\n\t\t\t\t\t<\/div>\n\t\t<\/section>\n\t\t\t\t<section class=\"elementor-section elementor-top-section elementor-element elementor-element-208706d elementor-section-boxed elementor-section-height-default elementor-section-height-default\" data-id=\"208706d\" data-element_type=\"section\" data-e-type=\"section\">\n\t\t\t\t\t\t<div class=\"elementor-container elementor-column-gap-default\">\n\t\t\t\t\t<div class=\"elementor-column elementor-col-100 elementor-top-column elementor-element elementor-element-44c2a3d\" data-id=\"44c2a3d\" data-element_type=\"column\" data-e-type=\"column\">\n\t\t\t<div class=\"elementor-widget-wrap elementor-element-populated\">\n\t\t\t\t\t\t<div class=\"elementor-element elementor-element-1347fc0 elementor-widget elementor-widget-heading\" data-id=\"1347fc0\" data-element_type=\"widget\" data-e-type=\"widget\" data-widget_type=\"heading.default\">\n\t\t\t\t<div class=\"elementor-widget-container\">\n\t\t\t\t\t<h3 class=\"elementor-heading-title elementor-size-default\">MAODRONE<\/h3>\t\t\t\t<\/div>\n\t\t\t\t<\/div>\n\t\t\t\t<div class=\"elementor-element elementor-element-a2f8347 elementor-list-item-link-inline elementor-align-center elementor-icon-list--layout-traditional elementor-widget elementor-widget-icon-list\" data-id=\"a2f8347\" data-element_type=\"widget\" data-e-type=\"widget\" data-widget_type=\"icon-list.default\">\n\t\t\t\t<div class=\"elementor-widget-container\">\n\t\t\t\t\t\t\t<ul class=\"elementor-icon-list-items\">\n\t\t\t\t\t\t\t<li class=\"elementor-icon-list-item\">\n\t\t\t\t\t\t\t\t\t\t\t<a href=\"https:\/\/www.facebook.com\/Maodrone-536058053437058\">\n\n\t\t\t\t\t\t\t\t\t\t\t\t<span class=\"elementor-icon-list-icon\">\n\t\t\t\t\t\t\t<i aria-hidden=\"true\" class=\"fab fa-facebook-square\"><\/i>\t\t\t\t\t\t<\/span>\n\t\t\t\t\t\t\t\t\t\t<span class=\"elementor-icon-list-text\">Facebook<\/span>\n\t\t\t\t\t\t\t\t\t\t\t<\/a>\n\t\t\t\t\t\t\t\t\t<\/li>\n\t\t\t\t\t\t\t\t<li class=\"elementor-icon-list-item\">\n\t\t\t\t\t\t\t\t\t\t\t<a href=\"https:\/\/www.instagram.com\/maodrone\/\">\n\n\t\t\t\t\t\t\t\t\t\t\t\t<span class=\"elementor-icon-list-icon\">\n\t\t\t\t\t\t\t<i aria-hidden=\"true\" class=\"fab fa-instagram\"><\/i>\t\t\t\t\t\t<\/span>\n\t\t\t\t\t\t\t\t\t\t<span class=\"elementor-icon-list-text\">Instagram<\/span>\n\t\t\t\t\t\t\t\t\t\t\t<\/a>\n\t\t\t\t\t\t\t\t\t<\/li>\n\t\t\t\t\t\t\t\t<li class=\"elementor-icon-list-item\">\n\t\t\t\t\t\t\t\t\t\t\t<a href=\"https:\/\/www.maodrone.cl\/\">\n\n\t\t\t\t\t\t\t\t\t\t\t\t<span class=\"elementor-icon-list-icon\">\n\t\t\t\t\t\t\t<i aria-hidden=\"true\" class=\"fas fa-link\"><\/i>\t\t\t\t\t\t<\/span>\n\t\t\t\t\t\t\t\t\t\t<span class=\"elementor-icon-list-text\">P\u00e1gina Web<\/span>\n\t\t\t\t\t\t\t\t\t\t\t<\/a>\n\t\t\t\t\t\t\t\t\t<\/li>\n\t\t\t\t\t\t<\/ul>\n\t\t\t\t\t\t<\/div>\n\t\t\t\t<\/div>\n\t\t\t\t\t<\/div>\n\t\t<\/div>\n\t\t\t\t\t<\/div>\n\t\t<\/section>\n\t\t\t\t<\/div>\n\t\t","protected":false},"excerpt":{"rendered":"<p>El 20 de agosto se inaugur\u00f3 en el Centro Cultural la exposici\u00f3n \u00abEntre Nubes Crucinas\u00bb, donde Mauricio Gonz\u00e1lez (MAODRONE) nos muestra diversos paisajes de la comuna de La Cruz desde una perspectiva con altura de miras.\u00a0Disfruta de algunas de las fotograf\u00edas de la exposici\u00f3n en nuestra galer\u00eda web. MAODRONE Facebook Instagram P\u00e1gina Web<\/p>\n","protected":false},"author":6,"featured_media":548,"comment_status":"open","ping_status":"open","sticky":false,"template":"","format":"standard","meta":{"site-sidebar-layout":"default","site-content-layout":"default","ast-site-content-layout":"default","site-content-style":"default","site-sidebar-style":"default","ast-global-header-display":"","ast-banner-title-visibility":"","ast-main-header-display":"","ast-hfb-above-header-display":"","ast-hfb-below-header-display":"","ast-hfb-mobile-header-display":"","site-post-title":"","ast-breadcrumbs-content":"","ast-featured-img":"","footer-sml-layout":"","ast-disable-related-posts":"","theme-transparent-header-meta":"default","adv-header-id-meta":"","stick-header-meta":"","header-above-stick-meta":"","header-main-stick-meta":"","header-below-stick-meta":"","astra-migrate-meta-layouts":"default","ast-page-background-enabled":"default","ast-page-background-meta":{"desktop":{"background-color":"var(--ast-global-color-4)","background-image":"","background-repeat":"repeat","background-position":"center center","background-size":"auto","background-attachment":"scroll","background-type":"","background-media":"","overlay-type":"","overlay-color":"","overlay-opacity":"","overlay-gradient":""},"tablet":{"background-color":"","background-image":"","background-repeat":"repeat","background-position":"center center","background-size":"auto","background-attachment":"scroll","background-type":"","background-media":"","overlay-type":"","overlay-color":"","overlay-opacity":"","overlay-gradient":""},"mobile":{"background-color":"","background-image":"","background-repeat":"repeat","background-position":"center center","background-size":"auto","background-attachment":"scroll","background-type":"","background-media":"","overlay-type":"","overlay-color":"","overlay-opacity":"","overlay-gradient":""}},"ast-content-background-meta":{"desktop":{"background-color":"var(--ast-global-color-5)","background-image":"","background-repeat":"repeat","background-position":"center center","background-size":"auto","background-attachment":"scroll","background-type":"","background-media":"","overlay-type":"","overlay-color":"","overlay-opacity":"","overlay-gradient":""},"tablet":{"background-color":"var(--ast-global-color-5)","background-image":"","background-repeat":"repeat","background-position":"center center","background-size":"auto","background-attachment":"scroll","background-type":"","background-media":"","overlay-type":"","overlay-color":"","overlay-opacity":"","overlay-gradient":""},"mobile":{"background-color":"var(--ast-global-color-5)","background-image":"","background-repeat":"repeat","background-position":"center center","background-size":"auto","background-attachment":"scroll","background-type":"","background-media":"","overlay-type":"","overlay-color":"","overlay-opacity":"","overlay-gradient":""}},"footnotes":""},"categories":[18],"tags":[],"class_list":["post-4456","post","type-post","status-publish","format-standard","has-post-thumbnail","hentry","category-exposiciones"],"_links":{"self":[{"href":"https:\/\/lacruz.cl\/a94a8fe5\/wp-json\/wp\/v2\/posts\/4456","targetHints":{"allow":["GET"]}}],"collection":[{"href":"https:\/\/lacruz.cl\/a94a8fe5\/wp-json\/wp\/v2\/posts"}],"about":[{"href":"https:\/\/lacruz.cl\/a94a8fe5\/wp-json\/wp\/v2\/types\/post"}],"author":[{"embeddable":true,"href":"https:\/\/lacruz.cl\/a94a8fe5\/wp-json\/wp\/v2\/users\/6"}],"replies":[{"embeddable":true,"href":"https:\/\/lacruz.cl\/a94a8fe5\/wp-json\/wp\/v2\/comments?post=4456"}],"version-history":[{"count":20,"href":"https:\/\/lacruz.cl\/a94a8fe5\/wp-json\/wp\/v2\/posts\/4456\/revisions"}],"predecessor-version":[{"id":4496,"href":"https:\/\/lacruz.cl\/a94a8fe5\/wp-json\/wp\/v2\/posts\/4456\/revisions\/4496"}],"wp:featuredmedia":[{"embeddable":true,"href":"https:\/\/lacruz.cl\/a94a8fe5\/wp-json\/wp\/v2\/media\/548"}],"wp:attachment":[{"href":"https:\/\/lacruz.cl\/a94a8fe5\/wp-json\/wp\/v2\/media?parent=4456"}],"wp:term":[{"taxonomy":"category","embeddable":true,"href":"https:\/\/lacruz.cl\/a94a8fe5\/wp-json\/wp\/v2\/categories?post=4456"},{"taxonomy":"post_tag","embeddable":true,"href":"https:\/\/lacruz.cl\/a94a8fe5\/wp-json\/wp\/v2\/tags?post=4456"}],"curies":[{"name":"wp","href":"https:\/\/api.w.org\/{rel}","templated":true}]}}