{"id":16211,"date":"2026-04-24T11:21:09","date_gmt":"2026-04-24T15:21:09","guid":{"rendered":"https:\/\/lacruz.cl\/a94a8fe5\/?p=16211"},"modified":"2026-04-24T11:21:09","modified_gmt":"2026-04-24T15:21:09","slug":"avanzan-gestiones-para-convertir-la-poza-cristalina-en-un-gran-parque-comunitario","status":"publish","type":"post","link":"https:\/\/lacruz.cl\/a94a8fe5\/noticias\/avanzan-gestiones-para-convertir-la-poza-cristalina-en-un-gran-parque-comunitario\/","title":{"rendered":"Avanzan gestiones para convertir la Poza Cristalina en un gran parque comunitario"},"content":{"rendered":"\n<figure class=\"wp-block-image size-large\"><img loading=\"lazy\" decoding=\"async\" width=\"1024\" height=\"768\" src=\"https:\/\/lacruz.cl\/a94a8fe5\/wp-content\/uploads\/2026\/04\/POZA-1-1024x768.jpeg\" alt=\"\" class=\"wp-image-16213\" srcset=\"https:\/\/lacruz.cl\/a94a8fe5\/wp-content\/uploads\/2026\/04\/POZA-1-1024x768.jpeg 1024w, https:\/\/lacruz.cl\/a94a8fe5\/wp-content\/uploads\/2026\/04\/POZA-1-300x225.jpeg 300w, https:\/\/lacruz.cl\/a94a8fe5\/wp-content\/uploads\/2026\/04\/POZA-1-768x576.jpeg 768w, https:\/\/lacruz.cl\/a94a8fe5\/wp-content\/uploads\/2026\/04\/POZA-1.jpeg 1280w\" sizes=\"auto, (max-width: 1024px) 100vw, 1024px\" \/><\/figure>\n\n\n\n<p class=\"has-black-color has-text-color has-link-color wp-elements-9020a1bc4bbd1cafef54d903ada47dc9\"><strong>Segunda mesa de trabajo permiti\u00f3 consolidar alianzas p\u00fablico-privadas y avanzar en las l\u00edneas de inversi\u00f3n para continuar transformando este espacio emblem\u00e1tico de La Cruz.<\/strong><\/p>\n\n\n\n<p class=\"has-black-color has-text-color has-link-color wp-elements-25c445c637e877ca650bb33505b8f175\"><strong>Con foco en pasar de la planificaci\u00f3n a la ejecuci\u00f3n, la alcaldesa de La Cruz, Filomena Navia encabez\u00f3 este jueves 15 de abril la segunda Mesa de Desarrollo Local del Plan de Acci\u00f3n Parque Poza Cristalina, instancia clave que permiti\u00f3 avanzar en la definici\u00f3n de estrategias de financiamiento y articulaci\u00f3n de actores para concretar el proyecto.<\/strong><\/p>\n\n\n\n<p class=\"has-black-color has-text-color has-link-color wp-elements-dc310916540b91c3ef69c4da22841d2a\"><strong>La reuni\u00f3n congreg\u00f3 a representantes del mundo p\u00fablico, privado y social, consolidando un trabajo que ha sido impulsado directamente por la autoridad comunal y que apunta a recuperar un espacio que por a\u00f1os permaneci\u00f3 en abandono.<\/strong><\/p>\n\n\n\n<p class=\"has-black-color has-text-color has-link-color wp-elements-a4c634687e0c3d562d03af5fbac7a44e\"><strong>Durante la jornada, se abordaron las principales l\u00edneas de inversi\u00f3n necesarias para ejecutar la iniciativa, destacando el rol que tendr\u00e1 el mundo privado en un contexto de disponibilidad de recursos p\u00fablicos. En esa l\u00ednea, la alcaldesa ha promovido activamente la generaci\u00f3n de alianzas que permitan viabilizar el proyecto en el corto y mediano plazo. \u201cEstamos en una etapa clave, donde debemos asegurar las fuentes de inversi\u00f3n que nos permitan ejecutar un proyecto que va a quedar en la memoria de nuestra gente\u201d, se\u00f1al\u00f3 la jefa comunal.<\/strong><\/p>\n\n\n\n<p class=\"has-black-color has-text-color has-link-color wp-elements-b240454ee3fadc9c3176aae5f2082f6e\"><strong>Parque de alto est\u00e1ndar<\/strong><\/p>\n\n\n\n<p class=\"has-black-color has-text-color has-link-color wp-elements-b89d5d26b60a30f90a0fa3966eea8a0c\"><strong>El proyecto impulsado por el municipio busca transformar la Poza Cristalina en un parque comunal de alto est\u00e1ndar, integrando elementos naturales como agua, vegetaci\u00f3n y senderos, junto con espacios de recreaci\u00f3n y encuentro familiar.<\/strong><\/p>\n\n\n\n<p class=\"has-black-color has-text-color has-link-color wp-elements-1afaae6f3e21a6adb22a598dbb1ac5a7\"><strong>Uno de los \u00e9nfasis de la gesti\u00f3n municipal ha sido no solo recuperar f\u00edsicamente el terreno, sino tambi\u00e9n proyectar un modelo de desarrollo sustentable que garantice su mantenci\u00f3n en el tiempo, evitando que vuelva a caer en abandono. \u201cEste terreno es de toda la comunidad. Lo recuperamos y hoy estamos trabajando para que nunca m\u00e1s vuelva a estar abandonado\u201d, recalc\u00f3 la alcaldesa.<\/strong><\/p>\n\n\n\n<p class=\"has-black-color has-text-color has-link-color wp-elements-fb1761ff9e41202885813dfadb4c42f4\"><strong>Como parte de los pr\u00f3ximos pasos, el municipio anunci\u00f3 que avanzar\u00e1 hacia un proceso de socializaci\u00f3n del proyecto con la comunidad, una vez que se consoliden las definiciones de inversi\u00f3n, reafirmando as\u00ed el sello participativo que ha marcado esta iniciativa.<\/strong><\/p>\n\n\n\n<p class=\"has-black-color has-text-color has-link-color wp-elements-07d79ef2e9b96b6967fdc00a864dea66\"><strong>Ubicada\u00a0 en las cercan\u00edas del Puente Los Rojas, la Poza Cristalina se proyecta como una de las principales obras de recuperaci\u00f3n de espacios p\u00fablicos de la actual administraci\u00f3n, posicion\u00e1ndose como un futuro polo de desarrollo recreativo, ambiental y tur\u00edstico para la comuna de La Cruz.<\/strong><\/p>\n\n\n\n<p class=\"has-black-color has-text-color has-link-color wp-elements-8c43ba2c8e7c9f41cd9807c794e736c6\"><strong>Desde el municipio valoraron la convocatoria de esta segunda mesa de trabajo, destacando que el creciente inter\u00e9s de distintos actores refleja la solidez de una gesti\u00f3n que avanza con pasos concretos hacia la materializaci\u00f3n de este proyecto.<\/strong><\/p>\n\n\n\n<p><\/p>\n","protected":false},"excerpt":{"rendered":"<p>Segunda mesa de trabajo permiti\u00f3 consolidar alianzas p\u00fablico-privadas y avanzar en las l\u00edneas de inversi\u00f3n para continuar transformando este espacio emblem\u00e1tico de La Cruz. Con foco en pasar de la planificaci\u00f3n a la ejecuci\u00f3n, la alcaldesa de La Cruz, Filomena Navia encabez\u00f3 este jueves 15 de abril la segunda Mesa de Desarrollo Local del Plan [&hellip;]<\/p>\n","protected":false},"author":6,"featured_media":16212,"comment_status":"closed","ping_status":"","sticky":false,"template":"","format":"standard","meta":{"site-sidebar-layout":"default","site-content-layout":"","ast-site-content-layout":"default","site-content-style":"default","site-sidebar-style":"default","ast-global-header-display":"","ast-banner-title-visibility":"","ast-main-header-display":"","ast-hfb-above-header-display":"","ast-hfb-below-header-display":"","ast-hfb-mobile-header-display":"","site-post-title":"","ast-breadcrumbs-content":"","ast-featured-img":"","footer-sml-layout":"","ast-disable-related-posts":"","theme-transparent-header-meta":"","adv-header-id-meta":"","stick-header-meta":"","header-above-stick-meta":"","header-main-stick-meta":"","header-below-stick-meta":"","astra-migrate-meta-layouts":"set","ast-page-background-enabled":"default","ast-page-background-meta":{"desktop":{"background-color":"var(--ast-global-color-4)","background-image":"","background-repeat":"repeat","background-position":"center center","background-size":"auto","background-attachment":"scroll","background-type":"","background-media":"","overlay-type":"","overlay-color":"","overlay-opacity":"","overlay-gradient":""},"tablet":{"background-color":"","background-image":"","background-repeat":"repeat","background-position":"center center","background-size":"auto","background-attachment":"scroll","background-type":"","background-media":"","overlay-type":"","overlay-color":"","overlay-opacity":"","overlay-gradient":""},"mobile":{"background-color":"","background-image":"","background-repeat":"repeat","background-position":"center center","background-size":"auto","background-attachment":"scroll","background-type":"","background-media":"","overlay-type":"","overlay-color":"","overlay-opacity":"","overlay-gradient":""}},"ast-content-background-meta":{"desktop":{"background-color":"var(--ast-global-color-5)","background-image":"","background-repeat":"repeat","background-position":"center center","background-size":"auto","background-attachment":"scroll","background-type":"","background-media":"","overlay-type":"","overlay-color":"","overlay-opacity":"","overlay-gradient":""},"tablet":{"background-color":"var(--ast-global-color-5)","background-image":"","background-repeat":"repeat","background-position":"center center","background-size":"auto","background-attachment":"scroll","background-type":"","background-media":"","overlay-type":"","overlay-color":"","overlay-opacity":"","overlay-gradient":""},"mobile":{"background-color":"var(--ast-global-color-5)","background-image":"","background-repeat":"repeat","background-position":"center center","background-size":"auto","background-attachment":"scroll","background-type":"","background-media":"","overlay-type":"","overlay-color":"","overlay-opacity":"","overlay-gradient":""}},"footnotes":""},"categories":[1],"tags":[],"class_list":["post-16211","post","type-post","status-publish","format-standard","has-post-thumbnail","hentry","category-noticias"],"_links":{"self":[{"href":"https:\/\/lacruz.cl\/a94a8fe5\/wp-json\/wp\/v2\/posts\/16211","targetHints":{"allow":["GET"]}}],"collection":[{"href":"https:\/\/lacruz.cl\/a94a8fe5\/wp-json\/wp\/v2\/posts"}],"about":[{"href":"https:\/\/lacruz.cl\/a94a8fe5\/wp-json\/wp\/v2\/types\/post"}],"author":[{"embeddable":true,"href":"https:\/\/lacruz.cl\/a94a8fe5\/wp-json\/wp\/v2\/users\/6"}],"replies":[{"embeddable":true,"href":"https:\/\/lacruz.cl\/a94a8fe5\/wp-json\/wp\/v2\/comments?post=16211"}],"version-history":[{"count":1,"href":"https:\/\/lacruz.cl\/a94a8fe5\/wp-json\/wp\/v2\/posts\/16211\/revisions"}],"predecessor-version":[{"id":16214,"href":"https:\/\/lacruz.cl\/a94a8fe5\/wp-json\/wp\/v2\/posts\/16211\/revisions\/16214"}],"wp:featuredmedia":[{"embeddable":true,"href":"https:\/\/lacruz.cl\/a94a8fe5\/wp-json\/wp\/v2\/media\/16212"}],"wp:attachment":[{"href":"https:\/\/lacruz.cl\/a94a8fe5\/wp-json\/wp\/v2\/media?parent=16211"}],"wp:term":[{"taxonomy":"category","embeddable":true,"href":"https:\/\/lacruz.cl\/a94a8fe5\/wp-json\/wp\/v2\/categories?post=16211"},{"taxonomy":"post_tag","embeddable":true,"href":"https:\/\/lacruz.cl\/a94a8fe5\/wp-json\/wp\/v2\/tags?post=16211"}],"curies":[{"name":"wp","href":"https:\/\/api.w.org\/{rel}","templated":true}]}}