{"id":16207,"date":"2026-04-24T11:18:09","date_gmt":"2026-04-24T15:18:09","guid":{"rendered":"https:\/\/lacruz.cl\/a94a8fe5\/?p=16207"},"modified":"2026-04-24T11:18:09","modified_gmt":"2026-04-24T15:18:09","slug":"126-familias-de-la-cruz-se-adjudicaron-subsidio-habitacional-con-fuerte-respaldo-municipal","status":"publish","type":"post","link":"https:\/\/lacruz.cl\/a94a8fe5\/noticias\/126-familias-de-la-cruz-se-adjudicaron-subsidio-habitacional-con-fuerte-respaldo-municipal\/","title":{"rendered":"126 familias de La Cruz se adjudicaron subsidio habitacional con fuerte respaldo municipal"},"content":{"rendered":"\n<figure class=\"wp-block-image size-large\"><img loading=\"lazy\" decoding=\"async\" width=\"1024\" height=\"768\" src=\"https:\/\/lacruz.cl\/a94a8fe5\/wp-content\/uploads\/2026\/04\/REUNION-COMITES-VIVIENDA-1024x768.jpeg\" alt=\"\" class=\"wp-image-16209\" srcset=\"https:\/\/lacruz.cl\/a94a8fe5\/wp-content\/uploads\/2026\/04\/REUNION-COMITES-VIVIENDA-1024x768.jpeg 1024w, https:\/\/lacruz.cl\/a94a8fe5\/wp-content\/uploads\/2026\/04\/REUNION-COMITES-VIVIENDA-300x225.jpeg 300w, https:\/\/lacruz.cl\/a94a8fe5\/wp-content\/uploads\/2026\/04\/REUNION-COMITES-VIVIENDA-768x576.jpeg 768w, https:\/\/lacruz.cl\/a94a8fe5\/wp-content\/uploads\/2026\/04\/REUNION-COMITES-VIVIENDA.jpeg 1280w\" sizes=\"auto, (max-width: 1024px) 100vw, 1024px\" \/><\/figure>\n\n\n\n<p class=\"has-black-color has-text-color has-link-color wp-elements-b14ff7f7870ea357fc8515048b4bd645\"><strong>La alcaldesa Filomena Navia Hevia destac\u00f3 que el proyecto Los Caprenses marc\u00f3 un hito hist\u00f3rico en la comuna, al concretar en tiempo r\u00e9cord la compra del terreno y la adjudicaci\u00f3n del subsidio para tres comit\u00e9s de vivienda.<\/strong><\/p>\n\n\n\n<p class=\"has-black-color has-text-color has-link-color wp-elements-e0d8e1444095a8280c964e97c598d71f\"><strong>Con emoci\u00f3n, abrazos y a\u00f1os de espera a cuestas, 126 familias de La Cruz recibieron la confirmaci\u00f3n oficial de sus subsidios habitacionales, tras la publicaci\u00f3n en el Diario Oficial del proyecto Los Caprenses, en el marco del Fondo Solidario de Elecci\u00f3n de Vivienda (DS-49).<\/strong><\/p>\n\n\n\n<p class=\"has-black-color has-text-color has-link-color wp-elements-e55a076b75b418496f97efa859bd8b5e\"><strong>Pero m\u00e1s all\u00e1 de la noticia, el proceso detr\u00e1s de este logro es lo que hoy marca un punto de inflexi\u00f3n en la comuna. As\u00ed lo plante\u00f3 la alcaldesa Filomena Navia, quien asegur\u00f3 que este proyecto no solo resuelve una necesidad urgente, sino que adem\u00e1s establece un precedente en materia de gesti\u00f3n habitacional. \u201cEstamos muy felices, con la satisfacci\u00f3n de haber cumplido un objetivo tan noble como es la vivienda propia. Y, adem\u00e1s, rompimos un r\u00e9cord en la comuna de La Cruz, porque nunca antes un comit\u00e9 hab\u00eda logrado comprar un terreno y adjudicarse el subsidio en los tiempos que nosotros lo conseguimos\u201d, afirm\u00f3 la jefa comunal.<\/strong><\/p>\n\n\n\n<p class=\"has-black-color has-text-color has-link-color wp-elements-5cfe31e2d6c06ca1a63a8ec6c704fdd1\"><strong>Un proceso que cambi\u00f3 la historia de los comit\u00e9s<\/strong><\/p>\n\n\n\n<p class=\"has-black-color has-text-color has-link-color wp-elements-a9206b34f5c822e75228f4b84ffeef2b\"><strong>El proyecto Los Caprenses re\u00fane a los comit\u00e9s Los Maitenes, Villa Hermosa y San Mart\u00edn, organizaciones que arrastraban a\u00f1os, e incluso m\u00e1s de una d\u00e9cada, de espera por una soluci\u00f3n habitacional. \u201cNosotros cumplimos 10 a\u00f1os como comit\u00e9. Ha sido un proceso largo, tedioso, con hartos dolores de cabeza, pero gracias a Dios llegamos a la meta\u201d, relat\u00f3 Roxana Saavedra, dirigenta del proyecto.<\/strong><\/p>\n\n\n\n<p class=\"has-black-color has-text-color has-link-color wp-elements-b3b324355549b03cbbfb279b0c2cd156\"><strong>La dirigenta fue a\u00fan m\u00e1s directa al valorar el rol municipal y el apoyo de la jefa comunal en el proceso: \u201cSi no hubiese sido por ella, nosotros no estar\u00edamos en esto. Nos apoy\u00f3 al 100% desde el primer minuto\u201d, sostuvo.<\/strong><\/p>\n\n\n\n<p class=\"has-black-color has-text-color has-link-color wp-elements-687f388439f2f3cea8b87b06dcaf36c0\"><strong>Gesti\u00f3n, acompa\u00f1amiento y planificaci\u00f3n<\/strong><\/p>\n\n\n\n<p class=\"has-black-color has-text-color has-link-color wp-elements-b4c1a7f9888135ec3a9f6ec088544585\"><strong>Desde el municipio explican que el punto de quiebre se produjo en 2022, cuando se defini\u00f3 una estrategia clara para sacar adelante el proyecto, que incluy\u00f3 la elaboraci\u00f3n de un plan maestro, la articulaci\u00f3n con la entidad patrocinante y, sobre todo, la compra del terreno donde se levantar\u00e1 el futuro barrio en avenida Santa Cruz. \u201cLa verdad es que los comit\u00e9s solos, sin acompa\u00f1amiento de un municipio, no tienen un futuro muy propicio. Aqu\u00ed hay un equipo que se involucr\u00f3, que planific\u00f3 y que gui\u00f3 cada etapa del proceso\u201d, enfatiz\u00f3 la alcaldesa.<\/strong><\/p>\n\n\n\n<p class=\"has-black-color has-text-color has-link-color wp-elements-56546029a4c6301af68e4a4ce5a26cf3\"><strong>Ese trabajo permiti\u00f3 avanzar de manera acelerada en comparaci\u00f3n a experiencias anteriores, lo que hoy es destacado como un hito en la historia local.<\/strong><\/p>\n\n\n\n<p class=\"has-black-color has-text-color has-link-color wp-elements-78eaff8c25d515e36384de36f27d24c5\"><strong>Lo que viene: comenzar a construir<\/strong><\/p>\n\n\n\n<p class=\"has-black-color has-text-color has-link-color wp-elements-97ae2a79d60dbcd48b6ee5e97594468e\"><strong>Con el subsidio ya adjudicado, el proyecto entra ahora en su fase m\u00e1s concreta: la construcci\u00f3n de las viviendas. Seg\u00fan adelant\u00f3 la alcaldesa, las obras deber\u00edan comenzar durante el primer semestre, con la meta de entregar las casas dentro del actual periodo municipal. \u201cPretendemos entregar las llaves en este periodo. Ese es nuestro compromiso con las familias que confiaron en este proceso\u201d, se\u00f1al\u00f3.<\/strong><\/p>\n\n\n\n<p class=\"has-black-color has-text-color has-link-color wp-elements-421061ce613b93703a04a06f4e18de09\"><strong>En paralelo, el municipio ya trabaja con otros comit\u00e9s que siguen en lista de espera, en una comuna donde la demanda por vivienda contin\u00faa siendo alta. As\u00ed, lo ocurrido con Los Caprenses no solo representa una soluci\u00f3n concreta para 126 familias, sino tambi\u00e9n una se\u00f1al de que, con organizaci\u00f3n, gesti\u00f3n y acompa\u00f1amiento, los procesos que antes tomaban d\u00e9cadas hoy pueden avanzar en tiempos mucho m\u00e1s acotados.<\/strong><\/p>\n\n\n\n<p><\/p>\n","protected":false},"excerpt":{"rendered":"<p>La alcaldesa Filomena Navia Hevia destac\u00f3 que el proyecto Los Caprenses marc\u00f3 un hito hist\u00f3rico en la comuna, al concretar en tiempo r\u00e9cord la compra del terreno y la adjudicaci\u00f3n del subsidio para tres comit\u00e9s de vivienda. Con emoci\u00f3n, abrazos y a\u00f1os de espera a cuestas, 126 familias de La Cruz recibieron la confirmaci\u00f3n oficial [&hellip;]<\/p>\n","protected":false},"author":6,"featured_media":16209,"comment_status":"closed","ping_status":"","sticky":false,"template":"","format":"standard","meta":{"site-sidebar-layout":"default","site-content-layout":"","ast-site-content-layout":"default","site-content-style":"default","site-sidebar-style":"default","ast-global-header-display":"","ast-banner-title-visibility":"","ast-main-header-display":"","ast-hfb-above-header-display":"","ast-hfb-below-header-display":"","ast-hfb-mobile-header-display":"","site-post-title":"","ast-breadcrumbs-content":"","ast-featured-img":"","footer-sml-layout":"","ast-disable-related-posts":"","theme-transparent-header-meta":"","adv-header-id-meta":"","stick-header-meta":"","header-above-stick-meta":"","header-main-stick-meta":"","header-below-stick-meta":"","astra-migrate-meta-layouts":"set","ast-page-background-enabled":"default","ast-page-background-meta":{"desktop":{"background-color":"var(--ast-global-color-4)","background-image":"","background-repeat":"repeat","background-position":"center center","background-size":"auto","background-attachment":"scroll","background-type":"","background-media":"","overlay-type":"","overlay-color":"","overlay-opacity":"","overlay-gradient":""},"tablet":{"background-color":"","background-image":"","background-repeat":"repeat","background-position":"center center","background-size":"auto","background-attachment":"scroll","background-type":"","background-media":"","overlay-type":"","overlay-color":"","overlay-opacity":"","overlay-gradient":""},"mobile":{"background-color":"","background-image":"","background-repeat":"repeat","background-position":"center center","background-size":"auto","background-attachment":"scroll","background-type":"","background-media":"","overlay-type":"","overlay-color":"","overlay-opacity":"","overlay-gradient":""}},"ast-content-background-meta":{"desktop":{"background-color":"var(--ast-global-color-5)","background-image":"","background-repeat":"repeat","background-position":"center center","background-size":"auto","background-attachment":"scroll","background-type":"","background-media":"","overlay-type":"","overlay-color":"","overlay-opacity":"","overlay-gradient":""},"tablet":{"background-color":"var(--ast-global-color-5)","background-image":"","background-repeat":"repeat","background-position":"center center","background-size":"auto","background-attachment":"scroll","background-type":"","background-media":"","overlay-type":"","overlay-color":"","overlay-opacity":"","overlay-gradient":""},"mobile":{"background-color":"var(--ast-global-color-5)","background-image":"","background-repeat":"repeat","background-position":"center center","background-size":"auto","background-attachment":"scroll","background-type":"","background-media":"","overlay-type":"","overlay-color":"","overlay-opacity":"","overlay-gradient":""}},"footnotes":""},"categories":[1],"tags":[],"class_list":["post-16207","post","type-post","status-publish","format-standard","has-post-thumbnail","hentry","category-noticias"],"_links":{"self":[{"href":"https:\/\/lacruz.cl\/a94a8fe5\/wp-json\/wp\/v2\/posts\/16207","targetHints":{"allow":["GET"]}}],"collection":[{"href":"https:\/\/lacruz.cl\/a94a8fe5\/wp-json\/wp\/v2\/posts"}],"about":[{"href":"https:\/\/lacruz.cl\/a94a8fe5\/wp-json\/wp\/v2\/types\/post"}],"author":[{"embeddable":true,"href":"https:\/\/lacruz.cl\/a94a8fe5\/wp-json\/wp\/v2\/users\/6"}],"replies":[{"embeddable":true,"href":"https:\/\/lacruz.cl\/a94a8fe5\/wp-json\/wp\/v2\/comments?post=16207"}],"version-history":[{"count":1,"href":"https:\/\/lacruz.cl\/a94a8fe5\/wp-json\/wp\/v2\/posts\/16207\/revisions"}],"predecessor-version":[{"id":16210,"href":"https:\/\/lacruz.cl\/a94a8fe5\/wp-json\/wp\/v2\/posts\/16207\/revisions\/16210"}],"wp:featuredmedia":[{"embeddable":true,"href":"https:\/\/lacruz.cl\/a94a8fe5\/wp-json\/wp\/v2\/media\/16209"}],"wp:attachment":[{"href":"https:\/\/lacruz.cl\/a94a8fe5\/wp-json\/wp\/v2\/media?parent=16207"}],"wp:term":[{"taxonomy":"category","embeddable":true,"href":"https:\/\/lacruz.cl\/a94a8fe5\/wp-json\/wp\/v2\/categories?post=16207"},{"taxonomy":"post_tag","embeddable":true,"href":"https:\/\/lacruz.cl\/a94a8fe5\/wp-json\/wp\/v2\/tags?post=16207"}],"curies":[{"name":"wp","href":"https:\/\/api.w.org\/{rel}","templated":true}]}}