{"id":16204,"date":"2026-04-24T11:13:30","date_gmt":"2026-04-24T15:13:30","guid":{"rendered":"https:\/\/lacruz.cl\/a94a8fe5\/?p=16204"},"modified":"2026-04-24T11:13:30","modified_gmt":"2026-04-24T15:13:30","slug":"la-cruz-contra-el-bencinazo-bus-gratuito-trasladara-a-estudiantes-de-educacion-superior-hacia-vina-del-mar-y-valparaiso","status":"publish","type":"post","link":"https:\/\/lacruz.cl\/a94a8fe5\/noticias\/la-cruz-contra-el-bencinazo-bus-gratuito-trasladara-a-estudiantes-de-educacion-superior-hacia-vina-del-mar-y-valparaiso\/","title":{"rendered":"La Cruz contra el \u00abbencinazo\u00bb: bus gratuito trasladar\u00e1 a estudiantes de educaci\u00f3n superior hacia Vi\u00f1a del Mar y Valpara\u00edso"},"content":{"rendered":"\n<figure class=\"wp-block-image size-large\"><img loading=\"lazy\" decoding=\"async\" width=\"1024\" height=\"768\" src=\"https:\/\/lacruz.cl\/a94a8fe5\/wp-content\/uploads\/2026\/04\/BUSES-EDUCA-1024x768.jpeg\" alt=\"\" class=\"wp-image-16205\" srcset=\"https:\/\/lacruz.cl\/a94a8fe5\/wp-content\/uploads\/2026\/04\/BUSES-EDUCA-1024x768.jpeg 1024w, https:\/\/lacruz.cl\/a94a8fe5\/wp-content\/uploads\/2026\/04\/BUSES-EDUCA-300x225.jpeg 300w, https:\/\/lacruz.cl\/a94a8fe5\/wp-content\/uploads\/2026\/04\/BUSES-EDUCA-768x576.jpeg 768w, https:\/\/lacruz.cl\/a94a8fe5\/wp-content\/uploads\/2026\/04\/BUSES-EDUCA-1536x1152.jpeg 1536w, https:\/\/lacruz.cl\/a94a8fe5\/wp-content\/uploads\/2026\/04\/BUSES-EDUCA.jpeg 1600w\" sizes=\"auto, (max-width: 1024px) 100vw, 1024px\" \/><\/figure>\n\n\n\n<p class=\"has-black-color has-text-color has-link-color wp-elements-be7acc225955d8f6dd44398dab54c1c9\"><em><strong>El municipio impulsa un servicio de transporte gratuito para quienes viajan a casas de estudio en Vi\u00f1a del Mar y Valpara\u00edso, buscando reducir el impacto econ\u00f3mico del traslado diario.<\/strong><\/em><\/p>\n\n\n\n<p class=\"has-black-color has-text-color has-link-color wp-elements-0e9e86b86cca1f9b0605c73e33381e01\"><strong>Cuando el bolsillo de millones de familias en el pa\u00eds est\u00e1 sufriendo las consecuencias del alza en el precio de los combustibles, incluyendo el alto costo que implica trasladarse diariamente a otras comunas para estudiar, la Municipalidad de La Cruz anunci\u00f3 la implementaci\u00f3n de un bus gratuito destinado a estudiantes de educaci\u00f3n superior, una medida que apunta directamente a aliviar el gasto mensual de las familias.<\/strong><\/p>\n\n\n\n<p class=\"has-black-color has-text-color has-link-color wp-elements-3cfcadbe8effce862281891cbb725469\"><strong>El proyecto ya se encuentra listo y considera un servicio de acercamiento hacia Vi\u00f1a del Mar y Valpara\u00edso, donde se concentran la mayor\u00eda de los centros de formaci\u00f3n tanto t\u00e9cnicos como profesionales a los que asisten j\u00f3venes de la comuna.<\/strong><\/p>\n\n\n\n<p class=\"has-black-color has-text-color has-link-color wp-elements-e4d1497070545f5154aa82d17897630a\"><strong>Sobre esto, el alcalde (s) \u00d3scar Calder\u00f3n destac\u00f3 que esta iniciativa responde a una preocupaci\u00f3n concreta por la econom\u00eda de los hogares. \u201cHemos estado trabajando distintas formas de poder paliar la situaci\u00f3n financiera que puede estar afectando los bolsillos de nuestros vecinos (\u2026) ya tenemos listo el proyecto para implementar un servicio de transporte especial que trasladar\u00e1 a nuestros estudiantes en forma gratuita\u201d, se\u00f1al\u00f3.<\/strong><\/p>\n\n\n\n<p class=\"has-black-color has-text-color has-link-color wp-elements-18a01d52b5916de84d883540eec05964\"><strong>Cobertura<\/strong><\/p>\n\n\n\n<p class=\"has-black-color has-text-color has-link-color wp-elements-b0168327ee0a14e8b4952162ff414a1e\"><strong>En t\u00e9rminos operativos, el servicio comenzar\u00e1 en el sector de v\u00eda Jamaica, espec\u00edficamente en el paradero 24, avanzando por avenida 21 de Mayo hasta el paradero 8, en el l\u00edmite con Quillota, para luego continuar por la Ruta 64 hacia la zona costera.<\/strong><\/p>\n\n\n\n<p class=\"has-black-color has-text-color has-link-color wp-elements-8e0247f4ada03e3d05b3bc137866cac3\"><strong>El director de Tr\u00e1nsito y Transporte P\u00fablico, David Leyton Orellana, detall\u00f3 el funcionamiento del servicio: \u201cEste nuevo servicio de acercamiento consta del traslado de nuestros estudiantes universitarios hacia la regi\u00f3n de Valpara\u00edso (\u2026) iniciar\u00e1 desde el paradero 24 en v\u00eda Jamaica y permitir\u00e1 llegar alrededor de las 8 de la ma\u00f1ana a la estaci\u00f3n Puerto, en dos tandas desde las 6:00 horas\u201d, dijo el jefe de servicios.<\/strong><\/p>\n\n\n\n<p class=\"has-black-color has-text-color has-link-color wp-elements-f03f36f39a24876b1a54108891f5bae6\"><strong>Adem\u00e1s, precis\u00f3 que el retorno se realizar\u00e1 durante la tarde bajo el mismo circuito: \u201cEl servicio comenzar\u00e1 desde las 17:30 horas, con un bus saliendo desde La Cruz que llegar\u00e1 hasta Valpara\u00edso, para volver con los estudiantes a eso de las 19 horas, lo que permitir\u00e1 cubrir la jornada completa de los estudiantes\u201d, precis\u00f3 Leyton.<\/strong><\/p>\n\n\n\n<p class=\"has-black-color has-text-color has-link-color wp-elements-f7e7a6fb15bda419c55e0d265e51454c\"><strong>\u00bfC\u00f3mo acceder?<\/strong><\/p>\n\n\n\n<p class=\"has-black-color has-text-color has-link-color wp-elements-9751cf73dcea2a93268e50559d879993\"><strong>Para acceder al beneficio, las y los estudiantes deber\u00e1n enviar los siguientes documentos al correo <a href=\"about:blank\">movilizaci\u00f3n@lacruz.cl<\/a>, adem\u00e1s de enviar su nombre completo, rut y n\u00famero de contacto:<\/strong><\/p>\n\n\n\n<p class=\"has-black-color has-text-color has-link-color wp-elements-8d927a4de0e7c191fef2c8219e31ac96\"><strong>&#8211; Foto de carnet por ambos lados<\/strong><\/p>\n\n\n\n<p class=\"has-black-color has-text-color has-link-color wp-elements-73358acd2e7738979cc556afc4f10a54\"><strong>&#8211; Certificado de residencia o Registro Social de Hogares (para evidenciar residencia en La Cruz)<\/strong><\/p>\n\n\n\n<p class=\"has-black-color has-text-color has-link-color wp-elements-038b09a31ec9b7dc52dc47cc329a7a1a\"><strong>&#8211; Certificado de Alumno Regular<\/strong><\/p>\n\n\n\n<p class=\"has-black-color has-text-color has-link-color wp-elements-059bd3ca2918a78a196fed6a321150b0\"><strong>&#8211; Foto de TNE actualizada<\/strong><\/p>\n\n\n\n<p class=\"has-black-color has-text-color has-link-color wp-elements-7605d5807d29c2dd3f5e13ffff86fa1f\"><strong>El municipio dispondr\u00e1 de un bus de 45 pasajeros y tres taxibuses de 30 asientos para sostener el servicio.<\/strong><\/p>\n\n\n\n<p class=\"has-black-color has-text-color has-link-color wp-elements-5b260cda02455ee45873bbd2121c111b\"><strong>Tambi\u00e9n puedes hacer el tr\u00e1mite de forma presencial en la Direcci\u00f3n de Tr\u00e1nsito Municipal ubicada en Av. 21 de Mayo 3077, en horario de atenci\u00f3n.<\/strong><\/p>\n\n\n\n<p class=\"has-black-color has-text-color has-link-color wp-elements-d4e460918af2bf51c4de9f8e9cb090ec\"><strong>Por \u00faltimo, desde el municipio adelantaron que durante esta semana se realizar\u00e1 una marcha blanca, mientras se gestiona la autorizaci\u00f3n definitiva por parte de la Seremi de Transportes, con miras a iniciar prontamente el funcionamiento formal del recorrido.\u00a0<\/strong><\/p>\n\n\n\n<p><\/p>\n","protected":false},"excerpt":{"rendered":"<p>El municipio impulsa un servicio de transporte gratuito para quienes viajan a casas de estudio en Vi\u00f1a del Mar y Valpara\u00edso, buscando reducir el impacto econ\u00f3mico del traslado diario. Cuando el bolsillo de millones de familias en el pa\u00eds est\u00e1 sufriendo las consecuencias del alza en el precio de los combustibles, incluyendo el alto costo [&hellip;]<\/p>\n","protected":false},"author":6,"featured_media":16205,"comment_status":"closed","ping_status":"","sticky":false,"template":"","format":"standard","meta":{"site-sidebar-layout":"default","site-content-layout":"","ast-site-content-layout":"default","site-content-style":"default","site-sidebar-style":"default","ast-global-header-display":"","ast-banner-title-visibility":"","ast-main-header-display":"","ast-hfb-above-header-display":"","ast-hfb-below-header-display":"","ast-hfb-mobile-header-display":"","site-post-title":"","ast-breadcrumbs-content":"","ast-featured-img":"","footer-sml-layout":"","ast-disable-related-posts":"","theme-transparent-header-meta":"","adv-header-id-meta":"","stick-header-meta":"","header-above-stick-meta":"","header-main-stick-meta":"","header-below-stick-meta":"","astra-migrate-meta-layouts":"set","ast-page-background-enabled":"default","ast-page-background-meta":{"desktop":{"background-color":"var(--ast-global-color-4)","background-image":"","background-repeat":"repeat","background-position":"center center","background-size":"auto","background-attachment":"scroll","background-type":"","background-media":"","overlay-type":"","overlay-color":"","overlay-opacity":"","overlay-gradient":""},"tablet":{"background-color":"","background-image":"","background-repeat":"repeat","background-position":"center center","background-size":"auto","background-attachment":"scroll","background-type":"","background-media":"","overlay-type":"","overlay-color":"","overlay-opacity":"","overlay-gradient":""},"mobile":{"background-color":"","background-image":"","background-repeat":"repeat","background-position":"center center","background-size":"auto","background-attachment":"scroll","background-type":"","background-media":"","overlay-type":"","overlay-color":"","overlay-opacity":"","overlay-gradient":""}},"ast-content-background-meta":{"desktop":{"background-color":"var(--ast-global-color-5)","background-image":"","background-repeat":"repeat","background-position":"center center","background-size":"auto","background-attachment":"scroll","background-type":"","background-media":"","overlay-type":"","overlay-color":"","overlay-opacity":"","overlay-gradient":""},"tablet":{"background-color":"var(--ast-global-color-5)","background-image":"","background-repeat":"repeat","background-position":"center center","background-size":"auto","background-attachment":"scroll","background-type":"","background-media":"","overlay-type":"","overlay-color":"","overlay-opacity":"","overlay-gradient":""},"mobile":{"background-color":"var(--ast-global-color-5)","background-image":"","background-repeat":"repeat","background-position":"center center","background-size":"auto","background-attachment":"scroll","background-type":"","background-media":"","overlay-type":"","overlay-color":"","overlay-opacity":"","overlay-gradient":""}},"footnotes":""},"categories":[1],"tags":[],"class_list":["post-16204","post","type-post","status-publish","format-standard","has-post-thumbnail","hentry","category-noticias"],"_links":{"self":[{"href":"https:\/\/lacruz.cl\/a94a8fe5\/wp-json\/wp\/v2\/posts\/16204","targetHints":{"allow":["GET"]}}],"collection":[{"href":"https:\/\/lacruz.cl\/a94a8fe5\/wp-json\/wp\/v2\/posts"}],"about":[{"href":"https:\/\/lacruz.cl\/a94a8fe5\/wp-json\/wp\/v2\/types\/post"}],"author":[{"embeddable":true,"href":"https:\/\/lacruz.cl\/a94a8fe5\/wp-json\/wp\/v2\/users\/6"}],"replies":[{"embeddable":true,"href":"https:\/\/lacruz.cl\/a94a8fe5\/wp-json\/wp\/v2\/comments?post=16204"}],"version-history":[{"count":1,"href":"https:\/\/lacruz.cl\/a94a8fe5\/wp-json\/wp\/v2\/posts\/16204\/revisions"}],"predecessor-version":[{"id":16206,"href":"https:\/\/lacruz.cl\/a94a8fe5\/wp-json\/wp\/v2\/posts\/16204\/revisions\/16206"}],"wp:featuredmedia":[{"embeddable":true,"href":"https:\/\/lacruz.cl\/a94a8fe5\/wp-json\/wp\/v2\/media\/16205"}],"wp:attachment":[{"href":"https:\/\/lacruz.cl\/a94a8fe5\/wp-json\/wp\/v2\/media?parent=16204"}],"wp:term":[{"taxonomy":"category","embeddable":true,"href":"https:\/\/lacruz.cl\/a94a8fe5\/wp-json\/wp\/v2\/categories?post=16204"},{"taxonomy":"post_tag","embeddable":true,"href":"https:\/\/lacruz.cl\/a94a8fe5\/wp-json\/wp\/v2\/tags?post=16204"}],"curies":[{"name":"wp","href":"https:\/\/api.w.org\/{rel}","templated":true}]}}