{"id":16199,"date":"2026-04-24T11:05:20","date_gmt":"2026-04-24T15:05:20","guid":{"rendered":"https:\/\/lacruz.cl\/a94a8fe5\/?p=16199"},"modified":"2026-04-24T11:05:20","modified_gmt":"2026-04-24T15:05:20","slug":"la-cruz-se-anticipa-a-lluvias-intensas-con-intervencion-en-puntos-criticos-y-despliegue-en-terreno","status":"publish","type":"post","link":"https:\/\/lacruz.cl\/a94a8fe5\/noticias\/la-cruz-se-anticipa-a-lluvias-intensas-con-intervencion-en-puntos-criticos-y-despliegue-en-terreno\/","title":{"rendered":"La Cruz se anticipa a lluvias intensas con intervenci\u00f3n en puntos cr\u00edticos y despliegue en terreno"},"content":{"rendered":"\n<figure class=\"wp-block-image size-large\"><img loading=\"lazy\" decoding=\"async\" width=\"1024\" height=\"768\" src=\"https:\/\/lacruz.cl\/a94a8fe5\/wp-content\/uploads\/2026\/04\/COGRID-1024x768.jpeg\" alt=\"\" class=\"wp-image-16200\" srcset=\"https:\/\/lacruz.cl\/a94a8fe5\/wp-content\/uploads\/2026\/04\/COGRID-1024x768.jpeg 1024w, https:\/\/lacruz.cl\/a94a8fe5\/wp-content\/uploads\/2026\/04\/COGRID-300x225.jpeg 300w, https:\/\/lacruz.cl\/a94a8fe5\/wp-content\/uploads\/2026\/04\/COGRID-768x576.jpeg 768w, https:\/\/lacruz.cl\/a94a8fe5\/wp-content\/uploads\/2026\/04\/COGRID.jpeg 1280w\" sizes=\"auto, (max-width: 1024px) 100vw, 1024px\" \/><\/figure>\n\n\n\n<p class=\"has-black-color has-text-color has-link-color wp-elements-e7bc4b832a1f2b4221dcf66b3a43c5b0\"><strong>Sectores como Lo Rojas concentran acciones preventivas, mientras el municipio activa su plan invierno con limpieza de desag\u00fces, monitoreo y coordinaci\u00f3n de emergencias.<\/strong><\/p>\n\n\n\n<p class=\"has-black-color has-text-color has-link-color wp-elements-276701d6c358197198c36a5e77380b0f\"><strong>Ante el pron\u00f3stico de un invierno marcado por lluvias intensas en la zona, la comuna de La Cruz activ\u00f3 su plan invierno 2026 con un despliegue preventivo que pone el foco en los sectores hist\u00f3ricamente m\u00e1s vulnerables, combinando trabajo en terreno, coordinaci\u00f3n institucional y medidas anticipadas para mitigar riesgos.<\/strong><\/p>\n\n\n\n<p class=\"has-black-color has-text-color has-link-color wp-elements-c115bea9b827092a9fde91e2b1c3233f\"><strong>El punto de partida fue una sesi\u00f3n del Comit\u00e9 de Gesti\u00f3n del Riesgo de Desastres (COGRID), instancia que reuni\u00f3 a Bomberos, Defensa Civil, equipos de salud, polic\u00edas y distintas unidades municipales, con el objetivo de alinear estrategias y fortalecer la respuesta ante eventuales emergencias.<\/strong><\/p>\n\n\n\n<p class=\"has-black-color has-text-color has-link-color wp-elements-391ade6b24565bf43ace2f490aac1dac\"><strong>En esa l\u00ednea, la alcaldesa Filomena Navia Hevia, quien encabez\u00f3 el comit\u00e9, destac\u00f3 el trabajo previo y el aprendizaje de eventos anteriores. \u201cHoy d\u00eda nos pudimos coordinar, pudimos tambi\u00e9n sacar conclusiones de las emergencias anteriores (\u2026) y hay una buena disposici\u00f3n del trabajo con todos los equipos\u201d, agreg\u00f3.\u00a0<\/strong><\/p>\n\n\n\n<p><strong>Puntos cr\u00edticos<\/strong><\/p>\n\n\n\n<p class=\"has-black-color has-text-color has-link-color wp-elements-4f0720c9094edf7c5991b0762d6e93aa\"><strong>Uno de los ejes principales del plan es la intervenci\u00f3n directa en puntos cr\u00edticos. En ese contexto, sectores como Lo Rojas ya han sido objeto de acciones preventivas, incluyendo refuerzos en zonas propensas a desprendimientos de terreno, mediante gestiones coordinadas con el Ministerio de Obras P\u00fablicas.<\/strong><\/p>\n\n\n\n<p class=\"has-black-color has-text-color has-link-color wp-elements-ad5a63b7c42fa06aa350ce7c6884741d\"><strong>En paralelo, el municipio avanza con labores concretas en terreno. Desde la Unidad de Gesti\u00f3n de Riesgos y Desastres, se dispuso una cuadrilla dedicada exclusivamente a tareas preventivas, centradas en la limpieza de desag\u00fces y la preparaci\u00f3n de infraestructura clave para enfrentar precipitaciones intensas. A ello se suma la disponibilidad de equipamiento especializado para responder ante emergencias asociadas a condiciones clim\u00e1ticas adversas.<\/strong><\/p>\n\n\n\n<p class=\"has-black-color has-text-color has-link-color wp-elements-1b26b1c43a6f2708e9813597575bd09f\"><strong>Desde la Unidad de Gesti\u00f3n de Riesgos y Desastres, su encargada Jessica Osorio detall\u00f3 que el trabajo se est\u00e1 enfocando en la prevenci\u00f3n en terreno. \u201cEstamos abordando los puntos cr\u00edticos de la comuna (\u2026) buscando las maneras preventivas para poder realizar un trabajo efectivo\u201d, explic\u00f3.<\/strong><\/p>\n\n\n\n<p><strong>Refuerzo en patrullaje y monitoreo<\/strong><\/p>\n\n\n\n<p class=\"has-black-color has-text-color has-link-color wp-elements-dbd2b6b73c3e6848034e85c175077347\"><strong>El despliegue tambi\u00e9n considera el rol estrat\u00e9gico de la Direcci\u00f3n de Seguridad P\u00fablica, que reforzar\u00e1 el patrullaje preventivo y el monitoreo permanente de sectores de riesgo a trav\u00e9s de su central de c\u00e1maras, adem\u00e1s de apoyar labores vinculadas a la gesti\u00f3n de emergencias. Su director, Andr\u00e9s Leiva, explic\u00f3 que el trabajo se articula en distintos niveles. \u201cLa seguridad p\u00fablica tambi\u00e9n tiene que ver con el trabajo en la emergencia (\u2026) poniendo a disposici\u00f3n personal y recursos para enfrentar situaciones de riesgo\u201d, se\u00f1al\u00f3.<\/strong><\/p>\n\n\n\n<p class=\"has-black-color has-text-color has-link-color wp-elements-1694a450f5af1825d5bdc01ddb07945a\"><strong>Desde el municipio recalcaron que la preparaci\u00f3n no solo depende de las instituciones, sino tambi\u00e9n del compromiso de la comunidad. Por ello, se hizo un llamado a los vecinos a realizar acciones preventivas como la limpieza de acequias, canales, desag\u00fces y esteros, con el fin de reducir el impacto de posibles anegamientos.<\/strong><\/p>\n\n\n\n<p class=\"has-black-color has-text-color has-link-color wp-elements-110e9d808e2e7dd6b89731bf9e497287\"><strong>Con estas medidas, La Cruz busca enfrentar de manera anticipada una temporada invernal que se proyecta exigente, apostando por la prevenci\u00f3n, el trabajo en terreno y la coordinaci\u00f3n como pilares fundamentales para resguardar a la comunidad.<\/strong><\/p>\n","protected":false},"excerpt":{"rendered":"<p>Sectores como Lo Rojas concentran acciones preventivas, mientras el municipio activa su plan invierno con limpieza de desag\u00fces, monitoreo y coordinaci\u00f3n de emergencias. Ante el pron\u00f3stico de un invierno marcado por lluvias intensas en la zona, la comuna de La Cruz activ\u00f3 su plan invierno 2026 con un despliegue preventivo que pone el foco en [&hellip;]<\/p>\n","protected":false},"author":6,"featured_media":16200,"comment_status":"closed","ping_status":"","sticky":false,"template":"","format":"standard","meta":{"site-sidebar-layout":"default","site-content-layout":"","ast-site-content-layout":"default","site-content-style":"default","site-sidebar-style":"default","ast-global-header-display":"","ast-banner-title-visibility":"","ast-main-header-display":"","ast-hfb-above-header-display":"","ast-hfb-below-header-display":"","ast-hfb-mobile-header-display":"","site-post-title":"","ast-breadcrumbs-content":"","ast-featured-img":"","footer-sml-layout":"","ast-disable-related-posts":"","theme-transparent-header-meta":"","adv-header-id-meta":"","stick-header-meta":"","header-above-stick-meta":"","header-main-stick-meta":"","header-below-stick-meta":"","astra-migrate-meta-layouts":"set","ast-page-background-enabled":"default","ast-page-background-meta":{"desktop":{"background-color":"var(--ast-global-color-4)","background-image":"","background-repeat":"repeat","background-position":"center center","background-size":"auto","background-attachment":"scroll","background-type":"","background-media":"","overlay-type":"","overlay-color":"","overlay-opacity":"","overlay-gradient":""},"tablet":{"background-color":"","background-image":"","background-repeat":"repeat","background-position":"center center","background-size":"auto","background-attachment":"scroll","background-type":"","background-media":"","overlay-type":"","overlay-color":"","overlay-opacity":"","overlay-gradient":""},"mobile":{"background-color":"","background-image":"","background-repeat":"repeat","background-position":"center center","background-size":"auto","background-attachment":"scroll","background-type":"","background-media":"","overlay-type":"","overlay-color":"","overlay-opacity":"","overlay-gradient":""}},"ast-content-background-meta":{"desktop":{"background-color":"var(--ast-global-color-5)","background-image":"","background-repeat":"repeat","background-position":"center center","background-size":"auto","background-attachment":"scroll","background-type":"","background-media":"","overlay-type":"","overlay-color":"","overlay-opacity":"","overlay-gradient":""},"tablet":{"background-color":"var(--ast-global-color-5)","background-image":"","background-repeat":"repeat","background-position":"center center","background-size":"auto","background-attachment":"scroll","background-type":"","background-media":"","overlay-type":"","overlay-color":"","overlay-opacity":"","overlay-gradient":""},"mobile":{"background-color":"var(--ast-global-color-5)","background-image":"","background-repeat":"repeat","background-position":"center center","background-size":"auto","background-attachment":"scroll","background-type":"","background-media":"","overlay-type":"","overlay-color":"","overlay-opacity":"","overlay-gradient":""}},"footnotes":""},"categories":[1],"tags":[],"class_list":["post-16199","post","type-post","status-publish","format-standard","has-post-thumbnail","hentry","category-noticias"],"_links":{"self":[{"href":"https:\/\/lacruz.cl\/a94a8fe5\/wp-json\/wp\/v2\/posts\/16199","targetHints":{"allow":["GET"]}}],"collection":[{"href":"https:\/\/lacruz.cl\/a94a8fe5\/wp-json\/wp\/v2\/posts"}],"about":[{"href":"https:\/\/lacruz.cl\/a94a8fe5\/wp-json\/wp\/v2\/types\/post"}],"author":[{"embeddable":true,"href":"https:\/\/lacruz.cl\/a94a8fe5\/wp-json\/wp\/v2\/users\/6"}],"replies":[{"embeddable":true,"href":"https:\/\/lacruz.cl\/a94a8fe5\/wp-json\/wp\/v2\/comments?post=16199"}],"version-history":[{"count":1,"href":"https:\/\/lacruz.cl\/a94a8fe5\/wp-json\/wp\/v2\/posts\/16199\/revisions"}],"predecessor-version":[{"id":16201,"href":"https:\/\/lacruz.cl\/a94a8fe5\/wp-json\/wp\/v2\/posts\/16199\/revisions\/16201"}],"wp:featuredmedia":[{"embeddable":true,"href":"https:\/\/lacruz.cl\/a94a8fe5\/wp-json\/wp\/v2\/media\/16200"}],"wp:attachment":[{"href":"https:\/\/lacruz.cl\/a94a8fe5\/wp-json\/wp\/v2\/media?parent=16199"}],"wp:term":[{"taxonomy":"category","embeddable":true,"href":"https:\/\/lacruz.cl\/a94a8fe5\/wp-json\/wp\/v2\/categories?post=16199"},{"taxonomy":"post_tag","embeddable":true,"href":"https:\/\/lacruz.cl\/a94a8fe5\/wp-json\/wp\/v2\/tags?post=16199"}],"curies":[{"name":"wp","href":"https:\/\/api.w.org\/{rel}","templated":true}]}}