{"id":16196,"date":"2026-04-24T11:02:17","date_gmt":"2026-04-24T15:02:17","guid":{"rendered":"https:\/\/lacruz.cl\/a94a8fe5\/?p=16196"},"modified":"2026-04-24T11:09:59","modified_gmt":"2026-04-24T15:09:59","slug":"la-cruz-apuesta-por-la-participacion-para-fortalecer-la-seguridad-al-interior-de-las-escuelas","status":"publish","type":"post","link":"https:\/\/lacruz.cl\/a94a8fe5\/noticias\/la-cruz-apuesta-por-la-participacion-para-fortalecer-la-seguridad-al-interior-de-las-escuelas\/","title":{"rendered":"La Cruz apuesta por la participaci\u00f3n para fortalecer la seguridad al interior de las escuelas"},"content":{"rendered":"\n<figure class=\"wp-block-image size-large\"><img loading=\"lazy\" decoding=\"async\" width=\"1024\" height=\"768\" src=\"https:\/\/lacruz.cl\/a94a8fe5\/wp-content\/uploads\/2026\/04\/SEGURIDAD-ESCUELAS-1024x768.jpeg\" alt=\"\" class=\"wp-image-16197\" srcset=\"https:\/\/lacruz.cl\/a94a8fe5\/wp-content\/uploads\/2026\/04\/SEGURIDAD-ESCUELAS-1024x768.jpeg 1024w, https:\/\/lacruz.cl\/a94a8fe5\/wp-content\/uploads\/2026\/04\/SEGURIDAD-ESCUELAS-300x225.jpeg 300w, https:\/\/lacruz.cl\/a94a8fe5\/wp-content\/uploads\/2026\/04\/SEGURIDAD-ESCUELAS-768x576.jpeg 768w, https:\/\/lacruz.cl\/a94a8fe5\/wp-content\/uploads\/2026\/04\/SEGURIDAD-ESCUELAS-1536x1152.jpeg 1536w, https:\/\/lacruz.cl\/a94a8fe5\/wp-content\/uploads\/2026\/04\/SEGURIDAD-ESCUELAS-2048x1536.jpeg 2048w\" sizes=\"auto, (max-width: 1024px) 100vw, 1024px\" \/><\/figure>\n\n\n\n<p class=\"has-black-color has-text-color has-link-color wp-elements-8c1a0b76a554fdb8cf43c8f9918c9278\"><strong>El municipio destac\u00f3 el trabajo sostenido en convivencia escolar, prevenci\u00f3n y participaci\u00f3n de las comunidades educativas como eje para abordar los rayados y amenazas que han generado alarma a nivel pa\u00eds.<\/strong><\/p>\n\n\n\n<p class=\"has-black-color has-text-color has-link-color wp-elements-879e9b06b1822191a1e84bcf4428bd92\"><strong>Frente a la preocupaci\u00f3n que han provocado los rayados y mensajes amenazantes en distintos colegios de Chile, la Municipalidad de La Cruz reforz\u00f3 su enfoque basado en la participaci\u00f3n activa de las comunidades educativas, entendiendo que este fen\u00f3meno no se enfrenta solo con medidas de control, sino tambi\u00e9n con prevenci\u00f3n, di\u00e1logo y trabajo conjunto.<\/strong><\/p>\n\n\n\n<p class=\"has-black-color has-text-color has-link-color wp-elements-2a9a27a84f247e94509da477f5c8277a\"><strong>Desde el municipio se ha planteado la necesidad de involucrar a directivos, docentes, estudiantes y apoderados en la definici\u00f3n de protocolos y en la construcci\u00f3n de respuestas colectivas, con el objetivo de anticipar situaciones de riesgo y evitar que estas conductas se sigan replicando.<\/strong><\/p>\n\n\n\n<p class=\"has-black-color has-text-color has-link-color wp-elements-f077f93a5c27072f87778f7ae7880c54\"><strong>Trabajo sostenido en convivencia escolar<br>Uno de los pilares de esta estrategia ha sido la implementaci\u00f3n, durante la gesti\u00f3n de la alcaldesa Filomena Navia Hevia, de equipos de convivencia escolar en todos los establecimientos municipales. Estos equipos est\u00e1n conformados por encargados de convivencia y duplas psicosociales integradas por psic\u00f3logos y trabajadores sociales.<\/strong><\/p>\n\n\n\n<p class=\"has-black-color has-text-color has-link-color wp-elements-3e4a87eb840948f25ddb2fec31ee11d2\"><strong>Este trabajo ha permitido desarrollar y actualizar planes de convivencia escolar en cada establecimiento, junto con realizar seguimiento permanente a los casos cr\u00edticos, fortaleciendo as\u00ed el bienestar de las comunidades educativas. A ello se suman capacitaciones permanentes coordinadas por el Departamento de Administraci\u00f3n de la Educaci\u00f3n Municipal (DAEM), dirigidas a docentes y asistentes de la educaci\u00f3n, con foco en convivencia, manejo de crisis y promoci\u00f3n de ambientes escolares seguros.<\/strong><\/p>\n\n\n\n<p class=\"has-black-color has-text-color has-link-color wp-elements-ddc5e16e42a66a281447e83d5e3b8aac\"><strong>Apoyo en terreno y coordinaci\u00f3n institucional<br>La jefa comunal explic\u00f3 que el municipio ha estado desplegando apoyo directo en establecimientos que han manifestado inquietud, especialmente ante situaciones difundidas en redes sociales. <em>\u201cNos pusimos a disposici\u00f3n para trabajar en conjunto con los estudiantes, con las comunidades educativas y con nuestras duplas psicosociales, para identificar situaciones de riesgo y abordar de manera oportuna estas conductas que tambi\u00e9n son propias de la etapa en la que se encuentran los j\u00f3venes\u201d<\/em>, se\u00f1al\u00f3 la jefa comunal.<\/strong><\/p>\n\n\n\n<p class=\"has-black-color has-text-color has-link-color wp-elements-be0f900e370eb9a4be74daa4b6c3c546\"><strong>En esta l\u00ednea, se ha fortalecido la coordinaci\u00f3n con programas municipales como Seguridad P\u00fablica, OLN, Salud Municipal y SENDA Previene, generando una red de apoyo integral para abordar tanto la prevenci\u00f3n como la intervenci\u00f3n en casos complejos.<\/strong><\/p>\n\n\n\n<p class=\"has-black-color has-text-color has-link-color wp-elements-a902eebbfdf084a1d74e049592490062\"><strong>Prevenci\u00f3n desde las primeras etapas<br> Desde el programa SENDA Previene, su encargada Alexandra Bravo destac\u00f3 que en la comuna se ha desarrollado un trabajo sistem\u00e1tico en todos los establecimientos municipales, abordando la prevenci\u00f3n desde la educaci\u00f3n inicial hasta ense\u00f1anza media, tanto en colegios municipales como en establecimientos subvencionados de la comuna. <em>\u201cSe ha trabajado con los estudiantes desde niveles tempranos, fortaleciendo una cultura preventiva y promoviendo habilidades para la vida, a trav\u00e9s de talleres, recreos preventivos y brigadas escolares\u201d<\/em>, explic\u00f3.<\/strong><\/p>\n\n\n\n<p class=\"has-black-color has-text-color has-link-color wp-elements-309912250e532756a0cc9b519fd68b23\"><strong>Entre las iniciativas destacan los recreos preventivos, la formaci\u00f3n de brigadas de seguridad \u2014como la del Colegio Leonardo da Vinci\u2014 y talleres sobre buenos tratos, prevenci\u00f3n del consumo y salud mental. Adem\u00e1s, se ha promovido la participaci\u00f3n de madres, padres y cuidadores, fortaleciendo habilidades parentales y el acompa\u00f1amiento familiar.<\/strong><\/p>\n\n\n\n<p class=\"has-black-color has-text-color has-link-color wp-elements-722a9d01b019c3aee425d8243c987bb4\"><strong>Como parte de este enfoque integral, tambi\u00e9n se proyecta la implementaci\u00f3n de una huerta comunitaria en coordinaci\u00f3n con el \u00e1rea de salud, como herramienta para fomentar el bienestar emocional y h\u00e1bitos de vida saludable.<\/strong><\/p>\n\n\n\n<p class=\"has-black-color has-text-color has-link-color wp-elements-1480f6864e34b5d2b06944d381e0f36e\"><strong>Medidas concretas y fortalecimiento de la seguridad<br>En paralelo al trabajo preventivo, tambi\u00e9n se han impulsado acciones concretas en materia de seguridad. En el Colegio Leonardo da Vinci, por ejemplo, la comunidad educativa decidi\u00f3 destinar recursos del FONDEVE a la instalaci\u00f3n de c\u00e1maras de televigilancia, actualmente en proceso de cotizaci\u00f3n.<\/strong><\/p>\n\n\n\n<p class=\"has-black-color has-text-color has-link-color wp-elements-d4d92b4e879b0ca6b9ec947fe15312bf\"><strong>Asimismo, se proyecta avanzar en la instalaci\u00f3n de sistemas de c\u00e1maras en otros establecimientos, como la MACH, como parte de una estrategia que busca complementar la prevenci\u00f3n con herramientas de monitoreo, y en el proyecto de instalaci\u00f3n de postes inteligentes que resguardar\u00e1n a nuestras y nuestros estudiantes.<\/strong><\/p>\n\n\n\n<p class=\"has-black-color has-text-color has-link-color wp-elements-35ec99c3bc3102fae19b670368ed6235\"><strong>Una respuesta construida desde la comunidad<br>Desde el municipio enfatizan que este trabajo no es reciente, sino que responde a una l\u00ednea de acci\u00f3n sostenida en el tiempo, orientada a fortalecer las comunidades educativas, promover la convivencia y abordar de manera anticipada los factores de riesgo.<\/strong><\/p>\n\n\n\n<p class=\"has-black-color has-text-color has-link-color wp-elements-9e6f172a2a202a5f8c163466ac1495c1\"><strong>En este sentido, la apuesta de La Cruz es clara, enfrentar este fen\u00f3meno con una mirada integral, donde la participaci\u00f3n, la prevenci\u00f3n y el trabajo colaborativo sean la base para construir entornos educativos m\u00e1s seguros y conscientes.<\/strong><\/p>\n\n\n\n<p><\/p>\n","protected":false},"excerpt":{"rendered":"<p>El municipio destac\u00f3 el trabajo sostenido en convivencia escolar, prevenci\u00f3n y participaci\u00f3n de las comunidades educativas como eje para abordar los rayados y amenazas que han generado alarma a nivel pa\u00eds. Frente a la preocupaci\u00f3n que han provocado los rayados y mensajes amenazantes en distintos colegios de Chile, la Municipalidad de La Cruz reforz\u00f3 su [&hellip;]<\/p>\n","protected":false},"author":6,"featured_media":16197,"comment_status":"closed","ping_status":"","sticky":false,"template":"","format":"standard","meta":{"site-sidebar-layout":"default","site-content-layout":"","ast-site-content-layout":"default","site-content-style":"default","site-sidebar-style":"default","ast-global-header-display":"","ast-banner-title-visibility":"","ast-main-header-display":"","ast-hfb-above-header-display":"","ast-hfb-below-header-display":"","ast-hfb-mobile-header-display":"","site-post-title":"","ast-breadcrumbs-content":"","ast-featured-img":"","footer-sml-layout":"","ast-disable-related-posts":"","theme-transparent-header-meta":"","adv-header-id-meta":"","stick-header-meta":"","header-above-stick-meta":"","header-main-stick-meta":"","header-below-stick-meta":"","astra-migrate-meta-layouts":"set","ast-page-background-enabled":"default","ast-page-background-meta":{"desktop":{"background-color":"var(--ast-global-color-4)","background-image":"","background-repeat":"repeat","background-position":"center center","background-size":"auto","background-attachment":"scroll","background-type":"","background-media":"","overlay-type":"","overlay-color":"","overlay-opacity":"","overlay-gradient":""},"tablet":{"background-color":"","background-image":"","background-repeat":"repeat","background-position":"center center","background-size":"auto","background-attachment":"scroll","background-type":"","background-media":"","overlay-type":"","overlay-color":"","overlay-opacity":"","overlay-gradient":""},"mobile":{"background-color":"","background-image":"","background-repeat":"repeat","background-position":"center center","background-size":"auto","background-attachment":"scroll","background-type":"","background-media":"","overlay-type":"","overlay-color":"","overlay-opacity":"","overlay-gradient":""}},"ast-content-background-meta":{"desktop":{"background-color":"var(--ast-global-color-5)","background-image":"","background-repeat":"repeat","background-position":"center center","background-size":"auto","background-attachment":"scroll","background-type":"","background-media":"","overlay-type":"","overlay-color":"","overlay-opacity":"","overlay-gradient":""},"tablet":{"background-color":"var(--ast-global-color-5)","background-image":"","background-repeat":"repeat","background-position":"center center","background-size":"auto","background-attachment":"scroll","background-type":"","background-media":"","overlay-type":"","overlay-color":"","overlay-opacity":"","overlay-gradient":""},"mobile":{"background-color":"var(--ast-global-color-5)","background-image":"","background-repeat":"repeat","background-position":"center center","background-size":"auto","background-attachment":"scroll","background-type":"","background-media":"","overlay-type":"","overlay-color":"","overlay-opacity":"","overlay-gradient":""}},"footnotes":""},"categories":[1],"tags":[],"class_list":["post-16196","post","type-post","status-publish","format-standard","has-post-thumbnail","hentry","category-noticias"],"_links":{"self":[{"href":"https:\/\/lacruz.cl\/a94a8fe5\/wp-json\/wp\/v2\/posts\/16196","targetHints":{"allow":["GET"]}}],"collection":[{"href":"https:\/\/lacruz.cl\/a94a8fe5\/wp-json\/wp\/v2\/posts"}],"about":[{"href":"https:\/\/lacruz.cl\/a94a8fe5\/wp-json\/wp\/v2\/types\/post"}],"author":[{"embeddable":true,"href":"https:\/\/lacruz.cl\/a94a8fe5\/wp-json\/wp\/v2\/users\/6"}],"replies":[{"embeddable":true,"href":"https:\/\/lacruz.cl\/a94a8fe5\/wp-json\/wp\/v2\/comments?post=16196"}],"version-history":[{"count":3,"href":"https:\/\/lacruz.cl\/a94a8fe5\/wp-json\/wp\/v2\/posts\/16196\/revisions"}],"predecessor-version":[{"id":16203,"href":"https:\/\/lacruz.cl\/a94a8fe5\/wp-json\/wp\/v2\/posts\/16196\/revisions\/16203"}],"wp:featuredmedia":[{"embeddable":true,"href":"https:\/\/lacruz.cl\/a94a8fe5\/wp-json\/wp\/v2\/media\/16197"}],"wp:attachment":[{"href":"https:\/\/lacruz.cl\/a94a8fe5\/wp-json\/wp\/v2\/media?parent=16196"}],"wp:term":[{"taxonomy":"category","embeddable":true,"href":"https:\/\/lacruz.cl\/a94a8fe5\/wp-json\/wp\/v2\/categories?post=16196"},{"taxonomy":"post_tag","embeddable":true,"href":"https:\/\/lacruz.cl\/a94a8fe5\/wp-json\/wp\/v2\/tags?post=16196"}],"curies":[{"name":"wp","href":"https:\/\/api.w.org\/{rel}","templated":true}]}}