{"id":16082,"date":"2026-03-12T11:02:41","date_gmt":"2026-03-12T14:02:41","guid":{"rendered":"https:\/\/lacruz.cl\/a94a8fe5\/?p=16082"},"modified":"2026-03-12T11:18:25","modified_gmt":"2026-03-12T14:18:25","slug":"talleres-culturales","status":"publish","type":"post","link":"https:\/\/lacruz.cl\/a94a8fe5\/noticias\/talleres-culturales\/","title":{"rendered":"Talleres Culturales"},"content":{"rendered":"\n<figure class=\"wp-block-image size-large\"><img loading=\"lazy\" decoding=\"async\" width=\"819\" height=\"1024\" src=\"https:\/\/lacruz.cl\/a94a8fe5\/wp-content\/uploads\/2026\/03\/WhatsApp-Image-2026-03-12-at-09.10.27-819x1024.jpeg\" alt=\"\" class=\"wp-image-16083\" srcset=\"https:\/\/lacruz.cl\/a94a8fe5\/wp-content\/uploads\/2026\/03\/WhatsApp-Image-2026-03-12-at-09.10.27-819x1024.jpeg 819w, https:\/\/lacruz.cl\/a94a8fe5\/wp-content\/uploads\/2026\/03\/WhatsApp-Image-2026-03-12-at-09.10.27-240x300.jpeg 240w, https:\/\/lacruz.cl\/a94a8fe5\/wp-content\/uploads\/2026\/03\/WhatsApp-Image-2026-03-12-at-09.10.27-768x960.jpeg 768w, https:\/\/lacruz.cl\/a94a8fe5\/wp-content\/uploads\/2026\/03\/WhatsApp-Image-2026-03-12-at-09.10.27.jpeg 1080w\" sizes=\"auto, (max-width: 819px) 100vw, 819px\" \/><\/figure>\n\n\n\n<p class=\"has-black-color has-text-color has-link-color wp-elements-bd44ba969525bde4fb12cf0490afbe70\"><strong>Los Talleres Culturales de la Ilustre Municipalidad de La Cruz son espacios formativos y participativos abiertos a la comunidad, orientados a promover la creatividad, la expresi\u00f3n art\u00edstica y el acceso equitativo a la cultura. Est\u00e1n dirigidos a ni\u00f1as, ni\u00f1os, j\u00f3venes, personas adultas y mayores, y abarcan diversas disciplinas como artes esc\u00e9nicas, m\u00fasica, danza, artes visuales, oficios creativos y propuestas inclusivas.<\/strong><\/p>\n\n\n\n<p class=\"has-black-color has-text-color has-link-color wp-elements-56794c67ed6d5f736aab89ec669c5fef\"><strong>Para saber m\u00e1s informaci\u00f3n sobre los talleres e inscribirte,<\/strong><br><\/p>\n\n\n\n<div class=\"wp-block-buttons is-layout-flex wp-block-buttons-is-layout-flex\">\n<div class=\"wp-block-button\"><a class=\"wp-block-button__link wp-element-button\" href=\"https:\/\/culturalacruz.wixsite.com\/cultura-la-cruz\"><strong>ingresa aqu\u00ed<\/strong><\/a><\/div>\n<\/div>\n","protected":false},"excerpt":{"rendered":"<p>Los Talleres Culturales de la Ilustre Municipalidad de La Cruz son espacios formativos y participativos abiertos a la comunidad, orientados a promover la creatividad, la expresi\u00f3n art\u00edstica y el acceso equitativo a la cultura. Est\u00e1n dirigidos a ni\u00f1as, ni\u00f1os, j\u00f3venes, personas adultas y mayores, y abarcan diversas disciplinas como artes esc\u00e9nicas, m\u00fasica, danza, artes visuales, [&hellip;]<\/p>\n","protected":false},"author":6,"featured_media":16083,"comment_status":"closed","ping_status":"","sticky":false,"template":"","format":"standard","meta":{"site-sidebar-layout":"default","site-content-layout":"","ast-site-content-layout":"default","site-content-style":"default","site-sidebar-style":"default","ast-global-header-display":"","ast-banner-title-visibility":"","ast-main-header-display":"","ast-hfb-above-header-display":"","ast-hfb-below-header-display":"","ast-hfb-mobile-header-display":"","site-post-title":"","ast-breadcrumbs-content":"","ast-featured-img":"","footer-sml-layout":"","ast-disable-related-posts":"","theme-transparent-header-meta":"","adv-header-id-meta":"","stick-header-meta":"","header-above-stick-meta":"","header-main-stick-meta":"","header-below-stick-meta":"","astra-migrate-meta-layouts":"set","ast-page-background-enabled":"default","ast-page-background-meta":{"desktop":{"background-color":"var(--ast-global-color-4)","background-image":"","background-repeat":"repeat","background-position":"center center","background-size":"auto","background-attachment":"scroll","background-type":"","background-media":"","overlay-type":"","overlay-color":"","overlay-opacity":"","overlay-gradient":""},"tablet":{"background-color":"","background-image":"","background-repeat":"repeat","background-position":"center center","background-size":"auto","background-attachment":"scroll","background-type":"","background-media":"","overlay-type":"","overlay-color":"","overlay-opacity":"","overlay-gradient":""},"mobile":{"background-color":"","background-image":"","background-repeat":"repeat","background-position":"center center","background-size":"auto","background-attachment":"scroll","background-type":"","background-media":"","overlay-type":"","overlay-color":"","overlay-opacity":"","overlay-gradient":""}},"ast-content-background-meta":{"desktop":{"background-color":"var(--ast-global-color-5)","background-image":"","background-repeat":"repeat","background-position":"center center","background-size":"auto","background-attachment":"scroll","background-type":"","background-media":"","overlay-type":"","overlay-color":"","overlay-opacity":"","overlay-gradient":""},"tablet":{"background-color":"var(--ast-global-color-5)","background-image":"","background-repeat":"repeat","background-position":"center center","background-size":"auto","background-attachment":"scroll","background-type":"","background-media":"","overlay-type":"","overlay-color":"","overlay-opacity":"","overlay-gradient":""},"mobile":{"background-color":"var(--ast-global-color-5)","background-image":"","background-repeat":"repeat","background-position":"center center","background-size":"auto","background-attachment":"scroll","background-type":"","background-media":"","overlay-type":"","overlay-color":"","overlay-opacity":"","overlay-gradient":""}},"footnotes":""},"categories":[1],"tags":[],"class_list":["post-16082","post","type-post","status-publish","format-standard","has-post-thumbnail","hentry","category-noticias"],"_links":{"self":[{"href":"https:\/\/lacruz.cl\/a94a8fe5\/wp-json\/wp\/v2\/posts\/16082","targetHints":{"allow":["GET"]}}],"collection":[{"href":"https:\/\/lacruz.cl\/a94a8fe5\/wp-json\/wp\/v2\/posts"}],"about":[{"href":"https:\/\/lacruz.cl\/a94a8fe5\/wp-json\/wp\/v2\/types\/post"}],"author":[{"embeddable":true,"href":"https:\/\/lacruz.cl\/a94a8fe5\/wp-json\/wp\/v2\/users\/6"}],"replies":[{"embeddable":true,"href":"https:\/\/lacruz.cl\/a94a8fe5\/wp-json\/wp\/v2\/comments?post=16082"}],"version-history":[{"count":3,"href":"https:\/\/lacruz.cl\/a94a8fe5\/wp-json\/wp\/v2\/posts\/16082\/revisions"}],"predecessor-version":[{"id":16086,"href":"https:\/\/lacruz.cl\/a94a8fe5\/wp-json\/wp\/v2\/posts\/16082\/revisions\/16086"}],"wp:featuredmedia":[{"embeddable":true,"href":"https:\/\/lacruz.cl\/a94a8fe5\/wp-json\/wp\/v2\/media\/16083"}],"wp:attachment":[{"href":"https:\/\/lacruz.cl\/a94a8fe5\/wp-json\/wp\/v2\/media?parent=16082"}],"wp:term":[{"taxonomy":"category","embeddable":true,"href":"https:\/\/lacruz.cl\/a94a8fe5\/wp-json\/wp\/v2\/categories?post=16082"},{"taxonomy":"post_tag","embeddable":true,"href":"https:\/\/lacruz.cl\/a94a8fe5\/wp-json\/wp\/v2\/tags?post=16082"}],"curies":[{"name":"wp","href":"https:\/\/api.w.org\/{rel}","templated":true}]}}