{"id":16054,"date":"2026-03-10T17:21:19","date_gmt":"2026-03-10T20:21:19","guid":{"rendered":"https:\/\/lacruz.cl\/a94a8fe5\/?p=16054"},"modified":"2026-03-10T17:21:19","modified_gmt":"2026-03-10T20:21:19","slug":"la-cruz-firma-convenio-de-fortalecimiento-fomil-2026-2027-y-consolida-destacados-resultados-en-empleabilidad","status":"publish","type":"post","link":"https:\/\/lacruz.cl\/a94a8fe5\/noticias\/la-cruz-firma-convenio-de-fortalecimiento-fomil-2026-2027-y-consolida-destacados-resultados-en-empleabilidad\/","title":{"rendered":"La Cruz firma Convenio de Fortalecimiento FOMIL 2026-2027 y consolida destacados resultados en empleabilidad"},"content":{"rendered":"\n<figure class=\"wp-block-image size-large\"><img loading=\"lazy\" decoding=\"async\" width=\"1024\" height=\"768\" src=\"https:\/\/lacruz.cl\/a94a8fe5\/wp-content\/uploads\/2026\/03\/a-4-1024x768.jpeg\" alt=\"\" class=\"wp-image-16056\" srcset=\"https:\/\/lacruz.cl\/a94a8fe5\/wp-content\/uploads\/2026\/03\/a-4-1024x768.jpeg 1024w, https:\/\/lacruz.cl\/a94a8fe5\/wp-content\/uploads\/2026\/03\/a-4-300x225.jpeg 300w, https:\/\/lacruz.cl\/a94a8fe5\/wp-content\/uploads\/2026\/03\/a-4-768x576.jpeg 768w, https:\/\/lacruz.cl\/a94a8fe5\/wp-content\/uploads\/2026\/03\/a-4-1536x1152.jpeg 1536w, https:\/\/lacruz.cl\/a94a8fe5\/wp-content\/uploads\/2026\/03\/a-4-2048x1536.jpeg 2048w\" sizes=\"auto, (max-width: 1024px) 100vw, 1024px\" \/><\/figure>\n\n\n\n<p class=\"has-black-color has-text-color has-link-color wp-elements-988982c86df8ed4044f5d5299414ba04\"><strong>La renovaci\u00f3n del convenio con el Servicio Nacional de Capacitaci\u00f3n y Empleo proyecta nuevos recursos y metas para 2026-2027, consolidando a la OMIL de La Cruz como referente regional tras triplicar sus objetivos de gesti\u00f3n y ser elegida sede de la Feria Laboral Regional 2026.<\/strong><\/p>\n\n\n\n<p class=\"has-black-color has-text-color has-link-color wp-elements-f9417389b693286667a4f9ecb8b34757\"><strong>El pasado jueves 19 de febrero se oficializ\u00f3 la firma de un importante convenio entre la Municipalidad de La Cruz y el Servicio Nacional de Capacitaci\u00f3n y Empleo (SENCE), en el marco del Programa de Fortalecimiento de las Oficinas Municipales de Informaci\u00f3n Laboral (FOMIL), reafirmando el compromiso conjunto para continuar potenciando la gesti\u00f3n de la OMIL comunal durante el per\u00edodo 2026-2027.<\/strong><\/p>\n\n\n\n<p class=\"has-black-color has-text-color has-link-color wp-elements-c9743e30260ec5a980ec1e614cae938c\"><strong>Este acuerdo permitir\u00e1 ejecutar las acciones contempladas en la Gu\u00eda Operativa 2026-2027, instrumento que establece est\u00e1ndares de calidad, perfiles profesionales y metas de gesti\u00f3n, asegurando una atenci\u00f3n eficiente y oportuna para vecinas y vecinos, fortaleciendo especialmente la capacitaci\u00f3n, calificaci\u00f3n y empleabilidad en el territorio.<\/strong><\/p>\n\n\n\n<p class=\"has-black-color has-text-color has-link-color wp-elements-7297bbef9f742ab42449a90d33c47035\"><strong>El administrador municipal de La Cruz, \u00d3scar Calder\u00f3n, destac\u00f3 la relevancia de este hito se\u00f1alando que, \u201cla firma de este convenio significa recursos que van a ir dirigidos hacia la capacitaci\u00f3n, la calificaci\u00f3n, la empleabilidad de nuestros vecinos y vecinas y, por lo tanto, se muestra claramente con hechos como estos la importancia que tiene la colaboraci\u00f3n, por lo menos desde la Municipalidad de La Cruz y, por supuesto, con el patrocinio y el apoyo del SENCE\u201d.<\/strong><\/p>\n\n\n\n<p class=\"has-black-color has-text-color has-link-color wp-elements-4dbc8867152255b32b8136bafc835627\"><strong>La renovaci\u00f3n del convenio no solo proyecta nuevos desaf\u00edos, sino que adem\u00e1s reconoce los importantes logros alcanzados por la OMIL de La Cruz. Actualmente, la oficina mantiene su categor\u00eda Intermedia, certificando una gesti\u00f3n de alta calidad y triplicando las metas establecidas por SENCE, resultado del compromiso y dedicaci\u00f3n permanente del equipo municipal.<\/strong><\/p>\n\n\n\n<p class=\"has-black-color has-text-color has-link-color wp-elements-184a01b19d64c7aafcdd86db9db9996e\"><strong>En esa l\u00ednea, la directora regional del SENCE Valpara\u00edso, Ang\u00e9lica Guti\u00e9rrez, valor\u00f3 el trabajo desarrollado en la comuna, indicando que, \u201cnos encontramos en la Comuna de La Cruz renovando nuestro compromiso por dos a\u00f1os m\u00e1s consenso para este convenio de fortalecimiento a las OMIL. La OMIL de La Cruz es una OMIL intermedia que se ha destacado por sus resultados de gesti\u00f3n. Adem\u00e1s, es una comuna que trabaja excelente con sus vecinos en la red provincial. Entonces es destacable el trabajo de esta OMIL en su comunidad y en el territorio\u201d.<\/strong><\/p>\n\n\n\n<p class=\"has-black-color has-text-color has-link-color wp-elements-21d059021e3581963b4ffd83f659a6c4\"><strong>Como reconocimiento adicional a estos resultados, durante la ceremonia se inform\u00f3 que La Cruz ser\u00e1 sede de la Feria Laboral Regional 2026, instancia que se desarrollar\u00e1 en junio y que reunir\u00e1 en la plaza comunal a empresas de toda la regi\u00f3n, generando nuevas oportunidades de empleo y fortaleciendo el v\u00ednculo entre el mundo p\u00fablico, privado y la comunidad.<\/strong><\/p>\n\n\n\n<p class=\"has-black-color has-text-color has-link-color wp-elements-98ebbdcf05d90a11e06d0e93d498ce12\"><strong>Con esta firma, la Municipalidad de La Cruz reafirma su compromiso con el desarrollo laboral local, consolidando a su OMIL como un referente regional en gesti\u00f3n, articulaci\u00f3n territorial y generaci\u00f3n de oportunidades para sus vecinas y vecinos.<\/strong><\/p>\n","protected":false},"excerpt":{"rendered":"<p>La renovaci\u00f3n del convenio con el Servicio Nacional de Capacitaci\u00f3n y Empleo proyecta nuevos recursos y metas para 2026-2027, consolidando a la OMIL de La Cruz como referente regional tras triplicar sus objetivos de gesti\u00f3n y ser elegida sede de la Feria Laboral Regional 2026. El pasado jueves 19 de febrero se oficializ\u00f3 la firma [&hellip;]<\/p>\n","protected":false},"author":6,"featured_media":16055,"comment_status":"closed","ping_status":"","sticky":false,"template":"","format":"standard","meta":{"site-sidebar-layout":"default","site-content-layout":"","ast-site-content-layout":"default","site-content-style":"default","site-sidebar-style":"default","ast-global-header-display":"","ast-banner-title-visibility":"","ast-main-header-display":"","ast-hfb-above-header-display":"","ast-hfb-below-header-display":"","ast-hfb-mobile-header-display":"","site-post-title":"","ast-breadcrumbs-content":"","ast-featured-img":"","footer-sml-layout":"","ast-disable-related-posts":"","theme-transparent-header-meta":"","adv-header-id-meta":"","stick-header-meta":"","header-above-stick-meta":"","header-main-stick-meta":"","header-below-stick-meta":"","astra-migrate-meta-layouts":"set","ast-page-background-enabled":"default","ast-page-background-meta":{"desktop":{"background-color":"var(--ast-global-color-4)","background-image":"","background-repeat":"repeat","background-position":"center center","background-size":"auto","background-attachment":"scroll","background-type":"","background-media":"","overlay-type":"","overlay-color":"","overlay-opacity":"","overlay-gradient":""},"tablet":{"background-color":"","background-image":"","background-repeat":"repeat","background-position":"center center","background-size":"auto","background-attachment":"scroll","background-type":"","background-media":"","overlay-type":"","overlay-color":"","overlay-opacity":"","overlay-gradient":""},"mobile":{"background-color":"","background-image":"","background-repeat":"repeat","background-position":"center center","background-size":"auto","background-attachment":"scroll","background-type":"","background-media":"","overlay-type":"","overlay-color":"","overlay-opacity":"","overlay-gradient":""}},"ast-content-background-meta":{"desktop":{"background-color":"var(--ast-global-color-5)","background-image":"","background-repeat":"repeat","background-position":"center center","background-size":"auto","background-attachment":"scroll","background-type":"","background-media":"","overlay-type":"","overlay-color":"","overlay-opacity":"","overlay-gradient":""},"tablet":{"background-color":"var(--ast-global-color-5)","background-image":"","background-repeat":"repeat","background-position":"center center","background-size":"auto","background-attachment":"scroll","background-type":"","background-media":"","overlay-type":"","overlay-color":"","overlay-opacity":"","overlay-gradient":""},"mobile":{"background-color":"var(--ast-global-color-5)","background-image":"","background-repeat":"repeat","background-position":"center center","background-size":"auto","background-attachment":"scroll","background-type":"","background-media":"","overlay-type":"","overlay-color":"","overlay-opacity":"","overlay-gradient":""}},"footnotes":""},"categories":[1],"tags":[],"class_list":["post-16054","post","type-post","status-publish","format-standard","has-post-thumbnail","hentry","category-noticias"],"_links":{"self":[{"href":"https:\/\/lacruz.cl\/a94a8fe5\/wp-json\/wp\/v2\/posts\/16054","targetHints":{"allow":["GET"]}}],"collection":[{"href":"https:\/\/lacruz.cl\/a94a8fe5\/wp-json\/wp\/v2\/posts"}],"about":[{"href":"https:\/\/lacruz.cl\/a94a8fe5\/wp-json\/wp\/v2\/types\/post"}],"author":[{"embeddable":true,"href":"https:\/\/lacruz.cl\/a94a8fe5\/wp-json\/wp\/v2\/users\/6"}],"replies":[{"embeddable":true,"href":"https:\/\/lacruz.cl\/a94a8fe5\/wp-json\/wp\/v2\/comments?post=16054"}],"version-history":[{"count":1,"href":"https:\/\/lacruz.cl\/a94a8fe5\/wp-json\/wp\/v2\/posts\/16054\/revisions"}],"predecessor-version":[{"id":16057,"href":"https:\/\/lacruz.cl\/a94a8fe5\/wp-json\/wp\/v2\/posts\/16054\/revisions\/16057"}],"wp:featuredmedia":[{"embeddable":true,"href":"https:\/\/lacruz.cl\/a94a8fe5\/wp-json\/wp\/v2\/media\/16055"}],"wp:attachment":[{"href":"https:\/\/lacruz.cl\/a94a8fe5\/wp-json\/wp\/v2\/media?parent=16054"}],"wp:term":[{"taxonomy":"category","embeddable":true,"href":"https:\/\/lacruz.cl\/a94a8fe5\/wp-json\/wp\/v2\/categories?post=16054"},{"taxonomy":"post_tag","embeddable":true,"href":"https:\/\/lacruz.cl\/a94a8fe5\/wp-json\/wp\/v2\/tags?post=16054"}],"curies":[{"name":"wp","href":"https:\/\/api.w.org\/{rel}","templated":true}]}}