{"id":16045,"date":"2026-03-10T16:53:27","date_gmt":"2026-03-10T19:53:27","guid":{"rendered":"https:\/\/lacruz.cl\/a94a8fe5\/?p=16045"},"modified":"2026-03-10T16:53:27","modified_gmt":"2026-03-10T19:53:27","slug":"municipalidad-de-la-cruz-dio-inicio-al-ano-escolar-2026-con-importante-inversion-en-educacion-municipal","status":"publish","type":"post","link":"https:\/\/lacruz.cl\/a94a8fe5\/noticias\/municipalidad-de-la-cruz-dio-inicio-al-ano-escolar-2026-con-importante-inversion-en-educacion-municipal\/","title":{"rendered":"Municipalidad de La Cruz dio inicio al A\u00f1o Escolar 2026 con importante inversi\u00f3n en educaci\u00f3n municipal"},"content":{"rendered":"\n<figure class=\"wp-block-image size-large\"><img loading=\"lazy\" decoding=\"async\" width=\"1024\" height=\"768\" src=\"https:\/\/lacruz.cl\/a94a8fe5\/wp-content\/uploads\/2026\/03\/a-1-1024x768.jpeg\" alt=\"\" class=\"wp-image-16047\" srcset=\"https:\/\/lacruz.cl\/a94a8fe5\/wp-content\/uploads\/2026\/03\/a-1-1024x768.jpeg 1024w, https:\/\/lacruz.cl\/a94a8fe5\/wp-content\/uploads\/2026\/03\/a-1-300x225.jpeg 300w, https:\/\/lacruz.cl\/a94a8fe5\/wp-content\/uploads\/2026\/03\/a-1-768x576.jpeg 768w, https:\/\/lacruz.cl\/a94a8fe5\/wp-content\/uploads\/2026\/03\/a-1.jpeg 1280w\" sizes=\"auto, (max-width: 1024px) 100vw, 1024px\" \/><\/figure>\n\n\n\n<p class=\"has-black-color has-text-color has-link-color wp-elements-14d36f00ef3f371f41563297acf00493\"><strong>La entrega de buzos, \u00fatiles escolares, textos complementarios y equipamiento deportivo forma parte de una inversi\u00f3n que supera los $60 millones para fortalecer la educaci\u00f3n p\u00fablica en la comuna.<\/strong><\/p>\n\n\n\n<p class=\"has-black-color has-text-color has-link-color wp-elements-3bde2b1bf5c23795c889cc7e70e88f4b\"><strong>Con la presencia de autoridades, comunidades educativas y estudiantes, la Municipalidad de La Cruz realiz\u00f3 la inauguraci\u00f3n oficial del A\u00f1o Escolar 2026, instancia que reuni\u00f3 a representantes de los cinco establecimientos municipales de la comuna y que marc\u00f3 el inicio de un nuevo ciclo educativo con importantes inversiones destinadas a fortalecer la educaci\u00f3n p\u00fablica local.<\/strong><\/p>\n\n\n\n<p class=\"has-black-color has-text-color has-link-color wp-elements-e63eb78c37c15249caa0e91da7a2afe5\"><strong>En el marco de esta actividad, se realiz\u00f3 la entrega simb\u00f3lica de diversos recursos educativos para las y los estudiantes. En total, m\u00e1s de $60 millones fueron destinados directamente a fortalecer el proceso educativo y el bienestar estudiantil. La inversi\u00f3n, financiada por el Departamento de Educaci\u00f3n Municipal (DAEM), contempla $31.604.972 para buzos estudiantiles, $14.780.895 para \u00fatiles escolares y $16.543.674 para textos educativos complementarios, asegurando que cada estudiante cuente con las herramientas necesarias desde el primer d\u00eda de clases.<\/strong><\/p>\n\n\n\n<p class=\"has-black-color has-text-color has-link-color wp-elements-4ba367c24b8fb7f4e0c6ed32710b7b84\"><strong>A ello se suma el aporte del Programa de Revinculaci\u00f3n Educativa del DAEM, que destinar\u00e1 $11.700.000 a los cinco establecimientos municipales para la adquisici\u00f3n de art\u00edculos deportivos destinados a promover recreos activos y actividades formativas. Entre los implementos se consideran balones de distintas disciplinas, conos de entrenamiento, escaleras de agilidad, aros, balones multiprop\u00f3sito y juegos de mesa.<\/strong><\/p>\n\n\n\n<p class=\"has-black-color has-text-color has-link-color wp-elements-95a8ce6055d998f96e6b43322b365650\"><strong>La alcaldesa de La Cruz, Filomena Navia Hevia, destac\u00f3 que esta inversi\u00f3n busca apoyar el proceso educativo y tambi\u00e9n aliviar el gasto de las familias, mencionando que, \u201cen la entrega de materiales consideramos entrega de buzos deportivos que van a ser para cada uno de los estudiantes de nuestros cinco establecimientos, entrega de material did\u00e1ctico, entrega de \u00fatiles complementarios\u201d, se\u00f1al\u00f3 la jefa comunal, agregando que estos recursos han sido destinados \u201cexclusivamente para fortalecer el proceso educativo\u201d, brindando ayuda en la econom\u00eda familiar.<\/strong><\/p>\n\n\n\n<p class=\"has-black-color has-text-color has-link-color wp-elements-0561bb0b80c6f32312fa3421ef903836\"><strong>Asimismo, la autoridad recalc\u00f3 la importancia de generar condiciones que favorezcan la asistencia escolar, reafirmando que, \u201ccomo administraci\u00f3n municipal tenemos que promover que los ni\u00f1os y las ni\u00f1as vayan a clases y que contar con los materiales de estudio o la vestimenta est\u00e9 garantizado por parte de nuestra administraci\u00f3n y que no sea ese el impedimento para que no vayan a clases\u201d, indic\u00f3.<\/strong><\/p>\n\n\n\n<p class=\"has-black-color has-text-color has-link-color wp-elements-5d5ac1d4604bf8352b38a029aaf5093b\"><strong>Desde el Ministerio de Educaci\u00f3n, la Jefa Provincial de Educaci\u00f3n de Quillota, Marta Renard, valor\u00f3 el trabajo realizado por la comuna para fortalecer la formaci\u00f3n integral de los estudiantes, explicando que, \u201cestamos muy contentos de estar el d\u00eda de hoy ac\u00e1, en esta inauguraci\u00f3n del a\u00f1o escolar en la bella Comuna de la Cruz\u201d, se\u00f1alando adem\u00e1s que la comuna \u201cdestaca por su iniciativa, dando otros espacios de aprendizaje para los estudiantes, para la formaci\u00f3n integral\u201d.<\/strong><\/p>\n\n\n\n<p class=\"has-black-color has-text-color has-link-color wp-elements-ff90de29a2bacf47a21c7220249e4b34\"><strong>Por su parte, el Delegado Provincial de JUNAEB, Ra\u00fal Fuentes, destac\u00f3 el trabajo conjunto para apoyar a los estudiantes durante su proceso educativo.\u201cEstos hitos son muy importantes para involucrar, comprometer a toda la comunidad, a las autoridades con el proceso educativo\u201d, indic\u00f3.<\/strong><\/p>\n\n\n\n<p class=\"has-black-color has-text-color has-link-color wp-elements-31925a1a0cf8b8c35725878a6c0b9237\"><strong>Las y los estudiantes tambi\u00e9n valoraron la entrega de materiales. Maite Gonz\u00e1lez, estudiante de cuarto a\u00f1o del Colegio Leonardo Da Vinci, se\u00f1al\u00f3 que \u201ces como bac\u00e1n que entreguen los \u00fatiles, hacen que todo sea m\u00e1s f\u00e1cil, sobre todo con el tema de los apoderados\u201d, destacando que con estos recursos cuentan con m\u00e1s herramientas para el desarrollo de sus actividades escolares.<\/strong><\/p>\n\n\n\n<p class=\"has-black-color has-text-color has-link-color wp-elements-271d672206c805b03269fdb96b7be47d\"><strong>De esta manera, la Municipalidad de La Cruz reafirma su compromiso con el fortalecimiento de la educaci\u00f3n p\u00fablica, impulsando iniciativas que permitan mejorar las condiciones de aprendizaje y promover la permanencia de las y los estudiantes en el sistema educativo.<\/strong><\/p>\n\n\n\n<p class=\"has-black-color has-text-color has-link-color wp-elements-9ac00cf961d1ea846fe5a532228b76c6\"><\/p>\n\n\n\n<figure class=\"wp-block-image size-large\"><img loading=\"lazy\" decoding=\"async\" width=\"1024\" height=\"768\" src=\"https:\/\/lacruz.cl\/a94a8fe5\/wp-content\/uploads\/2026\/03\/b-1024x768.jpeg\" alt=\"\" class=\"wp-image-16049\" srcset=\"https:\/\/lacruz.cl\/a94a8fe5\/wp-content\/uploads\/2026\/03\/b-1024x768.jpeg 1024w, https:\/\/lacruz.cl\/a94a8fe5\/wp-content\/uploads\/2026\/03\/b-300x225.jpeg 300w, https:\/\/lacruz.cl\/a94a8fe5\/wp-content\/uploads\/2026\/03\/b-768x576.jpeg 768w, https:\/\/lacruz.cl\/a94a8fe5\/wp-content\/uploads\/2026\/03\/b.jpeg 1280w\" sizes=\"auto, (max-width: 1024px) 100vw, 1024px\" \/><\/figure>\n\n\n\n<figure class=\"wp-block-image size-large\"><img loading=\"lazy\" decoding=\"async\" width=\"1024\" height=\"768\" src=\"https:\/\/lacruz.cl\/a94a8fe5\/wp-content\/uploads\/2026\/03\/c-1024x768.jpeg\" alt=\"\" class=\"wp-image-16048\" srcset=\"https:\/\/lacruz.cl\/a94a8fe5\/wp-content\/uploads\/2026\/03\/c-1024x768.jpeg 1024w, https:\/\/lacruz.cl\/a94a8fe5\/wp-content\/uploads\/2026\/03\/c-300x225.jpeg 300w, https:\/\/lacruz.cl\/a94a8fe5\/wp-content\/uploads\/2026\/03\/c-768x576.jpeg 768w, https:\/\/lacruz.cl\/a94a8fe5\/wp-content\/uploads\/2026\/03\/c.jpeg 1280w\" sizes=\"auto, (max-width: 1024px) 100vw, 1024px\" \/><\/figure>\n","protected":false},"excerpt":{"rendered":"<p>La entrega de buzos, \u00fatiles escolares, textos complementarios y equipamiento deportivo forma parte de una inversi\u00f3n que supera los $60 millones para fortalecer la educaci\u00f3n p\u00fablica en la comuna. Con la presencia de autoridades, comunidades educativas y estudiantes, la Municipalidad de La Cruz realiz\u00f3 la inauguraci\u00f3n oficial del A\u00f1o Escolar 2026, instancia que reuni\u00f3 a [&hellip;]<\/p>\n","protected":false},"author":6,"featured_media":16046,"comment_status":"closed","ping_status":"","sticky":false,"template":"","format":"standard","meta":{"site-sidebar-layout":"default","site-content-layout":"","ast-site-content-layout":"default","site-content-style":"default","site-sidebar-style":"default","ast-global-header-display":"","ast-banner-title-visibility":"","ast-main-header-display":"","ast-hfb-above-header-display":"","ast-hfb-below-header-display":"","ast-hfb-mobile-header-display":"","site-post-title":"","ast-breadcrumbs-content":"","ast-featured-img":"","footer-sml-layout":"","ast-disable-related-posts":"","theme-transparent-header-meta":"","adv-header-id-meta":"","stick-header-meta":"","header-above-stick-meta":"","header-main-stick-meta":"","header-below-stick-meta":"","astra-migrate-meta-layouts":"set","ast-page-background-enabled":"default","ast-page-background-meta":{"desktop":{"background-color":"var(--ast-global-color-4)","background-image":"","background-repeat":"repeat","background-position":"center center","background-size":"auto","background-attachment":"scroll","background-type":"","background-media":"","overlay-type":"","overlay-color":"","overlay-opacity":"","overlay-gradient":""},"tablet":{"background-color":"","background-image":"","background-repeat":"repeat","background-position":"center center","background-size":"auto","background-attachment":"scroll","background-type":"","background-media":"","overlay-type":"","overlay-color":"","overlay-opacity":"","overlay-gradient":""},"mobile":{"background-color":"","background-image":"","background-repeat":"repeat","background-position":"center center","background-size":"auto","background-attachment":"scroll","background-type":"","background-media":"","overlay-type":"","overlay-color":"","overlay-opacity":"","overlay-gradient":""}},"ast-content-background-meta":{"desktop":{"background-color":"var(--ast-global-color-5)","background-image":"","background-repeat":"repeat","background-position":"center center","background-size":"auto","background-attachment":"scroll","background-type":"","background-media":"","overlay-type":"","overlay-color":"","overlay-opacity":"","overlay-gradient":""},"tablet":{"background-color":"var(--ast-global-color-5)","background-image":"","background-repeat":"repeat","background-position":"center center","background-size":"auto","background-attachment":"scroll","background-type":"","background-media":"","overlay-type":"","overlay-color":"","overlay-opacity":"","overlay-gradient":""},"mobile":{"background-color":"var(--ast-global-color-5)","background-image":"","background-repeat":"repeat","background-position":"center center","background-size":"auto","background-attachment":"scroll","background-type":"","background-media":"","overlay-type":"","overlay-color":"","overlay-opacity":"","overlay-gradient":""}},"footnotes":""},"categories":[1],"tags":[],"class_list":["post-16045","post","type-post","status-publish","format-standard","has-post-thumbnail","hentry","category-noticias"],"_links":{"self":[{"href":"https:\/\/lacruz.cl\/a94a8fe5\/wp-json\/wp\/v2\/posts\/16045","targetHints":{"allow":["GET"]}}],"collection":[{"href":"https:\/\/lacruz.cl\/a94a8fe5\/wp-json\/wp\/v2\/posts"}],"about":[{"href":"https:\/\/lacruz.cl\/a94a8fe5\/wp-json\/wp\/v2\/types\/post"}],"author":[{"embeddable":true,"href":"https:\/\/lacruz.cl\/a94a8fe5\/wp-json\/wp\/v2\/users\/6"}],"replies":[{"embeddable":true,"href":"https:\/\/lacruz.cl\/a94a8fe5\/wp-json\/wp\/v2\/comments?post=16045"}],"version-history":[{"count":1,"href":"https:\/\/lacruz.cl\/a94a8fe5\/wp-json\/wp\/v2\/posts\/16045\/revisions"}],"predecessor-version":[{"id":16050,"href":"https:\/\/lacruz.cl\/a94a8fe5\/wp-json\/wp\/v2\/posts\/16045\/revisions\/16050"}],"wp:featuredmedia":[{"embeddable":true,"href":"https:\/\/lacruz.cl\/a94a8fe5\/wp-json\/wp\/v2\/media\/16046"}],"wp:attachment":[{"href":"https:\/\/lacruz.cl\/a94a8fe5\/wp-json\/wp\/v2\/media?parent=16045"}],"wp:term":[{"taxonomy":"category","embeddable":true,"href":"https:\/\/lacruz.cl\/a94a8fe5\/wp-json\/wp\/v2\/categories?post=16045"},{"taxonomy":"post_tag","embeddable":true,"href":"https:\/\/lacruz.cl\/a94a8fe5\/wp-json\/wp\/v2\/tags?post=16045"}],"curies":[{"name":"wp","href":"https:\/\/api.w.org\/{rel}","templated":true}]}}