{"id":16042,"date":"2026-03-10T16:47:24","date_gmt":"2026-03-10T19:47:24","guid":{"rendered":"https:\/\/lacruz.cl\/a94a8fe5\/?p=16042"},"modified":"2026-03-10T16:47:24","modified_gmt":"2026-03-10T19:47:24","slug":"la-cruz-conmemoro-el-dia-de-la-mujer-con-masiva-jornada-de-autocuidado-en-la-plaza-comunal","status":"publish","type":"post","link":"https:\/\/lacruz.cl\/a94a8fe5\/noticias\/la-cruz-conmemoro-el-dia-de-la-mujer-con-masiva-jornada-de-autocuidado-en-la-plaza-comunal\/","title":{"rendered":"La Cruz conmemor\u00f3 el D\u00eda de la Mujer con masiva jornada de autocuidado en la Plaza Comunal"},"content":{"rendered":"\n<figure class=\"wp-block-image size-large\"><img loading=\"lazy\" decoding=\"async\" width=\"1024\" height=\"768\" src=\"https:\/\/lacruz.cl\/a94a8fe5\/wp-content\/uploads\/2026\/03\/IMG_8439-1-1024x768.jpg\" alt=\"\" class=\"wp-image-16043\" srcset=\"https:\/\/lacruz.cl\/a94a8fe5\/wp-content\/uploads\/2026\/03\/IMG_8439-1-1024x768.jpg 1024w, https:\/\/lacruz.cl\/a94a8fe5\/wp-content\/uploads\/2026\/03\/IMG_8439-1-300x225.jpg 300w, https:\/\/lacruz.cl\/a94a8fe5\/wp-content\/uploads\/2026\/03\/IMG_8439-1-768x576.jpg 768w, https:\/\/lacruz.cl\/a94a8fe5\/wp-content\/uploads\/2026\/03\/IMG_8439-1-1536x1152.jpg 1536w, https:\/\/lacruz.cl\/a94a8fe5\/wp-content\/uploads\/2026\/03\/IMG_8439-1-2048x1536.jpg 2048w\" sizes=\"auto, (max-width: 1024px) 100vw, 1024px\" \/><\/figure>\n\n\n\n<p class=\"has-ast-global-color-7-color has-text-color has-link-color wp-elements-9aa02286d17a786da0db81e9c06ad4f3\"><em><strong>Masajes, manicure, spa, yoga y otras actividades gratuitas marcaron la jornada organizada por el municipio, que reuni\u00f3 a mujeres de distintos sectores de la comuna en un espacio de bienestar, encuentro y reflexi\u00f3n.<\/strong><\/em><\/p>\n\n\n\n<p class=\"has-ast-global-color-7-color has-text-color has-link-color wp-elements-45cc05af638a6e3505cc7c1c9a53e875\"><strong>Una masiva participaci\u00f3n de vecinas tuvo la jornada de autocuidado organizada por la Municipalidad de La Cruz para conmemorar el D\u00eda Internacional de la Mujer, actividad que se desarroll\u00f3 durante la tarde de este domingo 8 de marzo en la Plaza Comunal.<\/strong><\/p>\n\n\n\n<p class=\"has-ast-global-color-7-color has-text-color has-link-color wp-elements-cf5341e4bdb3255fd0af4075732e0347\"><strong>El espacio fue preparado especialmente para ofrecer distintos servicios de bienestar f\u00edsico y emocional, entre ellos masajes, manicure, peluquer\u00eda, tratamientos est\u00e9ticos, yoga, pilates y espacios de meditaci\u00f3n, adem\u00e1s de la participaci\u00f3n de mujeres emprendedoras que expusieron sus productos.<\/strong><\/p>\n\n\n\n<p class=\"has-ast-global-color-7-color has-text-color has-link-color wp-elements-2792e2157ba85435efbd5cd816bf7de0\"><strong>Autocuidado y encuentro&nbsp;<\/strong><\/p>\n\n\n\n<p class=\"has-black-color has-text-color has-link-color wp-elements-f7383a81a7dc3002023cd0c93db738cb\"><strong>La alcaldesa de La Cruz, Filomena Navia Hevia, explic\u00f3 que la iniciativa busc\u00f3 relevar el autocuidado como un derecho y generar un espacio de encuentro para las mujeres de la comuna. \u201cHoy d\u00eda 8 de marzo en la comuna de La Cruz hemos decidido concentrar nuestro esfuerzo en el autocuidado de las mujeres, preparando una jornada llena de energ\u00eda positiva y cari\u00f1o, con manicure, masajes, peluquer\u00eda y distintas actividades pensadas especialmente para ellas\u201d, se\u00f1al\u00f3 la jefa comunal.<\/strong><\/p>\n\n\n\n<p class=\"has-black-color has-text-color has-link-color wp-elements-8dd7c04d08881a6d4b41189ad256845b\"><strong>La alcaldesa agreg\u00f3 que esta actividad se enmarca en las acciones que el municipio impulsa durante el Mes de la Mujer, destacando adem\u00e1s el rol que cumplen las mujeres en la sociedad. \u201cEste es un d\u00eda de unidad, de fraternidad y de abrazarnos. La defensa de los derechos de las mujeres se tiene que dar en todos los espacios, y el derecho al autocuidado tambi\u00e9n es una lucha que debemos instalar\u201d, expres\u00f3.<\/strong><\/p>\n\n\n\n<p class=\"has-black-color has-text-color has-link-color wp-elements-2f4068dc2c065e65a816503f8d2aa0a4\"><strong>Vecinas valoraron la iniciativa&nbsp;<\/strong><\/p>\n\n\n\n<p class=\"has-black-color has-text-color has-link-color wp-elements-60a24fce59dfbcceda5ac21ff9193ae5\"><strong>La jornada fue valorada por las asistentes, quienes destacaron la posibilidad de acceder gratuitamente a distintos servicios de bienestar.Entre ellas, Gloria Camus, vecina del sector de Pocochay, coment\u00f3 que la iniciativa fue muy bien recibida por la comunidad. \u201cBuen\u00edsima la actividad, porque nosotros casi no tenemos la oportunidad de que nos hagan estas cosas, como masajes o tratamientos. Que sea gratis es espectacular\u201d, se\u00f1al\u00f3.<\/strong><\/p>\n\n\n\n<p class=\"has-black-color has-text-color has-link-color wp-elements-f5fbdf4ab4138c4f466cf46b379049cc\"><strong>Una opini\u00f3n similar manifest\u00f3 Jacqueline Salazar, vecina de Camino del Sol, quien destac\u00f3 la importancia de generar espacios de reconocimiento para las mujeres. \u201cSiempre participo en estas actividades y se agradece mucho que se hagan en el D\u00eda de la Mujer. A todas nos viene bien un masaje o una u\u00f1ita, as\u00ed que es una muy buena iniciativa\u201d, indic\u00f3.<\/strong><\/p>\n\n\n\n<p class=\"has-black-color has-text-color has-link-color wp-elements-c3492786be0f5e61d30b46138e170b2e\"><strong>Actividades del Mes de la Mujer<\/strong><\/p>\n\n\n\n<p class=\"has-black-color has-text-color has-link-color wp-elements-7809bb96c0d4df7543a48834e658e477\"><strong>Cabe mencionar que la jornada del viernes 6 el municipio inici\u00f3 las actividades del mes de la mujer con un reconocimiento a casi 30 mujeres destacadas de la comuna en una jornada de reflexi\u00f3n que record\u00f3 el origen de la conmemoraci\u00f3n del D\u00eda Internacional de la Mujer.\u00a0<\/strong><\/p>\n\n\n\n<p class=\"has-black-color has-text-color has-link-color wp-elements-d0f95b3cfd179f1af3f2c92d03b5c2d9\"><strong>\u00a0Asimismo, desde la Municipalidad se\u00f1alaron que esta actividad forma parte de una serie de acciones organizadas durante marzo para reconocer el aporte de las mujeres en la vida social, comunitaria y familiar de la comuna.<\/strong><\/p>\n","protected":false},"excerpt":{"rendered":"<p>Masajes, manicure, spa, yoga y otras actividades gratuitas marcaron la jornada organizada por el municipio, que reuni\u00f3 a mujeres de distintos sectores de la comuna en un espacio de bienestar, encuentro y reflexi\u00f3n. Una masiva participaci\u00f3n de vecinas tuvo la jornada de autocuidado organizada por la Municipalidad de La Cruz para conmemorar el D\u00eda Internacional [&hellip;]<\/p>\n","protected":false},"author":6,"featured_media":16043,"comment_status":"closed","ping_status":"","sticky":false,"template":"","format":"standard","meta":{"site-sidebar-layout":"default","site-content-layout":"","ast-site-content-layout":"default","site-content-style":"default","site-sidebar-style":"default","ast-global-header-display":"","ast-banner-title-visibility":"","ast-main-header-display":"","ast-hfb-above-header-display":"","ast-hfb-below-header-display":"","ast-hfb-mobile-header-display":"","site-post-title":"","ast-breadcrumbs-content":"","ast-featured-img":"","footer-sml-layout":"","ast-disable-related-posts":"","theme-transparent-header-meta":"","adv-header-id-meta":"","stick-header-meta":"","header-above-stick-meta":"","header-main-stick-meta":"","header-below-stick-meta":"","astra-migrate-meta-layouts":"set","ast-page-background-enabled":"default","ast-page-background-meta":{"desktop":{"background-color":"var(--ast-global-color-4)","background-image":"","background-repeat":"repeat","background-position":"center center","background-size":"auto","background-attachment":"scroll","background-type":"","background-media":"","overlay-type":"","overlay-color":"","overlay-opacity":"","overlay-gradient":""},"tablet":{"background-color":"","background-image":"","background-repeat":"repeat","background-position":"center center","background-size":"auto","background-attachment":"scroll","background-type":"","background-media":"","overlay-type":"","overlay-color":"","overlay-opacity":"","overlay-gradient":""},"mobile":{"background-color":"","background-image":"","background-repeat":"repeat","background-position":"center center","background-size":"auto","background-attachment":"scroll","background-type":"","background-media":"","overlay-type":"","overlay-color":"","overlay-opacity":"","overlay-gradient":""}},"ast-content-background-meta":{"desktop":{"background-color":"var(--ast-global-color-5)","background-image":"","background-repeat":"repeat","background-position":"center center","background-size":"auto","background-attachment":"scroll","background-type":"","background-media":"","overlay-type":"","overlay-color":"","overlay-opacity":"","overlay-gradient":""},"tablet":{"background-color":"var(--ast-global-color-5)","background-image":"","background-repeat":"repeat","background-position":"center center","background-size":"auto","background-attachment":"scroll","background-type":"","background-media":"","overlay-type":"","overlay-color":"","overlay-opacity":"","overlay-gradient":""},"mobile":{"background-color":"var(--ast-global-color-5)","background-image":"","background-repeat":"repeat","background-position":"center center","background-size":"auto","background-attachment":"scroll","background-type":"","background-media":"","overlay-type":"","overlay-color":"","overlay-opacity":"","overlay-gradient":""}},"footnotes":""},"categories":[1],"tags":[],"class_list":["post-16042","post","type-post","status-publish","format-standard","has-post-thumbnail","hentry","category-noticias"],"_links":{"self":[{"href":"https:\/\/lacruz.cl\/a94a8fe5\/wp-json\/wp\/v2\/posts\/16042","targetHints":{"allow":["GET"]}}],"collection":[{"href":"https:\/\/lacruz.cl\/a94a8fe5\/wp-json\/wp\/v2\/posts"}],"about":[{"href":"https:\/\/lacruz.cl\/a94a8fe5\/wp-json\/wp\/v2\/types\/post"}],"author":[{"embeddable":true,"href":"https:\/\/lacruz.cl\/a94a8fe5\/wp-json\/wp\/v2\/users\/6"}],"replies":[{"embeddable":true,"href":"https:\/\/lacruz.cl\/a94a8fe5\/wp-json\/wp\/v2\/comments?post=16042"}],"version-history":[{"count":1,"href":"https:\/\/lacruz.cl\/a94a8fe5\/wp-json\/wp\/v2\/posts\/16042\/revisions"}],"predecessor-version":[{"id":16044,"href":"https:\/\/lacruz.cl\/a94a8fe5\/wp-json\/wp\/v2\/posts\/16042\/revisions\/16044"}],"wp:featuredmedia":[{"embeddable":true,"href":"https:\/\/lacruz.cl\/a94a8fe5\/wp-json\/wp\/v2\/media\/16043"}],"wp:attachment":[{"href":"https:\/\/lacruz.cl\/a94a8fe5\/wp-json\/wp\/v2\/media?parent=16042"}],"wp:term":[{"taxonomy":"category","embeddable":true,"href":"https:\/\/lacruz.cl\/a94a8fe5\/wp-json\/wp\/v2\/categories?post=16042"},{"taxonomy":"post_tag","embeddable":true,"href":"https:\/\/lacruz.cl\/a94a8fe5\/wp-json\/wp\/v2\/tags?post=16042"}],"curies":[{"name":"wp","href":"https:\/\/api.w.org\/{rel}","templated":true}]}}