{"id":15810,"date":"2026-01-09T10:59:59","date_gmt":"2026-01-09T13:59:59","guid":{"rendered":"https:\/\/lacruz.cl\/a94a8fe5\/?p=15810"},"modified":"2026-01-09T10:59:59","modified_gmt":"2026-01-09T13:59:59","slug":"postula-al-programa-mujeres-jefas-de-hogar","status":"publish","type":"post","link":"https:\/\/lacruz.cl\/a94a8fe5\/noticias\/postula-al-programa-mujeres-jefas-de-hogar\/","title":{"rendered":"\u00a0\u00a1Postula al Programa Mujeres Jefas de Hogar!\u00a0"},"content":{"rendered":"\n<figure class=\"wp-block-image size-large\"><img loading=\"lazy\" decoding=\"async\" width=\"819\" height=\"1024\" src=\"https:\/\/lacruz.cl\/a94a8fe5\/wp-content\/uploads\/2026\/01\/12-819x1024.jpeg\" alt=\"\" class=\"wp-image-15811\" srcset=\"https:\/\/lacruz.cl\/a94a8fe5\/wp-content\/uploads\/2026\/01\/12-819x1024.jpeg 819w, https:\/\/lacruz.cl\/a94a8fe5\/wp-content\/uploads\/2026\/01\/12-240x300.jpeg 240w, https:\/\/lacruz.cl\/a94a8fe5\/wp-content\/uploads\/2026\/01\/12-768x960.jpeg 768w, https:\/\/lacruz.cl\/a94a8fe5\/wp-content\/uploads\/2026\/01\/12.jpeg 1080w\" sizes=\"auto, (max-width: 819px) 100vw, 819px\" \/><\/figure>\n\n\n\n<p class=\"has-black-color has-text-color has-link-color wp-elements-51f5d8d266423b8affbe21c9490909c8\"><strong>El Programa Mujeres Jefas de Hogar, perteneciente al Servicio Nacional de la Mujer y la Equidad de G\u00e9nero (SernamEG) y ejecutado en la comuna de La Cruz a trav\u00e9s de la Municipalidad, te invita a ser parte de un proceso de acompa\u00f1amiento y formaci\u00f3n para fortalecer tu autonom\u00eda econ\u00f3mica.<\/strong><\/p>\n\n\n\n<p class=\"has-black-color has-text-color has-link-color wp-elements-3e01b6d1d7fef3d3bdd40b0d7ade0ac4\"><strong>Realiza tu pre inscripci\u00f3n en\u00a0<a href=\"http:\/\/www.lacruz.cl\/\" target=\"_blank\" rel=\"noreferrer noopener\">www.lacruz.cl<\/a><\/strong><\/p>\n\n\n\n<p class=\"has-black-color has-text-color has-link-color wp-elements-1d526e0926e9fcd213c4c0142e117a96\"><strong><img decoding=\"async\" src=\"https:\/\/fonts.gstatic.com\/s\/e\/notoemoji\/16.0\/2728\/32.png\" alt=\"\u2728\">\u00a0Beneficios del Programa:<br><img decoding=\"async\" src=\"https:\/\/fonts.gstatic.com\/s\/e\/notoemoji\/16.0\/1f539\/32.png\" alt=\"\ud83d\udd39\">\u00a0Capacitaci\u00f3n en habilidades laborales, emprendimiento y finanzas personales.<br><img decoding=\"async\" src=\"https:\/\/fonts.gstatic.com\/s\/e\/notoemoji\/16.0\/1f539\/32.png\" alt=\"\ud83d\udd39\">\u00a0Asesor\u00eda personalizada para proyectos laborales y personales.<br><img decoding=\"async\" src=\"https:\/\/fonts.gstatic.com\/s\/e\/notoemoji\/16.0\/1f539\/32.png\" alt=\"\ud83d\udd39\">\u00a0Redes de apoyo para compartir experiencias y recursos.<br><img decoding=\"async\" src=\"https:\/\/fonts.gstatic.com\/s\/e\/notoemoji\/16.0\/1f539\/32.png\" alt=\"\ud83d\udd39\">\u00a0Apoyo psicosocial en bienestar emocional y prevenci\u00f3n de violencia.<br><img decoding=\"async\" src=\"https:\/\/fonts.gstatic.com\/s\/e\/notoemoji\/16.0\/1f539\/32.png\" alt=\"\ud83d\udd39\">\u00a0Asesor\u00eda en postulaci\u00f3n a subsidios y financiamiento para tu emprendimiento.<\/strong><\/p>\n\n\n\n<p class=\"has-black-color has-text-color has-link-color wp-elements-a3dd13e71f455cf8850c0955425b851e\"><strong>El programa consta de 3 etapas clave:<br><img decoding=\"async\" src=\"https:\/\/fonts.gstatic.com\/s\/e\/notoemoji\/16.0\/0031_fe0f_20e3\/32.png\" alt=\"1\ufe0f\u20e3\">\u00a0Talleres de formaci\u00f3n para el trabajo.<br><img decoding=\"async\" src=\"https:\/\/fonts.gstatic.com\/s\/e\/notoemoji\/16.0\/0032_fe0f_20e3\/32.png\" alt=\"2\ufe0f\u20e3\">\u00a0Elaboraci\u00f3n de tu Proyecto Laboral.<br><img decoding=\"async\" src=\"https:\/\/fonts.gstatic.com\/s\/e\/notoemoji\/16.0\/0033_fe0f_20e3\/32.png\" alt=\"3\ufe0f\u20e3\">\u00a0Implementaci\u00f3n de tu Proyecto Laboral.<\/strong><\/p>\n\n\n\n<p class=\"has-black-color has-text-color has-link-color wp-elements-ca69cfeb46b4d922de50e2ad20830230\"><strong><img decoding=\"async\" src=\"https:\/\/fonts.gstatic.com\/s\/e\/notoemoji\/16.0\/2728\/32.png\" alt=\"\u2728\">Requisitos:<br><img decoding=\"async\" src=\"https:\/\/fonts.gstatic.com\/s\/e\/notoemoji\/16.0\/1f539\/32.png\" alt=\"\ud83d\udd39\">Ser mujer jefa de hogar, entre 18 y 65 a\u00f1os.<br><img decoding=\"async\" src=\"https:\/\/fonts.gstatic.com\/s\/e\/notoemoji\/16.0\/1f539\/32.png\" alt=\"\ud83d\udd39\">Vivir o trabajar en la comuna de La Cruz.<br><img decoding=\"async\" src=\"https:\/\/fonts.gstatic.com\/s\/e\/notoemoji\/16.0\/1f539\/32.png\" alt=\"\ud83d\udd39\">Estar en un 80% o menos en el Registro Social de Hogares.<br><img decoding=\"async\" src=\"https:\/\/fonts.gstatic.com\/s\/e\/notoemoji\/16.0\/1f539\/32.png\" alt=\"\ud83d\udd39\">Ser econ\u00f3micamente activa.<\/strong><\/p>\n\n\n\n<p class=\"has-black-color has-text-color has-link-color wp-elements-30273a101d226778a1501e7161a18893\"><strong>Importante: Este programa no entrega bonos ni ayudas econ\u00f3micas, pero s\u00ed muchas oportunidades para crecer y avanzar.<\/strong><\/p>\n\n\n\n<p class=\"has-black-color has-text-color has-link-color wp-elements-9dc700629da23c811343530c1b1b9f2b\"><strong><img decoding=\"async\" src=\"https:\/\/fonts.gstatic.com\/s\/e\/notoemoji\/16.0\/1f4e7\/32.png\" alt=\"\ud83d\udce7\">\u00a0Dudas y consultas al correo:\u00a0<a href=\"mailto:programamujeresjefasdehogar@lacruz.cl\" target=\"_blank\" rel=\"noreferrer noopener\">programamujeresjefasdehogar@lacruz.cl<\/a><\/strong><\/p>\n\n\n\n<div class=\"wp-block-buttons is-layout-flex wp-block-buttons-is-layout-flex\">\n<div class=\"wp-block-button\"><a class=\"wp-block-button__link wp-element-button\" href=\"https:\/\/docs.google.com\/forms\/d\/e\/1FAIpQLSftDCOO3MrA-UJZGfsPqBR6C3Ts_IPHkwUUxQeUKReqOW_vxQ\/viewform\">INSCRIPCI\u00d3N<\/a><\/div>\n<\/div>\n\n\n\n<p class=\"has-black-color has-text-color has-link-color wp-elements-9ac00cf961d1ea846fe5a532228b76c6\"><\/p>\n","protected":false},"excerpt":{"rendered":"<p>El Programa Mujeres Jefas de Hogar, perteneciente al Servicio Nacional de la Mujer y la Equidad de G\u00e9nero (SernamEG) y ejecutado en la comuna de La Cruz a trav\u00e9s de la Municipalidad, te invita a ser parte de un proceso de acompa\u00f1amiento y formaci\u00f3n para fortalecer tu autonom\u00eda econ\u00f3mica. Realiza tu pre inscripci\u00f3n en\u00a0www.lacruz.cl \u00a0Beneficios [&hellip;]<\/p>\n","protected":false},"author":6,"featured_media":15811,"comment_status":"closed","ping_status":"closed","sticky":false,"template":"","format":"standard","meta":{"site-sidebar-layout":"default","site-content-layout":"","ast-site-content-layout":"default","site-content-style":"default","site-sidebar-style":"default","ast-global-header-display":"","ast-banner-title-visibility":"","ast-main-header-display":"","ast-hfb-above-header-display":"","ast-hfb-below-header-display":"","ast-hfb-mobile-header-display":"","site-post-title":"","ast-breadcrumbs-content":"","ast-featured-img":"","footer-sml-layout":"","ast-disable-related-posts":"","theme-transparent-header-meta":"","adv-header-id-meta":"","stick-header-meta":"","header-above-stick-meta":"","header-main-stick-meta":"","header-below-stick-meta":"","astra-migrate-meta-layouts":"set","ast-page-background-enabled":"default","ast-page-background-meta":{"desktop":{"background-color":"var(--ast-global-color-4)","background-image":"","background-repeat":"repeat","background-position":"center center","background-size":"auto","background-attachment":"scroll","background-type":"","background-media":"","overlay-type":"","overlay-color":"","overlay-opacity":"","overlay-gradient":""},"tablet":{"background-color":"","background-image":"","background-repeat":"repeat","background-position":"center center","background-size":"auto","background-attachment":"scroll","background-type":"","background-media":"","overlay-type":"","overlay-color":"","overlay-opacity":"","overlay-gradient":""},"mobile":{"background-color":"","background-image":"","background-repeat":"repeat","background-position":"center center","background-size":"auto","background-attachment":"scroll","background-type":"","background-media":"","overlay-type":"","overlay-color":"","overlay-opacity":"","overlay-gradient":""}},"ast-content-background-meta":{"desktop":{"background-color":"var(--ast-global-color-5)","background-image":"","background-repeat":"repeat","background-position":"center center","background-size":"auto","background-attachment":"scroll","background-type":"","background-media":"","overlay-type":"","overlay-color":"","overlay-opacity":"","overlay-gradient":""},"tablet":{"background-color":"var(--ast-global-color-5)","background-image":"","background-repeat":"repeat","background-position":"center center","background-size":"auto","background-attachment":"scroll","background-type":"","background-media":"","overlay-type":"","overlay-color":"","overlay-opacity":"","overlay-gradient":""},"mobile":{"background-color":"var(--ast-global-color-5)","background-image":"","background-repeat":"repeat","background-position":"center center","background-size":"auto","background-attachment":"scroll","background-type":"","background-media":"","overlay-type":"","overlay-color":"","overlay-opacity":"","overlay-gradient":""}},"footnotes":""},"categories":[1],"tags":[],"class_list":["post-15810","post","type-post","status-publish","format-standard","has-post-thumbnail","hentry","category-noticias"],"_links":{"self":[{"href":"https:\/\/lacruz.cl\/a94a8fe5\/wp-json\/wp\/v2\/posts\/15810","targetHints":{"allow":["GET"]}}],"collection":[{"href":"https:\/\/lacruz.cl\/a94a8fe5\/wp-json\/wp\/v2\/posts"}],"about":[{"href":"https:\/\/lacruz.cl\/a94a8fe5\/wp-json\/wp\/v2\/types\/post"}],"author":[{"embeddable":true,"href":"https:\/\/lacruz.cl\/a94a8fe5\/wp-json\/wp\/v2\/users\/6"}],"replies":[{"embeddable":true,"href":"https:\/\/lacruz.cl\/a94a8fe5\/wp-json\/wp\/v2\/comments?post=15810"}],"version-history":[{"count":1,"href":"https:\/\/lacruz.cl\/a94a8fe5\/wp-json\/wp\/v2\/posts\/15810\/revisions"}],"predecessor-version":[{"id":15812,"href":"https:\/\/lacruz.cl\/a94a8fe5\/wp-json\/wp\/v2\/posts\/15810\/revisions\/15812"}],"wp:featuredmedia":[{"embeddable":true,"href":"https:\/\/lacruz.cl\/a94a8fe5\/wp-json\/wp\/v2\/media\/15811"}],"wp:attachment":[{"href":"https:\/\/lacruz.cl\/a94a8fe5\/wp-json\/wp\/v2\/media?parent=15810"}],"wp:term":[{"taxonomy":"category","embeddable":true,"href":"https:\/\/lacruz.cl\/a94a8fe5\/wp-json\/wp\/v2\/categories?post=15810"},{"taxonomy":"post_tag","embeddable":true,"href":"https:\/\/lacruz.cl\/a94a8fe5\/wp-json\/wp\/v2\/tags?post=15810"}],"curies":[{"name":"wp","href":"https:\/\/api.w.org\/{rel}","templated":true}]}}