{"id":15359,"date":"2025-08-27T16:17:02","date_gmt":"2025-08-27T20:17:02","guid":{"rendered":"https:\/\/lacruz.cl\/a94a8fe5\/?p=15359"},"modified":"2025-09-25T16:37:58","modified_gmt":"2025-09-25T19:37:58","slug":"la-cruz-refuerza-la-proteccion-de-derechos-con-la-implementacion-de-la-oficina-de-la-mujer-y-comunidades","status":"publish","type":"post","link":"https:\/\/lacruz.cl\/a94a8fe5\/noticias\/la-cruz-refuerza-la-proteccion-de-derechos-con-la-implementacion-de-la-oficina-de-la-mujer-y-comunidades\/","title":{"rendered":"Santa Feria, Gino Mella, Los Pincheira del Sur y Arte Elegante encabezan la 2\u00aa Fiesta de la Palta Crucina en La Cruz"},"content":{"rendered":"\n<figure class=\"wp-block-image size-large\"><img loading=\"lazy\" decoding=\"async\" width=\"1024\" height=\"682\" src=\"https:\/\/lacruz.cl\/a94a8fe5\/wp-content\/uploads\/2025\/08\/alcaldesa.-oscar-1024x682.jpg\" alt=\"\" class=\"wp-image-15419\" srcset=\"https:\/\/lacruz.cl\/a94a8fe5\/wp-content\/uploads\/2025\/08\/alcaldesa.-oscar-1024x682.jpg 1024w, https:\/\/lacruz.cl\/a94a8fe5\/wp-content\/uploads\/2025\/08\/alcaldesa.-oscar-300x200.jpg 300w, https:\/\/lacruz.cl\/a94a8fe5\/wp-content\/uploads\/2025\/08\/alcaldesa.-oscar-768x511.jpg 768w, https:\/\/lacruz.cl\/a94a8fe5\/wp-content\/uploads\/2025\/08\/alcaldesa.-oscar.jpg 1280w\" sizes=\"auto, (max-width: 1024px) 100vw, 1024px\" \/><\/figure>\n\n\n\n<p class=\"has-black-color has-text-color has-link-color wp-elements-c5de905cad6cad4007d96768398b5e76\"><strong><em>Algunos de los grupos m\u00e1s escuchados de Chile y solicitados por la comunidad ser\u00e1n parte de la celebraci\u00f3n que se vivir\u00e1 el 25 y 26 de octubre en la Poza Cristalina. El evento es gratuito y financiado por el Gobierno Regional gracias a un proyecto presentado por la Municipalidad de La Cruz<\/em><\/strong><\/p>\n\n\n\n<p class=\"has-black-color has-text-color has-link-color wp-elements-f31f0294812b3be5397f42f63ba6186d\"><strong>LA CRUZ.-\u00a0La Municipalidad de La Cruz con una innovadora puesta en escena lanz\u00f3 oficialmente la segunda versi\u00f3n de la Fiesta de la Palta Crucina, que se realizar\u00e1 el s\u00e1bado 25 y domingo 26 de octubre en la Poza Cristalina. El evento contar\u00e1 con una variada parrilla art\u00edstica, espacios familiares y ferias productivas, consolid\u00e1ndose como una de las celebraciones m\u00e1s importantes de la regi\u00f3n.<\/strong><\/p>\n\n\n\n<p class=\"has-black-color has-text-color has-link-color wp-elements-9016beee50d5ec0857263f486c33461f\"><strong>La alcaldesa Filomena Navia Hevia\u00a0destac\u00f3 que la fiesta \u201cpone en valor a la palta como fruto identitario de nuestra comuna, pero tambi\u00e9n el esfuerzo de cientos de peque\u00f1os productores. Esta celebraci\u00f3n gratuita busca proyectar a La Cruz como un polo cultural y tur\u00edstico, con actividades para toda la familia y artistas de primer nivel\u201d.<\/strong><\/p>\n\n\n\n<p class=\"has-ast-global-color-7-color has-text-color has-link-color wp-elements-a45d7d3d897c10f03376265f4da82960\"><strong>El administrador municipal \u00d3scar Calder\u00f3n\u00a0record\u00f3 que la fiesta se financia gracias al respaldo del Gobierno Regional de Valpara\u00edso, que aprob\u00f3 un proyecto presentado por la Municipalidad por un monto de 80 millones de pesos. \u201cEso nos permite tener un evento gratuito, con emprendedores, un escenario cultural y una parrilla art\u00edstica de primer nivel, recogiendo la experiencia del a\u00f1o pasado para seguir creciendo\u201d.<\/strong><\/p>\n\n\n\n<p class=\"has-ast-global-color-7-color has-text-color has-link-color wp-elements-93a9820ce4ce20efca2d79a580f9c4b5\"><strong>Por su parte, el encargado de Comunicaciones y Eventos, Jaime Escobar, remarc\u00f3 que el trabajo de log\u00edstica y seguridad ha sido planificado desde los primeros meses del a\u00f1o: <em>\u201cLa producci\u00f3n comenz\u00f3 en marzo con el objetivo de reforzar lo aprendido en la primera versi\u00f3n. Hoy contamos con un plan integral de seguridad en coordinaci\u00f3n con Carabineros, empresas privadas y guardias acreditados, para asegurar que todas las familias disfruten en tranquilidad. Adem\u00e1s, tendremos espacios inclusivos para ni\u00f1as y ni\u00f1os, incluyendo zonas de cuidado especial para infancias neurodiversas\u201d<\/em><\/strong><\/p>\n\n\n\n<h3 class=\"wp-block-heading\"><strong>La m\u00fasica como gran protagonista<\/strong><strong><\/strong><\/h3>\n\n\n\n<p class=\"has-ast-global-color-7-color has-text-color has-link-color wp-elements-1445ed72cc50cb2a6feab3fe10003144\"><strong>El cierre de la jornada dominical estar\u00e1 a cargo de Santa Feria, considerada una de las bandas m\u00e1s escuchadas de Chile y ampliamente solicitada por el p\u00fablico de toda la provincia de Quillota. Su show de cumbia popular es esperado como el gran broche de oro de esta segunda versi\u00f3n.<\/strong><\/p>\n\n\n\n<p class=\"has-ast-global-color-7-color has-text-color has-link-color wp-elements-15efa2359b83daec8cb1b6102142e4ca\"><strong>La programaci\u00f3n tambi\u00e9n incluye al cantante urbano Gino Mella\u00a0y a Arte Elegante\u00a0en la primera jornada, mientras que el domingo el ritmo lo pondr\u00e1n el Grupo Infieles\u00a0y Los Pincheira del Sur\u00a0de\u00a0Jhonn Rosales, encabezados por el vocalista original de la agrupaci\u00f3n y responsable de los mayores \u00e9xitos de la popular banda sure\u00f1a.<\/strong><\/p>\n\n\n\n<p class=\"has-ast-global-color-7-color has-text-color has-link-color wp-elements-6c1bae04534b1b59f5390c918b93e56d\"><strong>A ellos se suman los talentos como la quillotana Tali y el crucino Honey-Roi, quienes dar\u00e1n el toque local a la fiesta.<\/strong><\/p>\n\n\n\n<h3 class=\"wp-block-heading\"><strong>Espacios familiares y culturales<\/strong><strong><\/strong><\/h3>\n\n\n\n<p class=\"has-ast-global-color-7-color has-text-color has-link-color wp-elements-15134755ad2adade6fc757eab43f856f\"><strong>Junto a la m\u00fasica, el evento contempla un Escenario Cultural\u00a0con teatro, shows infantiles, el Ensamble Tempor\u00eda y el Musical de la Nueva Ola con la Oldies Orquesta. Adem\u00e1s, se habilitar\u00e1 el Mercado Local Campesino, el Pabell\u00f3n de los Viveros, el Paseo de las Infancias\u00a0y la tradicional Paltat\u00f3n, que este a\u00f1o entregar\u00e1 500 paltas reinas a los asistentes.<\/strong><\/p>\n\n\n\n<p class=\"has-ast-global-color-7-color has-text-color has-link-color wp-elements-63e2b25513be72ca34ef00ec914851e6\"><strong>Los animadores Daiana Romina\u00a0y Sebasti\u00e1n Rojas\u00a0invitaron a las familias a disfrutar de esta fiesta gratuita. <em>\u201cSer\u00e1n dos jornadas para pasarlo bien, con artistas locales y nacionales, pensadas para todas las edades\u201d<\/em>.<\/strong><\/p>\n\n\n\n<p class=\"has-ast-global-color-7-color has-text-color has-link-color wp-elements-d23b463a31e5bcfdc48656454ab4e09d\"><strong>Con esta programaci\u00f3n, la Fiesta de la Palta Crucina\u00a0busca superar la alta convocatoria de su primera edici\u00f3n y consolidarse como un referente cultural y tur\u00edstico de la Regi\u00f3n de Valpara\u00edso.<\/strong><\/p>\n\n\n\n<p class=\"has-ast-global-color-7-color has-text-color has-link-color wp-elements-b1d8c4787e64f38346d55c6e83278b1e\"><strong>LECTO FOTO 1: Esta celebraci\u00f3n gratuita busca proyectar a La Cruz como un polo cultural y tur\u00edstico, con actividades para toda la familia y artistas de primer nivel<\/strong><\/p>\n\n\n\n<p class=\"has-ast-global-color-7-color has-text-color has-link-color wp-elements-6db29dcc21c746e13b692cb4b09e0581\"><strong>LECTO FOTO 2: Ser\u00e1 un evento gratuito, con emprendedores, un escenario cultural y una parrilla art\u00edstica de primer nivel, recogiendo la experiencia del a\u00f1o pasado para seguir creciendo.<\/strong><\/p>\n\n\n\n<p class=\"has-ast-global-color-7-color has-text-color has-link-color wp-elements-e43d6802a052dcdc57d3c3e26508ba65\"><strong>LECTO FOTO 3: Los animadores Daiana Romina y Sebasti\u00e1n Rojas invitaron a las familias a disfrutar de esta fiesta gratuita. \u201cSer\u00e1n dos jornadas para pasarlo bien, con artistas locales y nacionales, pensadas para todas las edades\u201d.<\/strong><\/p>\n\n\n\n<p class=\"has-ast-global-color-7-color has-text-color has-link-color wp-elements-e83f39fd36a10e5b655a44faf71d9aae\"><strong>LECTO FOTO 4: Izquierda a derecha, Sebasti\u00e1n Rojas, animador, Taly, Basti\u00e1n Conteras del Grupo Infieles, Daiana Romina, animadora, Honey Roi.<\/strong><\/p>\n","protected":false},"excerpt":{"rendered":"<p>Algunos de los grupos m\u00e1s escuchados de Chile y solicitados por la comunidad ser\u00e1n parte de la celebraci\u00f3n que se vivir\u00e1 el 25 y 26 de octubre en la Poza Cristalina. El evento es gratuito y financiado por el Gobierno Regional gracias a un proyecto presentado por la Municipalidad de La Cruz LA CRUZ.-\u00a0La Municipalidad [&hellip;]<\/p>\n","protected":false},"author":6,"featured_media":15419,"comment_status":"closed","ping_status":"","sticky":false,"template":"","format":"standard","meta":{"site-sidebar-layout":"default","site-content-layout":"","ast-site-content-layout":"default","site-content-style":"default","site-sidebar-style":"default","ast-global-header-display":"","ast-banner-title-visibility":"","ast-main-header-display":"","ast-hfb-above-header-display":"","ast-hfb-below-header-display":"","ast-hfb-mobile-header-display":"","site-post-title":"","ast-breadcrumbs-content":"","ast-featured-img":"","footer-sml-layout":"","ast-disable-related-posts":"","theme-transparent-header-meta":"","adv-header-id-meta":"","stick-header-meta":"","header-above-stick-meta":"","header-main-stick-meta":"","header-below-stick-meta":"","astra-migrate-meta-layouts":"set","ast-page-background-enabled":"default","ast-page-background-meta":{"desktop":{"background-color":"var(--ast-global-color-4)","background-image":"","background-repeat":"repeat","background-position":"center center","background-size":"auto","background-attachment":"scroll","background-type":"","background-media":"","overlay-type":"","overlay-color":"","overlay-opacity":"","overlay-gradient":""},"tablet":{"background-color":"","background-image":"","background-repeat":"repeat","background-position":"center center","background-size":"auto","background-attachment":"scroll","background-type":"","background-media":"","overlay-type":"","overlay-color":"","overlay-opacity":"","overlay-gradient":""},"mobile":{"background-color":"","background-image":"","background-repeat":"repeat","background-position":"center center","background-size":"auto","background-attachment":"scroll","background-type":"","background-media":"","overlay-type":"","overlay-color":"","overlay-opacity":"","overlay-gradient":""}},"ast-content-background-meta":{"desktop":{"background-color":"var(--ast-global-color-5)","background-image":"","background-repeat":"repeat","background-position":"center center","background-size":"auto","background-attachment":"scroll","background-type":"","background-media":"","overlay-type":"","overlay-color":"","overlay-opacity":"","overlay-gradient":""},"tablet":{"background-color":"var(--ast-global-color-5)","background-image":"","background-repeat":"repeat","background-position":"center center","background-size":"auto","background-attachment":"scroll","background-type":"","background-media":"","overlay-type":"","overlay-color":"","overlay-opacity":"","overlay-gradient":""},"mobile":{"background-color":"var(--ast-global-color-5)","background-image":"","background-repeat":"repeat","background-position":"center center","background-size":"auto","background-attachment":"scroll","background-type":"","background-media":"","overlay-type":"","overlay-color":"","overlay-opacity":"","overlay-gradient":""}},"footnotes":""},"categories":[1],"tags":[],"class_list":["post-15359","post","type-post","status-publish","format-standard","has-post-thumbnail","hentry","category-noticias"],"_links":{"self":[{"href":"https:\/\/lacruz.cl\/a94a8fe5\/wp-json\/wp\/v2\/posts\/15359","targetHints":{"allow":["GET"]}}],"collection":[{"href":"https:\/\/lacruz.cl\/a94a8fe5\/wp-json\/wp\/v2\/posts"}],"about":[{"href":"https:\/\/lacruz.cl\/a94a8fe5\/wp-json\/wp\/v2\/types\/post"}],"author":[{"embeddable":true,"href":"https:\/\/lacruz.cl\/a94a8fe5\/wp-json\/wp\/v2\/users\/6"}],"replies":[{"embeddable":true,"href":"https:\/\/lacruz.cl\/a94a8fe5\/wp-json\/wp\/v2\/comments?post=15359"}],"version-history":[{"count":4,"href":"https:\/\/lacruz.cl\/a94a8fe5\/wp-json\/wp\/v2\/posts\/15359\/revisions"}],"predecessor-version":[{"id":15450,"href":"https:\/\/lacruz.cl\/a94a8fe5\/wp-json\/wp\/v2\/posts\/15359\/revisions\/15450"}],"wp:featuredmedia":[{"embeddable":true,"href":"https:\/\/lacruz.cl\/a94a8fe5\/wp-json\/wp\/v2\/media\/15419"}],"wp:attachment":[{"href":"https:\/\/lacruz.cl\/a94a8fe5\/wp-json\/wp\/v2\/media?parent=15359"}],"wp:term":[{"taxonomy":"category","embeddable":true,"href":"https:\/\/lacruz.cl\/a94a8fe5\/wp-json\/wp\/v2\/categories?post=15359"},{"taxonomy":"post_tag","embeddable":true,"href":"https:\/\/lacruz.cl\/a94a8fe5\/wp-json\/wp\/v2\/tags?post=15359"}],"curies":[{"name":"wp","href":"https:\/\/api.w.org\/{rel}","templated":true}]}}