{"id":13204,"date":"2025-06-24T16:19:42","date_gmt":"2025-06-24T20:19:42","guid":{"rendered":"https:\/\/lacruz.cl\/?p=13204"},"modified":"2025-06-24T16:19:43","modified_gmt":"2025-06-24T20:19:43","slug":"tenemos-una-emocionante-oportunidad-para-jovenes-comprometidos-con-la-igualdad-de-genero","status":"publish","type":"post","link":"https:\/\/lacruz.cl\/a94a8fe5\/noticias\/tenemos-una-emocionante-oportunidad-para-jovenes-comprometidos-con-la-igualdad-de-genero\/","title":{"rendered":"\u00a1Tenemos una emocionante oportunidad para j\u00f3venes comprometidos con la igualdad de g\u00e9nero!"},"content":{"rendered":"\n<p class=\"has-ast-global-color-8-color has-text-color has-link-color wp-elements-68592125bf882a906788577c924613d0\"><strong>La Ilustre Municipalidad de La Cruz, a trav\u00e9s de su Oficina Comunal de la Mujer, Diversidad y Comunidad, ha abierto la convocatoria para el voluntariado de juventudes como Agentes Sensibilizadores de G\u00e9nero. Este voluntariado es un espacio dedicado a la formaci\u00f3n, acci\u00f3n y liderazgo juvenil.<\/strong><\/p>\n\n\n\n<p class=\"has-ast-global-color-8-color has-text-color has-link-color wp-elements-87fb8ca69c595e506320fd3eae9c6ae2\"><strong>Estamos buscando j\u00f3venes de entre 15 y 29 a\u00f1os que tengan inter\u00e9s en:<\/strong><\/p>\n\n\n\n<p class=\"has-ast-global-color-8-color has-text-color has-link-color wp-elements-6c9f6babffb3b9afc6e605dd92158272\"><strong>* Promover la equidad de g\u00e9nero y los derechos humanos.<\/strong><\/p>\n\n\n\n<p class=\"has-ast-global-color-8-color has-text-color has-link-color wp-elements-48cf07a0ba6cdaddac5e0b7e09588017\"><strong>* Participar en espacios de formaci\u00f3n y acci\u00f3n comunitaria.<\/strong><\/p>\n\n\n\n<p class=\"has-ast-global-color-8-color has-text-color has-link-color wp-elements-826c44a3952839c881129aedd66c1c86\"><strong>* Desarrollar campa\u00f1as, talleres y actividades de sensibilizaci\u00f3n.<\/strong><\/p>\n\n\n\n<p class=\"has-ast-global-color-8-color has-text-color has-link-color wp-elements-248a1f452e35f5fe54063c07d06cc85a\"><strong>Ofrecemos:<\/strong><\/p>\n\n\n\n<p class=\"has-ast-global-color-8-color has-text-color has-link-color wp-elements-177fdee1ab2b85cea26307eab25b9e4c\"><strong>* Formaci\u00f3n integral en g\u00e9nero, prevenci\u00f3n de violencias, liderazgo y participaci\u00f3n.<\/strong><\/p>\n\n\n\n<p class=\"has-ast-global-color-8-color has-text-color has-link-color wp-elements-b69f2e97aacefd7b5edd385a80f0f763\"><strong>* Acompa\u00f1amiento constante de profesionales en el \u00e1rea social y educativa.<\/strong><\/p>\n\n\n\n<p><strong>* Certificaci\u00f3n y reconocimiento al finalizar el proceso.<\/strong><\/p>\n\n\n\n<p><strong>Los requisitos para participar son:<\/strong><\/p>\n\n\n\n<p><strong>* Tener entre 15 y 29 a\u00f1os.<\/strong><\/p>\n\n\n\n<p><strong>* Contar con disponibilidad para participar en las sesiones de formaci\u00f3n y actividades comunitarias.<\/strong><\/p>\n\n\n\n<p><strong>* Demostrar compromiso y una actitud proactiva.<\/strong><\/p>\n\n\n\n<p><strong>\u00a1An\u00edmate a unirte a nosotros para transformar tu comunidad!<\/strong><\/p>\n\n\n\n<p class=\"has-ast-global-color-8-color has-text-color has-link-color wp-elements-fb2ecec919fd15b3f5068a18cf33641f\"><strong>Remito el link de inscripci\u00f3n para la gr\u00e1fica:\u00a0<a href=\"https:\/\/docs.google.com\/forms\/d\/e\/1FAIpQLSc4g-nOes1pWqRo1UYfvxFN3K0Aj93kNJSBORtGO-5G_A8D9g\/viewform?usp=sharing&amp;ouid=113716257214429469253\" target=\"_blank\" rel=\"noreferrer noopener\">https:\/\/docs.google.com\/forms\/d\/e\/1FAIpQLSc4g-nOes1pWqRo1UYfvxFN3K0Aj93kNJSBORtGO-5G_A8D9g\/viewform?usp=sharing&amp;ouid=113716257214429469253<\/a><\/strong><\/p>\n\n\n\n<figure class=\"wp-block-image size-large\"><img loading=\"lazy\" decoding=\"async\" width=\"819\" height=\"1024\" src=\"https:\/\/lacruz.cl\/a94a8fe5\/wp-content\/uploads\/2025\/06\/CONVOCATORIA-JOVENES-819x1024.png\" alt=\"\" class=\"wp-image-13206\" srcset=\"https:\/\/lacruz.cl\/a94a8fe5\/wp-content\/uploads\/2025\/06\/CONVOCATORIA-JOVENES-819x1024.png 819w, https:\/\/lacruz.cl\/a94a8fe5\/wp-content\/uploads\/2025\/06\/CONVOCATORIA-JOVENES-240x300.png 240w, https:\/\/lacruz.cl\/a94a8fe5\/wp-content\/uploads\/2025\/06\/CONVOCATORIA-JOVENES-768x960.png 768w, https:\/\/lacruz.cl\/a94a8fe5\/wp-content\/uploads\/2025\/06\/CONVOCATORIA-JOVENES-1229x1536.png 1229w, https:\/\/lacruz.cl\/a94a8fe5\/wp-content\/uploads\/2025\/06\/CONVOCATORIA-JOVENES-1638x2048.png 1638w, https:\/\/lacruz.cl\/a94a8fe5\/wp-content\/uploads\/2025\/06\/CONVOCATORIA-JOVENES-scaled.png 2048w\" sizes=\"auto, (max-width: 819px) 100vw, 819px\" \/><\/figure>\n","protected":false},"excerpt":{"rendered":"<p>La Ilustre Municipalidad de La Cruz, a trav\u00e9s de su Oficina Comunal de la Mujer, Diversidad y Comunidad, ha abierto la convocatoria para el voluntariado de juventudes como Agentes Sensibilizadores de G\u00e9nero. Este voluntariado es un espacio dedicado a la formaci\u00f3n, acci\u00f3n y liderazgo juvenil. Estamos buscando j\u00f3venes de entre 15 y 29 a\u00f1os que [&hellip;]<\/p>\n","protected":false},"author":6,"featured_media":13206,"comment_status":"closed","ping_status":"closed","sticky":false,"template":"","format":"standard","meta":{"site-sidebar-layout":"default","site-content-layout":"","ast-site-content-layout":"default","site-content-style":"default","site-sidebar-style":"default","ast-global-header-display":"","ast-banner-title-visibility":"","ast-main-header-display":"","ast-hfb-above-header-display":"","ast-hfb-below-header-display":"","ast-hfb-mobile-header-display":"","site-post-title":"","ast-breadcrumbs-content":"","ast-featured-img":"","footer-sml-layout":"","ast-disable-related-posts":"","theme-transparent-header-meta":"","adv-header-id-meta":"","stick-header-meta":"","header-above-stick-meta":"","header-main-stick-meta":"","header-below-stick-meta":"","astra-migrate-meta-layouts":"set","ast-page-background-enabled":"default","ast-page-background-meta":{"desktop":{"background-color":"var(--ast-global-color-4)","background-image":"","background-repeat":"repeat","background-position":"center center","background-size":"auto","background-attachment":"scroll","background-type":"","background-media":"","overlay-type":"","overlay-color":"","overlay-opacity":"","overlay-gradient":""},"tablet":{"background-color":"","background-image":"","background-repeat":"repeat","background-position":"center center","background-size":"auto","background-attachment":"scroll","background-type":"","background-media":"","overlay-type":"","overlay-color":"","overlay-opacity":"","overlay-gradient":""},"mobile":{"background-color":"","background-image":"","background-repeat":"repeat","background-position":"center center","background-size":"auto","background-attachment":"scroll","background-type":"","background-media":"","overlay-type":"","overlay-color":"","overlay-opacity":"","overlay-gradient":""}},"ast-content-background-meta":{"desktop":{"background-color":"var(--ast-global-color-5)","background-image":"","background-repeat":"repeat","background-position":"center center","background-size":"auto","background-attachment":"scroll","background-type":"","background-media":"","overlay-type":"","overlay-color":"","overlay-opacity":"","overlay-gradient":""},"tablet":{"background-color":"var(--ast-global-color-5)","background-image":"","background-repeat":"repeat","background-position":"center center","background-size":"auto","background-attachment":"scroll","background-type":"","background-media":"","overlay-type":"","overlay-color":"","overlay-opacity":"","overlay-gradient":""},"mobile":{"background-color":"var(--ast-global-color-5)","background-image":"","background-repeat":"repeat","background-position":"center center","background-size":"auto","background-attachment":"scroll","background-type":"","background-media":"","overlay-type":"","overlay-color":"","overlay-opacity":"","overlay-gradient":""}},"footnotes":""},"categories":[1],"tags":[],"class_list":["post-13204","post","type-post","status-publish","format-standard","has-post-thumbnail","hentry","category-noticias"],"_links":{"self":[{"href":"https:\/\/lacruz.cl\/a94a8fe5\/wp-json\/wp\/v2\/posts\/13204","targetHints":{"allow":["GET"]}}],"collection":[{"href":"https:\/\/lacruz.cl\/a94a8fe5\/wp-json\/wp\/v2\/posts"}],"about":[{"href":"https:\/\/lacruz.cl\/a94a8fe5\/wp-json\/wp\/v2\/types\/post"}],"author":[{"embeddable":true,"href":"https:\/\/lacruz.cl\/a94a8fe5\/wp-json\/wp\/v2\/users\/6"}],"replies":[{"embeddable":true,"href":"https:\/\/lacruz.cl\/a94a8fe5\/wp-json\/wp\/v2\/comments?post=13204"}],"version-history":[{"count":1,"href":"https:\/\/lacruz.cl\/a94a8fe5\/wp-json\/wp\/v2\/posts\/13204\/revisions"}],"predecessor-version":[{"id":13207,"href":"https:\/\/lacruz.cl\/a94a8fe5\/wp-json\/wp\/v2\/posts\/13204\/revisions\/13207"}],"wp:featuredmedia":[{"embeddable":true,"href":"https:\/\/lacruz.cl\/a94a8fe5\/wp-json\/wp\/v2\/media\/13206"}],"wp:attachment":[{"href":"https:\/\/lacruz.cl\/a94a8fe5\/wp-json\/wp\/v2\/media?parent=13204"}],"wp:term":[{"taxonomy":"category","embeddable":true,"href":"https:\/\/lacruz.cl\/a94a8fe5\/wp-json\/wp\/v2\/categories?post=13204"},{"taxonomy":"post_tag","embeddable":true,"href":"https:\/\/lacruz.cl\/a94a8fe5\/wp-json\/wp\/v2\/tags?post=13204"}],"curies":[{"name":"wp","href":"https:\/\/api.w.org\/{rel}","templated":true}]}}