{"id":13184,"date":"2025-06-16T00:00:00","date_gmt":"2025-06-16T04:00:00","guid":{"rendered":"https:\/\/lacruz.cl\/?p=13184"},"modified":"2025-06-15T23:51:55","modified_gmt":"2025-06-16T03:51:55","slug":"13184","status":"publish","type":"post","link":"https:\/\/lacruz.cl\/a94a8fe5\/noticias\/13184\/","title":{"rendered":""},"content":{"rendered":"\n<p class=\"has-ast-global-color-8-color has-text-color has-link-color wp-elements-0587111d3abf76c046553c2eec6d9689\"><strong>La Ilustre Municipalidad de La Cruz invita a postular a la cuarta edici\u00f3n del Club de Invierno, una iniciativa que busca brindar a los estudiantes y sus familias un espacio seguro y protegido durante las vacaciones de invierno.<\/strong><\/p>\n\n\n\n<p class=\"has-ast-global-color-8-color has-text-color has-link-color wp-elements-aef9124b0312e8cd07190dd33d7da2a8\"><strong>Este programa est\u00e1 dise\u00f1ado para fomentar el aprendizaje significativo a trav\u00e9s de experiencias enriquecedoras y actividades alineadas con los intereses de ni\u00f1os y ni\u00f1as, promoviendo al mismo tiempo h\u00e1bitos de vida activa y saludable.<\/strong><\/p>\n\n\n\n<p class=\"has-ast-global-color-8-color has-text-color has-link-color wp-elements-0b5edde47a4c94aee1401eaca9cbaf3d\"><strong>Informaci\u00f3n importante<br>Per\u00edodo de inscripci\u00f3n: desde el 16 de junio (00:00 hrs) hasta el 17 de junio (23:59 hrs) de 2025.<\/strong><\/p>\n\n\n\n<p class=\"has-ast-global-color-8-color has-text-color has-link-color wp-elements-d5fdd6654d68b82be16f21e62956d3bb\"><strong>Fechas de realizaci\u00f3n: del 23 de junio al 4 de julio de 2025.<\/strong><\/p>\n\n\n\n<p class=\"has-ast-global-color-8-color has-text-color has-link-color wp-elements-bd0e6f4db9180e552fed685fad59f655\"><strong>P\u00fablico objetivo: estudiantes desde K\u00ednder hasta 8\u00b0 b\u00e1sico (entre 6 y 14 a\u00f1os).<\/strong><\/p>\n\n\n\n<p class=\"has-ast-global-color-8-color has-text-color has-link-color wp-elements-5215a82725618fd94abe8dc627de8d31\"><strong>Horario de funcionamiento: de 09:00 a 15:50 hrs.<\/strong><\/p>\n\n\n\n<p class=\"has-ast-global-color-8-color has-text-color has-link-color wp-elements-7eaa85a243be1c6050e9a4d7610335aa\"><strong>Lugar: Colegio Mar\u00eda Alonso Chac\u00f3n, ubicado en calle Simpson #18, paradero 18, La Cruz.<\/strong><\/p>\n\n\n\n<p class=\"has-ast-global-color-8-color has-text-color has-link-color wp-elements-deeb151a590ecb8d136fe8cb14d66231\"><strong>Requisitos:<\/strong><\/p>\n\n\n\n<p class=\"has-ast-global-color-8-color has-text-color has-link-color wp-elements-5ad866a0df2f30ebe55a659a8d585d0c\"><strong>Ser residente de la comuna de La Cruz (se acreditar\u00e1 mediante Registro Social de Hogares).<\/strong><\/p>\n\n\n\n<p class=\"has-ast-global-color-8-color has-text-color has-link-color wp-elements-b0503830d0b38e40a5587ce84fa1140f\"><strong>Contamos con 100 cupos disponibles.<\/strong><\/p>\n\n\n\n<p class=\"has-ast-global-color-8-color has-text-color has-link-color wp-elements-7ce9dc694228cb15bb173d986d3221c9\"><strong>Incluye alimentaci\u00f3n y buses de acercamiento.<\/strong><\/p>\n\n\n\n<p class=\"has-ast-global-color-8-color has-text-color has-link-color wp-elements-101734311391a776c03cdcebfc240633\"><strong>Se tomar\u00e1 contacto con el adulto responsable de la inscripci\u00f3n para la confirmaci\u00f3n de datos y asistencia.<\/strong><\/p>\n\n\n\n<p class=\"has-ast-global-color-8-color has-text-color has-link-color wp-elements-7ae91926df8e0382a3111e3bc3d0d98c\"><strong>Inscribete\u00a0aqui: <a href=\"https:\/\/forms.gle\/KQyM9s1GsGemFnMB7\" target=\"_blank\" rel=\"noreferrer noopener\">https:\/\/forms.gle\/KQyM9s1GsGemFnMB7<\/a><\/strong><\/p>\n\n\n\n<figure class=\"wp-block-image size-large\"><img loading=\"lazy\" decoding=\"async\" width=\"819\" height=\"1024\" src=\"https:\/\/lacruz.cl\/a94a8fe5\/wp-content\/uploads\/2025\/06\/Imagen-de-WhatsApp-2025-06-15-a-las-23.01.18_80ea295e-819x1024.jpg\" alt=\"\" class=\"wp-image-13185\" srcset=\"https:\/\/lacruz.cl\/a94a8fe5\/wp-content\/uploads\/2025\/06\/Imagen-de-WhatsApp-2025-06-15-a-las-23.01.18_80ea295e-819x1024.jpg 819w, https:\/\/lacruz.cl\/a94a8fe5\/wp-content\/uploads\/2025\/06\/Imagen-de-WhatsApp-2025-06-15-a-las-23.01.18_80ea295e-240x300.jpg 240w, https:\/\/lacruz.cl\/a94a8fe5\/wp-content\/uploads\/2025\/06\/Imagen-de-WhatsApp-2025-06-15-a-las-23.01.18_80ea295e-768x960.jpg 768w, https:\/\/lacruz.cl\/a94a8fe5\/wp-content\/uploads\/2025\/06\/Imagen-de-WhatsApp-2025-06-15-a-las-23.01.18_80ea295e-1229x1536.jpg 1229w, https:\/\/lacruz.cl\/a94a8fe5\/wp-content\/uploads\/2025\/06\/Imagen-de-WhatsApp-2025-06-15-a-las-23.01.18_80ea295e.jpg 1280w\" sizes=\"auto, (max-width: 819px) 100vw, 819px\" \/><\/figure>\n","protected":false},"excerpt":{"rendered":"<p>La Ilustre Municipalidad de La Cruz invita a postular a la cuarta edici\u00f3n del Club de Invierno, una iniciativa que busca brindar a los estudiantes y sus familias un espacio seguro y protegido durante las vacaciones de invierno. Este programa est\u00e1 dise\u00f1ado para fomentar el aprendizaje significativo a trav\u00e9s de experiencias enriquecedoras y actividades alineadas [&hellip;]<\/p>\n","protected":false},"author":6,"featured_media":13185,"comment_status":"closed","ping_status":"closed","sticky":false,"template":"","format":"standard","meta":{"site-sidebar-layout":"default","site-content-layout":"","ast-site-content-layout":"default","site-content-style":"default","site-sidebar-style":"default","ast-global-header-display":"","ast-banner-title-visibility":"","ast-main-header-display":"","ast-hfb-above-header-display":"","ast-hfb-below-header-display":"","ast-hfb-mobile-header-display":"","site-post-title":"","ast-breadcrumbs-content":"","ast-featured-img":"","footer-sml-layout":"","ast-disable-related-posts":"","theme-transparent-header-meta":"","adv-header-id-meta":"","stick-header-meta":"","header-above-stick-meta":"","header-main-stick-meta":"","header-below-stick-meta":"","astra-migrate-meta-layouts":"set","ast-page-background-enabled":"default","ast-page-background-meta":{"desktop":{"background-color":"var(--ast-global-color-4)","background-image":"","background-repeat":"repeat","background-position":"center center","background-size":"auto","background-attachment":"scroll","background-type":"","background-media":"","overlay-type":"","overlay-color":"","overlay-opacity":"","overlay-gradient":""},"tablet":{"background-color":"","background-image":"","background-repeat":"repeat","background-position":"center center","background-size":"auto","background-attachment":"scroll","background-type":"","background-media":"","overlay-type":"","overlay-color":"","overlay-opacity":"","overlay-gradient":""},"mobile":{"background-color":"","background-image":"","background-repeat":"repeat","background-position":"center center","background-size":"auto","background-attachment":"scroll","background-type":"","background-media":"","overlay-type":"","overlay-color":"","overlay-opacity":"","overlay-gradient":""}},"ast-content-background-meta":{"desktop":{"background-color":"var(--ast-global-color-5)","background-image":"","background-repeat":"repeat","background-position":"center center","background-size":"auto","background-attachment":"scroll","background-type":"","background-media":"","overlay-type":"","overlay-color":"","overlay-opacity":"","overlay-gradient":""},"tablet":{"background-color":"var(--ast-global-color-5)","background-image":"","background-repeat":"repeat","background-position":"center center","background-size":"auto","background-attachment":"scroll","background-type":"","background-media":"","overlay-type":"","overlay-color":"","overlay-opacity":"","overlay-gradient":""},"mobile":{"background-color":"var(--ast-global-color-5)","background-image":"","background-repeat":"repeat","background-position":"center center","background-size":"auto","background-attachment":"scroll","background-type":"","background-media":"","overlay-type":"","overlay-color":"","overlay-opacity":"","overlay-gradient":""}},"footnotes":""},"categories":[1],"tags":[],"class_list":["post-13184","post","type-post","status-publish","format-standard","has-post-thumbnail","hentry","category-noticias"],"_links":{"self":[{"href":"https:\/\/lacruz.cl\/a94a8fe5\/wp-json\/wp\/v2\/posts\/13184","targetHints":{"allow":["GET"]}}],"collection":[{"href":"https:\/\/lacruz.cl\/a94a8fe5\/wp-json\/wp\/v2\/posts"}],"about":[{"href":"https:\/\/lacruz.cl\/a94a8fe5\/wp-json\/wp\/v2\/types\/post"}],"author":[{"embeddable":true,"href":"https:\/\/lacruz.cl\/a94a8fe5\/wp-json\/wp\/v2\/users\/6"}],"replies":[{"embeddable":true,"href":"https:\/\/lacruz.cl\/a94a8fe5\/wp-json\/wp\/v2\/comments?post=13184"}],"version-history":[{"count":1,"href":"https:\/\/lacruz.cl\/a94a8fe5\/wp-json\/wp\/v2\/posts\/13184\/revisions"}],"predecessor-version":[{"id":13186,"href":"https:\/\/lacruz.cl\/a94a8fe5\/wp-json\/wp\/v2\/posts\/13184\/revisions\/13186"}],"wp:featuredmedia":[{"embeddable":true,"href":"https:\/\/lacruz.cl\/a94a8fe5\/wp-json\/wp\/v2\/media\/13185"}],"wp:attachment":[{"href":"https:\/\/lacruz.cl\/a94a8fe5\/wp-json\/wp\/v2\/media?parent=13184"}],"wp:term":[{"taxonomy":"category","embeddable":true,"href":"https:\/\/lacruz.cl\/a94a8fe5\/wp-json\/wp\/v2\/categories?post=13184"},{"taxonomy":"post_tag","embeddable":true,"href":"https:\/\/lacruz.cl\/a94a8fe5\/wp-json\/wp\/v2\/tags?post=13184"}],"curies":[{"name":"wp","href":"https:\/\/api.w.org\/{rel}","templated":true}]}}