{"id":13180,"date":"2025-06-11T17:05:26","date_gmt":"2025-06-11T21:05:26","guid":{"rendered":"https:\/\/lacruz.cl\/?p=13180"},"modified":"2025-06-11T17:05:52","modified_gmt":"2025-06-11T21:05:52","slug":"vacaciones-activas-y-seguras-municipalidad-de-la-cruz-impulsa-nueva-version-del-club-de-invierno","status":"publish","type":"post","link":"https:\/\/lacruz.cl\/a94a8fe5\/noticias\/vacaciones-activas-y-seguras-municipalidad-de-la-cruz-impulsa-nueva-version-del-club-de-invierno\/","title":{"rendered":"Vacaciones activas y seguras: Municipalidad de La Cruz impulsa nueva versi\u00f3n del Club de Invierno"},"content":{"rendered":"\n<p class=\"has-ast-global-color-8-color has-text-color has-link-color wp-elements-ab1e7dbdd8ea44e4294d856989421ded\"><strong>Una nueva versi\u00f3n de la esperada Escuela de Invierno se vivir\u00e1 este 2025 en La Cruz, brindando a ni\u00f1as y ni\u00f1os de la comuna una alternativa recreativa, educativa y segura durante las vacaciones escolares de invierno. La iniciativa, tambi\u00e9n conocida como Club de Invierno, se desarrollar\u00e1 desde el 23 de junio hasta el 4 de julio en el Colegio Mar\u00eda Alonso Chac\u00f3n.<\/strong><\/p>\n\n\n\n<p class=\"has-ast-global-color-8-color has-text-color has-link-color wp-elements-4e4a983f0047b05bae768097ad921787\"><strong>Con un total de 100 cupos disponibles, el programa est\u00e1 dirigido a estudiantes crucinos de entre 6 y 14 a\u00f1os. Las actividades se realizar\u00e1n entre las 09:00 y las 15:50 horas, contando con buses de acercamiento para facilitar el traslado de las y los participantes hasta el recinto.<\/strong><\/p>\n\n\n\n<p class=\"has-ast-global-color-8-color has-text-color has-link-color wp-elements-675a3afd08149af6df1f7dd890842714\"><strong>Roberto Bustamante, director del Departamento de Educaci\u00f3n de La Cruz, destac\u00f3 que, \u201csiguiendo con las orientaciones que nuestra alcaldesa nos ha dado a\u00f1o tras a\u00f1o, estas vacaciones de invierno, vamos a reeditar el club de invierno con alumnos de la comuna\u00a0y aquellos que tambi\u00e9n forman parte de otros establecimientos educacionales que no necesariamente son municipales.\u00a0As\u00ed que los invitamos a inscribirse y a participar activamente del conjunto de talleres que tenemos\u00a0preparados y planificados para estas vacaciones\u201d.<\/strong><\/p>\n\n\n\n<p class=\"has-ast-global-color-8-color has-text-color has-link-color wp-elements-0b09ee1dcd05e1288ad3db2976d7e682\"><strong>Este a\u00f1o, el Club de Invierno se llevar\u00e1 a cabo por iniciativa de la Municipalidad de La Cruz, con financiamiento del Departamento de Educaci\u00f3n Municipal. Adem\u00e1s, Junaeb estar\u00e1 a cargo de la alimentaci\u00f3n escolar, garantizando una dieta equilibrada para los asistentes.<\/strong><\/p>\n\n\n\n<p class=\"has-ast-global-color-8-color has-text-color has-link-color wp-elements-1f0afee1f8910a8aa2c338b1aacccc9b\"><strong>En su cuarta versi\u00f3n, el Club de Invierno se enmarca, junto con el Club de Verano que tambi\u00e9n se realiza en nuestra comuna, en la l\u00ednea de acci\u00f3n \u201cAct\u00edvate en Vacaciones\u201d, orientada a fomentar h\u00e1bitos de vida activa y saludable a trav\u00e9s de actividades recreativas, deportivas, culturales y de autocuidado. Uno de sus sellos caracter\u00edsticos ha sido la conformaci\u00f3n de tribus, lo que promueve el trabajo en equipo, la convivencia y el sentido de pertenencia entre los ni\u00f1os y ni\u00f1as.<\/strong><\/p>\n\n\n\n<p class=\"has-ast-global-color-8-color has-text-color has-link-color wp-elements-5e4b3a44b6549c34d870a58768c0dbb0\"><strong>Adem\u00e1s de ser una valiosa herramienta educativa y formativa, el Club de Invierno representa una alternativa concreta de apoyo a las familias que, por diversas razones, no pueden estar con sus hijos e hijas durante este periodo de receso escolar.<\/strong><\/p>\n\n\n\n<figure class=\"wp-block-image size-large\"><img loading=\"lazy\" decoding=\"async\" width=\"1024\" height=\"768\" src=\"https:\/\/lacruz.cl\/a94a8fe5\/wp-content\/uploads\/2025\/06\/20240705_154846-1024x768.jpg\" alt=\"\" class=\"wp-image-13181\" srcset=\"https:\/\/lacruz.cl\/a94a8fe5\/wp-content\/uploads\/2025\/06\/20240705_154846-1024x768.jpg 1024w, https:\/\/lacruz.cl\/a94a8fe5\/wp-content\/uploads\/2025\/06\/20240705_154846-300x225.jpg 300w, https:\/\/lacruz.cl\/a94a8fe5\/wp-content\/uploads\/2025\/06\/20240705_154846-768x576.jpg 768w, https:\/\/lacruz.cl\/a94a8fe5\/wp-content\/uploads\/2025\/06\/20240705_154846-1536x1152.jpg 1536w, https:\/\/lacruz.cl\/a94a8fe5\/wp-content\/uploads\/2025\/06\/20240705_154846-2048x1536.jpg 2048w\" sizes=\"auto, (max-width: 1024px) 100vw, 1024px\" \/><\/figure>\n","protected":false},"excerpt":{"rendered":"<p>Una nueva versi\u00f3n de la esperada Escuela de Invierno se vivir\u00e1 este 2025 en La Cruz, brindando a ni\u00f1as y ni\u00f1os de la comuna una alternativa recreativa, educativa y segura durante las vacaciones escolares de invierno. La iniciativa, tambi\u00e9n conocida como Club de Invierno, se desarrollar\u00e1 desde el 23 de junio hasta el 4 de [&hellip;]<\/p>\n","protected":false},"author":6,"featured_media":13181,"comment_status":"closed","ping_status":"closed","sticky":false,"template":"","format":"standard","meta":{"site-sidebar-layout":"default","site-content-layout":"","ast-site-content-layout":"default","site-content-style":"default","site-sidebar-style":"default","ast-global-header-display":"","ast-banner-title-visibility":"","ast-main-header-display":"","ast-hfb-above-header-display":"","ast-hfb-below-header-display":"","ast-hfb-mobile-header-display":"","site-post-title":"","ast-breadcrumbs-content":"","ast-featured-img":"","footer-sml-layout":"","ast-disable-related-posts":"","theme-transparent-header-meta":"","adv-header-id-meta":"","stick-header-meta":"","header-above-stick-meta":"","header-main-stick-meta":"","header-below-stick-meta":"","astra-migrate-meta-layouts":"set","ast-page-background-enabled":"default","ast-page-background-meta":{"desktop":{"background-color":"var(--ast-global-color-4)","background-image":"","background-repeat":"repeat","background-position":"center center","background-size":"auto","background-attachment":"scroll","background-type":"","background-media":"","overlay-type":"","overlay-color":"","overlay-opacity":"","overlay-gradient":""},"tablet":{"background-color":"","background-image":"","background-repeat":"repeat","background-position":"center center","background-size":"auto","background-attachment":"scroll","background-type":"","background-media":"","overlay-type":"","overlay-color":"","overlay-opacity":"","overlay-gradient":""},"mobile":{"background-color":"","background-image":"","background-repeat":"repeat","background-position":"center center","background-size":"auto","background-attachment":"scroll","background-type":"","background-media":"","overlay-type":"","overlay-color":"","overlay-opacity":"","overlay-gradient":""}},"ast-content-background-meta":{"desktop":{"background-color":"var(--ast-global-color-5)","background-image":"","background-repeat":"repeat","background-position":"center center","background-size":"auto","background-attachment":"scroll","background-type":"","background-media":"","overlay-type":"","overlay-color":"","overlay-opacity":"","overlay-gradient":""},"tablet":{"background-color":"var(--ast-global-color-5)","background-image":"","background-repeat":"repeat","background-position":"center center","background-size":"auto","background-attachment":"scroll","background-type":"","background-media":"","overlay-type":"","overlay-color":"","overlay-opacity":"","overlay-gradient":""},"mobile":{"background-color":"var(--ast-global-color-5)","background-image":"","background-repeat":"repeat","background-position":"center center","background-size":"auto","background-attachment":"scroll","background-type":"","background-media":"","overlay-type":"","overlay-color":"","overlay-opacity":"","overlay-gradient":""}},"footnotes":""},"categories":[1],"tags":[],"class_list":["post-13180","post","type-post","status-publish","format-standard","has-post-thumbnail","hentry","category-noticias"],"_links":{"self":[{"href":"https:\/\/lacruz.cl\/a94a8fe5\/wp-json\/wp\/v2\/posts\/13180","targetHints":{"allow":["GET"]}}],"collection":[{"href":"https:\/\/lacruz.cl\/a94a8fe5\/wp-json\/wp\/v2\/posts"}],"about":[{"href":"https:\/\/lacruz.cl\/a94a8fe5\/wp-json\/wp\/v2\/types\/post"}],"author":[{"embeddable":true,"href":"https:\/\/lacruz.cl\/a94a8fe5\/wp-json\/wp\/v2\/users\/6"}],"replies":[{"embeddable":true,"href":"https:\/\/lacruz.cl\/a94a8fe5\/wp-json\/wp\/v2\/comments?post=13180"}],"version-history":[{"count":1,"href":"https:\/\/lacruz.cl\/a94a8fe5\/wp-json\/wp\/v2\/posts\/13180\/revisions"}],"predecessor-version":[{"id":13182,"href":"https:\/\/lacruz.cl\/a94a8fe5\/wp-json\/wp\/v2\/posts\/13180\/revisions\/13182"}],"wp:featuredmedia":[{"embeddable":true,"href":"https:\/\/lacruz.cl\/a94a8fe5\/wp-json\/wp\/v2\/media\/13181"}],"wp:attachment":[{"href":"https:\/\/lacruz.cl\/a94a8fe5\/wp-json\/wp\/v2\/media?parent=13180"}],"wp:term":[{"taxonomy":"category","embeddable":true,"href":"https:\/\/lacruz.cl\/a94a8fe5\/wp-json\/wp\/v2\/categories?post=13180"},{"taxonomy":"post_tag","embeddable":true,"href":"https:\/\/lacruz.cl\/a94a8fe5\/wp-json\/wp\/v2\/tags?post=13180"}],"curies":[{"name":"wp","href":"https:\/\/api.w.org\/{rel}","templated":true}]}}