{"id":13175,"date":"2025-06-11T17:02:18","date_gmt":"2025-06-11T21:02:18","guid":{"rendered":"https:\/\/lacruz.cl\/?p=13175"},"modified":"2025-06-11T17:02:20","modified_gmt":"2025-06-11T21:02:20","slug":"personas-mayores-de-la-cruz-se-capacitaron-como-referentes-comunitarios-en-liderazgo-y-autonomia","status":"publish","type":"post","link":"https:\/\/lacruz.cl\/a94a8fe5\/noticias\/personas-mayores-de-la-cruz-se-capacitaron-como-referentes-comunitarios-en-liderazgo-y-autonomia\/","title":{"rendered":"Personas mayores de La Cruz se capacitaron como referentes comunitarios en liderazgo y autonom\u00eda"},"content":{"rendered":"\n<p class=\"has-ast-global-color-8-color has-text-color has-link-color wp-elements-0113176ef9fc63ff6b33e966e105d9df\"><strong>Los d\u00edas 9 y 10 de junio se realiz\u00f3 en La Cruz una nueva Jornada de Capacitaci\u00f3n del programa M\u00e1s Adultos Mayores Autovalentes, impulsada por el Departamento de Salud Municipal, el cual se encuentra en su tercer a\u00f1o de realizaci\u00f3n en la comuna. Esta instancia formativa reuni\u00f3 a personas mayores activas y comprometidas con sus comunidades, quienes fortalecieron sus conocimientos y habilidades para continuar aportando desde sus roles como referentes sociales en sus territorios.<\/strong><\/p>\n\n\n\n<p class=\"has-ast-global-color-8-color has-text-color has-link-color wp-elements-4e776eca3d905a8639345283d3be936c\"><strong>La actividad responde al compromiso de la alcaldesa Filomena Navia Hevia con las personas mayores de la comuna, generando espacios para su participaci\u00f3n activa, su bienestar y autonom\u00eda.<\/strong><\/p>\n\n\n\n<p class=\"has-ast-global-color-8-color has-text-color has-link-color wp-elements-96f436837a057cbfda6a3a242887f20b\"><strong>Ricardo Iglesias, kinesi\u00f3logo encargado del Programa M\u00e1s Adultos Mayores Autovalentes de La Cruz, destac\u00f3 que el trabajo busca identificar a personas que ya ejercen un rol protag\u00f3nico en sus barrios y acompa\u00f1arlas con formaci\u00f3n \u00fatil y actualizada:<\/strong><br><br><strong>\u201cNosotros hacemos talleres dirigidos a personas mayores de 60 a\u00f1os o m\u00e1s en diferentes sedes sociales. Una vez que llegamos a estos lugares, tratamos de identificar a las personas que son referentes en sus comunidades y capacitarlas en distintos aspectos. En esta oportunidad, trabajamos temas como tenencia responsable de mascotas, salud mental comunitaria, primeros auxilios y prevenci\u00f3n del c\u00e1ncer cervicouterino y de mama. La experiencia fue muy satisfactoria, capacitamos gente de siete sectores distintos\u201d.<\/strong><\/p>\n\n\n\n<p class=\"has-ast-global-color-8-color has-text-color has-link-color wp-elements-3aa189d343a63b63203cbe71a5895942\"><strong>Entre quienes participaron, hubo coincidencia en valorar la experiencia como un espacio enriquecedor para aprender y compartir. Jorge Retamal Fierro, vecino de la Villa Cien \u00c1guilas, expres\u00f3 que, \u201che participado en muchos talleres aqu\u00ed en La Cruz, y sirven mucho porque yo pertenezco a instituciones (organizaciones) y siempre transmito esto a la nueva juventud. Es instructivo y educativo para uno. Estoy muy conforme con todo lo que se est\u00e1 haciendo por las personas mayores. Agradezco al personal y a la Alcald\u00eda que ha hecho posible esto\u201d.<\/strong><\/p>\n\n\n\n<p class=\"has-ast-global-color-8-color has-text-color has-link-color wp-elements-c2123c1ac7772cf63088ffe9ec5f1817\"><strong>Por su parte, Silvia del Carmen Tapia Bello, vecina de la Villa Jamaica, resalt\u00f3 la importancia de compartir los aprendizajes adquiridos con su entorno, mencionando que, \u201chan sido talleres muy interesantes. Nuestra misi\u00f3n como referentes en salud es replicarlos en nuestras sedes. Son temas actuales que debemos conversar en nuestros espacios sociales y familiares. Estoy muy agradecida de las y los profesionales, especialmente de los kinesi\u00f3logos Ricardo y Nicol\u00e1s, que nos motivan a participar y escuchar esta informaci\u00f3n\u201d.<\/strong><\/p>\n\n\n\n<p class=\"has-black-color has-text-color has-link-color wp-elements-e6a2bc5aacbcdf1521d358d83d56e95a\"><strong>Con jornadas como esta, el programa M\u00e1s Adultos Mayores Autovalentes contin\u00faa promoviendo comunidades m\u00e1s inclusivas, donde las personas mayores no solo reciben cuidados, sino que tambi\u00e9n ejercen un rol activo, influyente y generador de cambio.<\/strong><\/p>\n\n\n\n<figure class=\"wp-block-image size-large\"><img loading=\"lazy\" decoding=\"async\" width=\"1024\" height=\"768\" src=\"https:\/\/lacruz.cl\/a94a8fe5\/wp-content\/uploads\/2025\/06\/WhatsApp-Image-2025-06-02-at-16.55.49-4-1024x768.jpeg\" alt=\"\" class=\"wp-image-13176\" srcset=\"https:\/\/lacruz.cl\/a94a8fe5\/wp-content\/uploads\/2025\/06\/WhatsApp-Image-2025-06-02-at-16.55.49-4-1024x768.jpeg 1024w, https:\/\/lacruz.cl\/a94a8fe5\/wp-content\/uploads\/2025\/06\/WhatsApp-Image-2025-06-02-at-16.55.49-4-300x225.jpeg 300w, https:\/\/lacruz.cl\/a94a8fe5\/wp-content\/uploads\/2025\/06\/WhatsApp-Image-2025-06-02-at-16.55.49-4-768x576.jpeg 768w, https:\/\/lacruz.cl\/a94a8fe5\/wp-content\/uploads\/2025\/06\/WhatsApp-Image-2025-06-02-at-16.55.49-4-1536x1152.jpeg 1536w, https:\/\/lacruz.cl\/a94a8fe5\/wp-content\/uploads\/2025\/06\/WhatsApp-Image-2025-06-02-at-16.55.49-4-2048x1536.jpeg 2048w\" sizes=\"auto, (max-width: 1024px) 100vw, 1024px\" \/><\/figure>\n","protected":false},"excerpt":{"rendered":"<p>Los d\u00edas 9 y 10 de junio se realiz\u00f3 en La Cruz una nueva Jornada de Capacitaci\u00f3n del programa M\u00e1s Adultos Mayores Autovalentes, impulsada por el Departamento de Salud Municipal, el cual se encuentra en su tercer a\u00f1o de realizaci\u00f3n en la comuna. Esta instancia formativa reuni\u00f3 a personas mayores activas y comprometidas con sus [&hellip;]<\/p>\n","protected":false},"author":6,"featured_media":13176,"comment_status":"closed","ping_status":"closed","sticky":false,"template":"","format":"standard","meta":{"site-sidebar-layout":"default","site-content-layout":"","ast-site-content-layout":"default","site-content-style":"default","site-sidebar-style":"default","ast-global-header-display":"","ast-banner-title-visibility":"","ast-main-header-display":"","ast-hfb-above-header-display":"","ast-hfb-below-header-display":"","ast-hfb-mobile-header-display":"","site-post-title":"","ast-breadcrumbs-content":"","ast-featured-img":"","footer-sml-layout":"","ast-disable-related-posts":"","theme-transparent-header-meta":"","adv-header-id-meta":"","stick-header-meta":"","header-above-stick-meta":"","header-main-stick-meta":"","header-below-stick-meta":"","astra-migrate-meta-layouts":"set","ast-page-background-enabled":"default","ast-page-background-meta":{"desktop":{"background-color":"var(--ast-global-color-4)","background-image":"","background-repeat":"repeat","background-position":"center center","background-size":"auto","background-attachment":"scroll","background-type":"","background-media":"","overlay-type":"","overlay-color":"","overlay-opacity":"","overlay-gradient":""},"tablet":{"background-color":"","background-image":"","background-repeat":"repeat","background-position":"center center","background-size":"auto","background-attachment":"scroll","background-type":"","background-media":"","overlay-type":"","overlay-color":"","overlay-opacity":"","overlay-gradient":""},"mobile":{"background-color":"","background-image":"","background-repeat":"repeat","background-position":"center center","background-size":"auto","background-attachment":"scroll","background-type":"","background-media":"","overlay-type":"","overlay-color":"","overlay-opacity":"","overlay-gradient":""}},"ast-content-background-meta":{"desktop":{"background-color":"var(--ast-global-color-5)","background-image":"","background-repeat":"repeat","background-position":"center center","background-size":"auto","background-attachment":"scroll","background-type":"","background-media":"","overlay-type":"","overlay-color":"","overlay-opacity":"","overlay-gradient":""},"tablet":{"background-color":"var(--ast-global-color-5)","background-image":"","background-repeat":"repeat","background-position":"center center","background-size":"auto","background-attachment":"scroll","background-type":"","background-media":"","overlay-type":"","overlay-color":"","overlay-opacity":"","overlay-gradient":""},"mobile":{"background-color":"var(--ast-global-color-5)","background-image":"","background-repeat":"repeat","background-position":"center center","background-size":"auto","background-attachment":"scroll","background-type":"","background-media":"","overlay-type":"","overlay-color":"","overlay-opacity":"","overlay-gradient":""}},"footnotes":""},"categories":[1],"tags":[],"class_list":["post-13175","post","type-post","status-publish","format-standard","has-post-thumbnail","hentry","category-noticias"],"_links":{"self":[{"href":"https:\/\/lacruz.cl\/a94a8fe5\/wp-json\/wp\/v2\/posts\/13175","targetHints":{"allow":["GET"]}}],"collection":[{"href":"https:\/\/lacruz.cl\/a94a8fe5\/wp-json\/wp\/v2\/posts"}],"about":[{"href":"https:\/\/lacruz.cl\/a94a8fe5\/wp-json\/wp\/v2\/types\/post"}],"author":[{"embeddable":true,"href":"https:\/\/lacruz.cl\/a94a8fe5\/wp-json\/wp\/v2\/users\/6"}],"replies":[{"embeddable":true,"href":"https:\/\/lacruz.cl\/a94a8fe5\/wp-json\/wp\/v2\/comments?post=13175"}],"version-history":[{"count":2,"href":"https:\/\/lacruz.cl\/a94a8fe5\/wp-json\/wp\/v2\/posts\/13175\/revisions"}],"predecessor-version":[{"id":13178,"href":"https:\/\/lacruz.cl\/a94a8fe5\/wp-json\/wp\/v2\/posts\/13175\/revisions\/13178"}],"wp:featuredmedia":[{"embeddable":true,"href":"https:\/\/lacruz.cl\/a94a8fe5\/wp-json\/wp\/v2\/media\/13176"}],"wp:attachment":[{"href":"https:\/\/lacruz.cl\/a94a8fe5\/wp-json\/wp\/v2\/media?parent=13175"}],"wp:term":[{"taxonomy":"category","embeddable":true,"href":"https:\/\/lacruz.cl\/a94a8fe5\/wp-json\/wp\/v2\/categories?post=13175"},{"taxonomy":"post_tag","embeddable":true,"href":"https:\/\/lacruz.cl\/a94a8fe5\/wp-json\/wp\/v2\/tags?post=13175"}],"curies":[{"name":"wp","href":"https:\/\/api.w.org\/{rel}","templated":true}]}}