{"id":13165,"date":"2025-06-11T16:51:12","date_gmt":"2025-06-11T20:51:12","guid":{"rendered":"https:\/\/lacruz.cl\/?p=13165"},"modified":"2025-06-11T16:52:58","modified_gmt":"2025-06-11T20:52:58","slug":"la-cruz-avanza-en-los-juegos-deportivos-escolares-2025-y-sera-sede-de-futsal-y-balonmano-en-etapa-provincial","status":"publish","type":"post","link":"https:\/\/lacruz.cl\/a94a8fe5\/noticias\/la-cruz-avanza-en-los-juegos-deportivos-escolares-2025-y-sera-sede-de-futsal-y-balonmano-en-etapa-provincial\/","title":{"rendered":"La Cruz avanza en los Juegos Deportivos Escolares 2025 y ser\u00e1 sede de Futsal y Balonmano en etapa provincial"},"content":{"rendered":"\n<p class=\"has-ast-global-color-8-color has-text-color has-link-color wp-elements-7727e4c60412df7457c62dd433c5c377\"><strong>Desde el pasado 6 de mayo, La Cruz vive los Juegos Deportivos Escolares 2024 en su etapa comunal, una competencia organizada por el Instituto Nacional de Deportes (IND) del Ministerio del Deporte, que busca promover la participaci\u00f3n deportiva y el desarrollo integral de los estudiantes.<\/strong><\/p>\n\n\n\n<p class=\"has-black-color has-text-color has-link-color wp-elements-bf8886a1f2fb5970a0afdfcdc1c15b5b\"><strong>Durante estas semanas, ni\u00f1as, ni\u00f1os y j\u00f3venes de diversos establecimientos educativos de la comuna han competido en distintas disciplinas, representando con entusiasmo y compromiso a sus escuelas. Esta fase comunal se extender\u00e1 hasta despu\u00e9s de las vacaciones de invierno, momento en que se dar\u00e1 paso a la etapa provincial, prevista para el segundo semestre del a\u00f1o.<\/strong><\/p>\n\n\n\n<p class=\"has-ast-global-color-8-color has-text-color has-link-color wp-elements-8faec63c9468551d6495b620e566098f\"><strong>La comuna de La Cruz, adem\u00e1s, ha sido seleccionada como sede provincial para dos importantes disciplinas: Futsal y Balonmano, cuyas competencias se llevar\u00e1n a cabo en el Gimnasio Fiscal, reafirmando el compromiso local con el deporte escolar en la comuna.<\/strong><\/p>\n\n\n\n<p class=\"has-ast-global-color-8-color has-text-color has-link-color wp-elements-470394c2b2f2a3937db611b59df5047d\"><strong>Los Juegos Deportivos Escolares no solo fomentan la vida saludable y la actividad f\u00edsica, sino que tambi\u00e9n son una instancia de integraci\u00f3n social, desarrollo de habilidades y formaci\u00f3n en valores como la cooperaci\u00f3n, la disciplina y el respeto. Las competencias incluyen deportes como f\u00fatbol, voleibol, baloncesto, atletismo, tenis de mesa y ajedrez, entre otros.<\/strong><\/p>\n\n\n\n<p class=\"has-ast-global-color-8-color has-text-color has-link-color wp-elements-369f728df6b52cf6e5b60f12a10de71f\"><strong>La organizaci\u00f3n de estos juegos contempla distintas etapas: desde una fase de clasificaci\u00f3n interna en cada establecimiento, hasta instancias comunales, provinciales y regionales, siendo una plataforma ideal para descubrir talentos deportivos y fortalecer el trabajo en equipo.<\/strong><\/p>\n\n\n\n<figure class=\"wp-block-image size-large\"><img loading=\"lazy\" decoding=\"async\" width=\"1024\" height=\"1024\" src=\"https:\/\/lacruz.cl\/a94a8fe5\/wp-content\/uploads\/2025\/06\/WhatsApp-Image-2025-06-02-at-16.55.49-2-1024x1024.jpeg\" alt=\"\" class=\"wp-image-13166\" srcset=\"https:\/\/lacruz.cl\/a94a8fe5\/wp-content\/uploads\/2025\/06\/WhatsApp-Image-2025-06-02-at-16.55.49-2-1024x1024.jpeg 1024w, https:\/\/lacruz.cl\/a94a8fe5\/wp-content\/uploads\/2025\/06\/WhatsApp-Image-2025-06-02-at-16.55.49-2-300x300.jpeg 300w, https:\/\/lacruz.cl\/a94a8fe5\/wp-content\/uploads\/2025\/06\/WhatsApp-Image-2025-06-02-at-16.55.49-2-150x150.jpeg 150w, https:\/\/lacruz.cl\/a94a8fe5\/wp-content\/uploads\/2025\/06\/WhatsApp-Image-2025-06-02-at-16.55.49-2-768x768.jpeg 768w, https:\/\/lacruz.cl\/a94a8fe5\/wp-content\/uploads\/2025\/06\/WhatsApp-Image-2025-06-02-at-16.55.49-2.jpeg 1242w\" sizes=\"auto, (max-width: 1024px) 100vw, 1024px\" \/><\/figure>\n","protected":false},"excerpt":{"rendered":"<p>Desde el pasado 6 de mayo, La Cruz vive los Juegos Deportivos Escolares 2024 en su etapa comunal, una competencia organizada por el Instituto Nacional de Deportes (IND) del Ministerio del Deporte, que busca promover la participaci\u00f3n deportiva y el desarrollo integral de los estudiantes. Durante estas semanas, ni\u00f1as, ni\u00f1os y j\u00f3venes de diversos establecimientos [&hellip;]<\/p>\n","protected":false},"author":6,"featured_media":13166,"comment_status":"closed","ping_status":"closed","sticky":false,"template":"","format":"standard","meta":{"site-sidebar-layout":"default","site-content-layout":"","ast-site-content-layout":"default","site-content-style":"default","site-sidebar-style":"default","ast-global-header-display":"","ast-banner-title-visibility":"","ast-main-header-display":"","ast-hfb-above-header-display":"","ast-hfb-below-header-display":"","ast-hfb-mobile-header-display":"","site-post-title":"","ast-breadcrumbs-content":"","ast-featured-img":"","footer-sml-layout":"","ast-disable-related-posts":"","theme-transparent-header-meta":"","adv-header-id-meta":"","stick-header-meta":"","header-above-stick-meta":"","header-main-stick-meta":"","header-below-stick-meta":"","astra-migrate-meta-layouts":"set","ast-page-background-enabled":"default","ast-page-background-meta":{"desktop":{"background-color":"var(--ast-global-color-4)","background-image":"","background-repeat":"repeat","background-position":"center center","background-size":"auto","background-attachment":"scroll","background-type":"","background-media":"","overlay-type":"","overlay-color":"","overlay-opacity":"","overlay-gradient":""},"tablet":{"background-color":"","background-image":"","background-repeat":"repeat","background-position":"center center","background-size":"auto","background-attachment":"scroll","background-type":"","background-media":"","overlay-type":"","overlay-color":"","overlay-opacity":"","overlay-gradient":""},"mobile":{"background-color":"","background-image":"","background-repeat":"repeat","background-position":"center center","background-size":"auto","background-attachment":"scroll","background-type":"","background-media":"","overlay-type":"","overlay-color":"","overlay-opacity":"","overlay-gradient":""}},"ast-content-background-meta":{"desktop":{"background-color":"var(--ast-global-color-5)","background-image":"","background-repeat":"repeat","background-position":"center center","background-size":"auto","background-attachment":"scroll","background-type":"","background-media":"","overlay-type":"","overlay-color":"","overlay-opacity":"","overlay-gradient":""},"tablet":{"background-color":"var(--ast-global-color-5)","background-image":"","background-repeat":"repeat","background-position":"center center","background-size":"auto","background-attachment":"scroll","background-type":"","background-media":"","overlay-type":"","overlay-color":"","overlay-opacity":"","overlay-gradient":""},"mobile":{"background-color":"var(--ast-global-color-5)","background-image":"","background-repeat":"repeat","background-position":"center center","background-size":"auto","background-attachment":"scroll","background-type":"","background-media":"","overlay-type":"","overlay-color":"","overlay-opacity":"","overlay-gradient":""}},"footnotes":""},"categories":[1],"tags":[],"class_list":["post-13165","post","type-post","status-publish","format-standard","has-post-thumbnail","hentry","category-noticias"],"_links":{"self":[{"href":"https:\/\/lacruz.cl\/a94a8fe5\/wp-json\/wp\/v2\/posts\/13165","targetHints":{"allow":["GET"]}}],"collection":[{"href":"https:\/\/lacruz.cl\/a94a8fe5\/wp-json\/wp\/v2\/posts"}],"about":[{"href":"https:\/\/lacruz.cl\/a94a8fe5\/wp-json\/wp\/v2\/types\/post"}],"author":[{"embeddable":true,"href":"https:\/\/lacruz.cl\/a94a8fe5\/wp-json\/wp\/v2\/users\/6"}],"replies":[{"embeddable":true,"href":"https:\/\/lacruz.cl\/a94a8fe5\/wp-json\/wp\/v2\/comments?post=13165"}],"version-history":[{"count":1,"href":"https:\/\/lacruz.cl\/a94a8fe5\/wp-json\/wp\/v2\/posts\/13165\/revisions"}],"predecessor-version":[{"id":13167,"href":"https:\/\/lacruz.cl\/a94a8fe5\/wp-json\/wp\/v2\/posts\/13165\/revisions\/13167"}],"wp:featuredmedia":[{"embeddable":true,"href":"https:\/\/lacruz.cl\/a94a8fe5\/wp-json\/wp\/v2\/media\/13166"}],"wp:attachment":[{"href":"https:\/\/lacruz.cl\/a94a8fe5\/wp-json\/wp\/v2\/media?parent=13165"}],"wp:term":[{"taxonomy":"category","embeddable":true,"href":"https:\/\/lacruz.cl\/a94a8fe5\/wp-json\/wp\/v2\/categories?post=13165"},{"taxonomy":"post_tag","embeddable":true,"href":"https:\/\/lacruz.cl\/a94a8fe5\/wp-json\/wp\/v2\/tags?post=13165"}],"curies":[{"name":"wp","href":"https:\/\/api.w.org\/{rel}","templated":true}]}}