{"id":13159,"date":"2025-06-11T16:43:10","date_gmt":"2025-06-11T20:43:10","guid":{"rendered":"https:\/\/lacruz.cl\/?p=13159"},"modified":"2025-06-11T16:44:10","modified_gmt":"2025-06-11T20:44:10","slug":"con-poda-y-recuperacion-de-la-avenida-ricardo-santa-cruz-debuto-la-nueva-cuadrilla-de-gestion-de-riesgos-y-desastres","status":"publish","type":"post","link":"https:\/\/lacruz.cl\/a94a8fe5\/noticias\/con-poda-y-recuperacion-de-la-avenida-ricardo-santa-cruz-debuto-la-nueva-cuadrilla-de-gestion-de-riesgos-y-desastres\/","title":{"rendered":"Con poda y recuperaci\u00f3n de la Avenida Ricardo Santa Cruz\u00a0debut\u00f3 la nueva cuadrilla de Gesti\u00f3n de Riesgos y Desastres"},"content":{"rendered":"\n<p class=\"has-ast-global-color-8-color has-text-color has-link-color wp-elements-4b1331803c56b1c1bfc2c82dda9512be\"><strong>Cinco nuevos funcionarios ya est\u00e1n trabajando en la mantenci\u00f3n de espacios p\u00fablicos y apoyar\u00e1n una respuesta m\u00e1s \u00e1gil del municipio ante diversas emergencias<\/strong><\/p>\n\n\n\n<p class=\"has-ast-global-color-8-color has-text-color has-link-color wp-elements-f2a8ec1c7175ab3dc1eca75588bb6378\"><strong>Con la incorporaci\u00f3n de cinco nuevos funcionarios, la Municipalidad de La Cruz se ha encargado de robustecer y agilizar el trabajo de la Oficina de Gesti\u00f3n de Riesgos y Desastres ante cualquier eventualidad que pueda ocurrir en la comuna.<\/strong><\/p>\n\n\n\n<p class=\"has-ast-global-color-8-color has-text-color has-link-color wp-elements-ac215e1ec66c520f3099e4801bdab410\"><strong>Luego de una presentaci\u00f3n de la administraci\u00f3n municipal y la alcaldesa Filomena Navia Hevia hace varias semanas, el Honorable Concejo Municipal aprob\u00f3 con cuatro votos a favor y uno en contra los recursos para la creaci\u00f3n de esta nueva cuadrilla de trabajo, seg\u00fan coment\u00f3 el administrador municipal \u00d3scar Calder\u00f3n.<\/strong><\/p>\n\n\n\n<p class=\"has-ast-global-color-8-color has-text-color has-link-color wp-elements-2ddaf0c27e1a78d3e2fc56accbcad250\"><strong>\u201cEste lunes partieron los trabajos de la nueva cuadrilla asignada a de Gesti\u00f3n de Riesgos y Desastres, por tanto, esta importante unidad de la Municipalidad de La Cruz, ya cuenta con un equipo asignado exclusivamente, para enfrentar las distintas campa\u00f1as que en el transcurso del a\u00f1o se debe realizar para evitar precisamente alg\u00fan tipo de riesgo o desastre que se puedan provocar por condiciones de la naturaleza u otras situaciones\u201d, se\u00f1al\u00f3 el administrador.<\/strong><\/p>\n\n\n\n<p class=\"has-ast-global-color-8-color has-text-color has-link-color wp-elements-063a4a0733d0eae0c11a562fad5b4054\"><strong>En la misma l\u00ednea, seg\u00fan coment\u00f3 la jefa de Gesti\u00f3n de Riesgos y Desastres Jessica Osorio, las labores de esta nueva cuadrilla comenzaron con la poda comunal que se lleva a cabo de manera preventiva y adem\u00e1s, la jornada del martes se realizaron trabajos de despeje en una vereda de calle Ricardo Santa Cruz, permitiendo la recuperaci\u00f3n de la acera en esta importante v\u00eda de la comuna.<\/strong><\/p>\n\n\n\n<p class=\"has-ast-global-color-8-color has-text-color has-link-color wp-elements-28eba5f8f3938a290cc8066d7bcc3c73\"><strong>Por otra parte, el administrador agreg\u00f3 que como municipio est\u00e1n muy conformes con este gran avance en materia de prevenci\u00f3n que comenz\u00f3 con la poda, agregando que al equipo le espera mucho trabajo para en los pr\u00f3ximos meses. \u201cEstamos partiendo con la poda comunal y por supuesto dentro de los desaf\u00edos para el a\u00f1o vendr\u00e1n el mantenimiento de los espacios p\u00fablicos, evitar la propagaci\u00f3n de incendios forestales, el mantenimiento de desag\u00fces y tambi\u00e9n la limpieza de canales entre otras cosas\u201d; expres\u00f3 el jefe de servicios.<\/strong><\/p>\n\n\n\n<figure class=\"wp-block-image size-large\"><img loading=\"lazy\" decoding=\"async\" width=\"1024\" height=\"768\" src=\"https:\/\/lacruz.cl\/a94a8fe5\/wp-content\/uploads\/2025\/06\/WhatsApp-Image-2025-06-02-at-17.14.12-3-1024x768.jpeg\" alt=\"\" class=\"wp-image-13161\" srcset=\"https:\/\/lacruz.cl\/a94a8fe5\/wp-content\/uploads\/2025\/06\/WhatsApp-Image-2025-06-02-at-17.14.12-3-1024x768.jpeg 1024w, https:\/\/lacruz.cl\/a94a8fe5\/wp-content\/uploads\/2025\/06\/WhatsApp-Image-2025-06-02-at-17.14.12-3-300x225.jpeg 300w, https:\/\/lacruz.cl\/a94a8fe5\/wp-content\/uploads\/2025\/06\/WhatsApp-Image-2025-06-02-at-17.14.12-3-768x576.jpeg 768w, https:\/\/lacruz.cl\/a94a8fe5\/wp-content\/uploads\/2025\/06\/WhatsApp-Image-2025-06-02-at-17.14.12-3.jpeg 1280w\" sizes=\"auto, (max-width: 1024px) 100vw, 1024px\" \/><\/figure>\n\n\n\n<figure class=\"wp-block-image size-large\"><img loading=\"lazy\" decoding=\"async\" width=\"1024\" height=\"768\" src=\"https:\/\/lacruz.cl\/a94a8fe5\/wp-content\/uploads\/2025\/06\/WhatsApp-Image-2025-06-02-at-16.55.49-1-1024x768.jpeg\" alt=\"\" class=\"wp-image-13160\" srcset=\"https:\/\/lacruz.cl\/a94a8fe5\/wp-content\/uploads\/2025\/06\/WhatsApp-Image-2025-06-02-at-16.55.49-1-1024x768.jpeg 1024w, https:\/\/lacruz.cl\/a94a8fe5\/wp-content\/uploads\/2025\/06\/WhatsApp-Image-2025-06-02-at-16.55.49-1-300x225.jpeg 300w, https:\/\/lacruz.cl\/a94a8fe5\/wp-content\/uploads\/2025\/06\/WhatsApp-Image-2025-06-02-at-16.55.49-1-768x576.jpeg 768w, https:\/\/lacruz.cl\/a94a8fe5\/wp-content\/uploads\/2025\/06\/WhatsApp-Image-2025-06-02-at-16.55.49-1-1536x1152.jpeg 1536w, https:\/\/lacruz.cl\/a94a8fe5\/wp-content\/uploads\/2025\/06\/WhatsApp-Image-2025-06-02-at-16.55.49-1.jpeg 1600w\" sizes=\"auto, (max-width: 1024px) 100vw, 1024px\" \/><\/figure>\n","protected":false},"excerpt":{"rendered":"<p>Cinco nuevos funcionarios ya est\u00e1n trabajando en la mantenci\u00f3n de espacios p\u00fablicos y apoyar\u00e1n una respuesta m\u00e1s \u00e1gil del municipio ante diversas emergencias Con la incorporaci\u00f3n de cinco nuevos funcionarios, la Municipalidad de La Cruz se ha encargado de robustecer y agilizar el trabajo de la Oficina de Gesti\u00f3n de Riesgos y Desastres ante cualquier [&hellip;]<\/p>\n","protected":false},"author":6,"featured_media":13161,"comment_status":"closed","ping_status":"closed","sticky":false,"template":"","format":"standard","meta":{"site-sidebar-layout":"default","site-content-layout":"","ast-site-content-layout":"default","site-content-style":"default","site-sidebar-style":"default","ast-global-header-display":"","ast-banner-title-visibility":"","ast-main-header-display":"","ast-hfb-above-header-display":"","ast-hfb-below-header-display":"","ast-hfb-mobile-header-display":"","site-post-title":"","ast-breadcrumbs-content":"","ast-featured-img":"","footer-sml-layout":"","ast-disable-related-posts":"","theme-transparent-header-meta":"","adv-header-id-meta":"","stick-header-meta":"","header-above-stick-meta":"","header-main-stick-meta":"","header-below-stick-meta":"","astra-migrate-meta-layouts":"set","ast-page-background-enabled":"default","ast-page-background-meta":{"desktop":{"background-color":"var(--ast-global-color-4)","background-image":"","background-repeat":"repeat","background-position":"center center","background-size":"auto","background-attachment":"scroll","background-type":"","background-media":"","overlay-type":"","overlay-color":"","overlay-opacity":"","overlay-gradient":""},"tablet":{"background-color":"","background-image":"","background-repeat":"repeat","background-position":"center center","background-size":"auto","background-attachment":"scroll","background-type":"","background-media":"","overlay-type":"","overlay-color":"","overlay-opacity":"","overlay-gradient":""},"mobile":{"background-color":"","background-image":"","background-repeat":"repeat","background-position":"center center","background-size":"auto","background-attachment":"scroll","background-type":"","background-media":"","overlay-type":"","overlay-color":"","overlay-opacity":"","overlay-gradient":""}},"ast-content-background-meta":{"desktop":{"background-color":"var(--ast-global-color-5)","background-image":"","background-repeat":"repeat","background-position":"center center","background-size":"auto","background-attachment":"scroll","background-type":"","background-media":"","overlay-type":"","overlay-color":"","overlay-opacity":"","overlay-gradient":""},"tablet":{"background-color":"var(--ast-global-color-5)","background-image":"","background-repeat":"repeat","background-position":"center center","background-size":"auto","background-attachment":"scroll","background-type":"","background-media":"","overlay-type":"","overlay-color":"","overlay-opacity":"","overlay-gradient":""},"mobile":{"background-color":"var(--ast-global-color-5)","background-image":"","background-repeat":"repeat","background-position":"center center","background-size":"auto","background-attachment":"scroll","background-type":"","background-media":"","overlay-type":"","overlay-color":"","overlay-opacity":"","overlay-gradient":""}},"footnotes":""},"categories":[1],"tags":[],"class_list":["post-13159","post","type-post","status-publish","format-standard","has-post-thumbnail","hentry","category-noticias"],"_links":{"self":[{"href":"https:\/\/lacruz.cl\/a94a8fe5\/wp-json\/wp\/v2\/posts\/13159","targetHints":{"allow":["GET"]}}],"collection":[{"href":"https:\/\/lacruz.cl\/a94a8fe5\/wp-json\/wp\/v2\/posts"}],"about":[{"href":"https:\/\/lacruz.cl\/a94a8fe5\/wp-json\/wp\/v2\/types\/post"}],"author":[{"embeddable":true,"href":"https:\/\/lacruz.cl\/a94a8fe5\/wp-json\/wp\/v2\/users\/6"}],"replies":[{"embeddable":true,"href":"https:\/\/lacruz.cl\/a94a8fe5\/wp-json\/wp\/v2\/comments?post=13159"}],"version-history":[{"count":1,"href":"https:\/\/lacruz.cl\/a94a8fe5\/wp-json\/wp\/v2\/posts\/13159\/revisions"}],"predecessor-version":[{"id":13162,"href":"https:\/\/lacruz.cl\/a94a8fe5\/wp-json\/wp\/v2\/posts\/13159\/revisions\/13162"}],"wp:featuredmedia":[{"embeddable":true,"href":"https:\/\/lacruz.cl\/a94a8fe5\/wp-json\/wp\/v2\/media\/13161"}],"wp:attachment":[{"href":"https:\/\/lacruz.cl\/a94a8fe5\/wp-json\/wp\/v2\/media?parent=13159"}],"wp:term":[{"taxonomy":"category","embeddable":true,"href":"https:\/\/lacruz.cl\/a94a8fe5\/wp-json\/wp\/v2\/categories?post=13159"},{"taxonomy":"post_tag","embeddable":true,"href":"https:\/\/lacruz.cl\/a94a8fe5\/wp-json\/wp\/v2\/tags?post=13159"}],"curies":[{"name":"wp","href":"https:\/\/api.w.org\/{rel}","templated":true}]}}