{"id":13154,"date":"2025-06-11T16:38:33","date_gmt":"2025-06-11T20:38:33","guid":{"rendered":"https:\/\/lacruz.cl\/?p=13154"},"modified":"2025-06-11T16:46:40","modified_gmt":"2025-06-11T20:46:40","slug":"mas-de-100-vecinas-y-vecinos-participaron-en-exitosa-lota-barrial-en-santa-rosa-los-floristas","status":"publish","type":"post","link":"https:\/\/lacruz.cl\/a94a8fe5\/noticias\/mas-de-100-vecinas-y-vecinos-participaron-en-exitosa-lota-barrial-en-santa-rosa-los-floristas\/","title":{"rendered":"M\u00e1s de 100 vecinas y vecinos participaron en exitosa Lota Barrial en Santa Rosa \u2013 Los Floristas"},"content":{"rendered":"\n<p class=\"has-ast-global-color-8-color has-text-color has-link-color wp-elements-8f32fcc009606826f88e5da847706c7c\"><strong>Con gran convocatoria y entusiasmo se desarroll\u00f3 este s\u00e1bado la Lota Barrial \u201cRa\u00edces en el Tiempo\u201d, organizada por el Programa \u201cQuiero Mi Barrio\u201d del MINVU, en el marco del cierre del Plan de Confianza Social en el barrio Santa Rosa \u2013 Los Floristas, en la comuna de La Cruz.<\/strong><\/p>\n\n\n\n<p class=\"has-ast-global-color-8-color has-text-color has-link-color wp-elements-21cf5f8edaff8e999c22b75a7065f377\"><strong>La jornada, realizada en el frontis de la sede vecinal Santa Rosa, reuni\u00f3 a m\u00e1s de 100 personas, quienes disfrutaron de una tarde cargada de historia, memoria y participaci\u00f3n comunitaria. La actividad incluy\u00f3 la presentaci\u00f3n de las agrupaciones locales \u201cEntre Tacos y Espuelas\u201d y \u201cLos de Chaparro\u201d y la exhibici\u00f3n del radioteatro comunitario elaborado por vecinos y vecinas mayores del barrio.\u00a0<\/strong><\/p>\n\n\n\n<p class=\"has-ast-global-color-8-color has-text-color has-link-color wp-elements-14961ebef5251c76d0f45df7386e60e7\"><strong>El Plan de Confianza Social es una intervenci\u00f3n que busca fortalecer la relaci\u00f3n entre el programa y la comunidad a trav\u00e9s del rescate de elementos identitarios, la promoci\u00f3n de la organizaci\u00f3n vecinal y la recuperaci\u00f3n de la memoria colectiva. Es por ello, que en el barrio de La Cruz se decidi\u00f3 llevar a cabo la lota, rememorando cuando esta se instalaba en el barrio y vincul\u00e1ndolo directamente con una pr\u00e1ctica que sigue vigente en las organizaciones sociales del sector.<\/strong><\/p>\n\n\n\n<p class=\"has-ast-global-color-8-color has-text-color has-link-color wp-elements-04bcaace2d229571fc6e15988b1b6301\"><strong>Durante la actividad, la Seremi de Vivienda y Urbanismo de la regi\u00f3n de Valpara\u00edso, Bel\u00e9n Paredes Canales, destac\u00f3 la importancia de este tipo de encuentros como herramientas para fortalecer la cohesi\u00f3n social y proyectar nuevos espacios de participaci\u00f3n desde la identidad barrial.<\/strong><\/p>\n\n\n\n<p class=\"has-ast-global-color-8-color has-text-color has-link-color wp-elements-b771415bc5e8fbf861c1a83287cdedf8\"><strong>\u201cLo pasamos s\u00faper bien, buenos premios, buena once y todo muy bonito. Muy buenos los talleres del radioteatro, ojal\u00e1 que se vuelva a repetir\u201d, agreg\u00f3 la vecina Rosa Maturana Cabrera, quien particip\u00f3 de la producci\u00f3n del radioteatro y recibi\u00f3 un reconocimiento en la lota barrial.<\/strong><\/p>\n\n\n\n<p class=\"has-ast-global-color-8-color has-text-color\"><strong>Cabe destacar que el programa \u201cQuiero Mi Barrio\u201d forma parte del esfuerzo de la gesti\u00f3n municipal liderada por la alcaldesa Filomena Navia, siendo esta la primera vez que se ejecuta este programa del MINVU en la comuna de La Cruz. Esta iniciativa representa una gran inversi\u00f3n p\u00fablica en el barrio Santa Rosa \u2013 Los Floristas, con foco en el mejoramiento del entorno urbano, la participaci\u00f3n social y la reactivaci\u00f3n de la vida comunitaria.<\/strong><\/p>\n\n\n\n<figure class=\"wp-block-image size-large\"><img loading=\"lazy\" decoding=\"async\" width=\"1024\" height=\"768\" src=\"https:\/\/lacruz.cl\/a94a8fe5\/wp-content\/uploads\/2025\/06\/WhatsApp-Image-2025-06-02-at-17.14.12-2-1024x768.jpeg\" alt=\"\" class=\"wp-image-13157\" srcset=\"https:\/\/lacruz.cl\/a94a8fe5\/wp-content\/uploads\/2025\/06\/WhatsApp-Image-2025-06-02-at-17.14.12-2-1024x768.jpeg 1024w, https:\/\/lacruz.cl\/a94a8fe5\/wp-content\/uploads\/2025\/06\/WhatsApp-Image-2025-06-02-at-17.14.12-2-300x225.jpeg 300w, https:\/\/lacruz.cl\/a94a8fe5\/wp-content\/uploads\/2025\/06\/WhatsApp-Image-2025-06-02-at-17.14.12-2-768x576.jpeg 768w, https:\/\/lacruz.cl\/a94a8fe5\/wp-content\/uploads\/2025\/06\/WhatsApp-Image-2025-06-02-at-17.14.12-2-1536x1152.jpeg 1536w, https:\/\/lacruz.cl\/a94a8fe5\/wp-content\/uploads\/2025\/06\/WhatsApp-Image-2025-06-02-at-17.14.12-2.jpeg 1600w\" sizes=\"auto, (max-width: 1024px) 100vw, 1024px\" \/><\/figure>\n\n\n\n<figure class=\"wp-block-image size-large\"><img loading=\"lazy\" decoding=\"async\" width=\"1024\" height=\"576\" src=\"https:\/\/lacruz.cl\/a94a8fe5\/wp-content\/uploads\/2025\/06\/WhatsApp-Image-2025-06-02-at-16.55.49-1024x576.jpeg\" alt=\"\" class=\"wp-image-13156\" srcset=\"https:\/\/lacruz.cl\/a94a8fe5\/wp-content\/uploads\/2025\/06\/WhatsApp-Image-2025-06-02-at-16.55.49-1024x576.jpeg 1024w, https:\/\/lacruz.cl\/a94a8fe5\/wp-content\/uploads\/2025\/06\/WhatsApp-Image-2025-06-02-at-16.55.49-300x169.jpeg 300w, https:\/\/lacruz.cl\/a94a8fe5\/wp-content\/uploads\/2025\/06\/WhatsApp-Image-2025-06-02-at-16.55.49-768x432.jpeg 768w, https:\/\/lacruz.cl\/a94a8fe5\/wp-content\/uploads\/2025\/06\/WhatsApp-Image-2025-06-02-at-16.55.49-1536x864.jpeg 1536w, https:\/\/lacruz.cl\/a94a8fe5\/wp-content\/uploads\/2025\/06\/WhatsApp-Image-2025-06-02-at-16.55.49.jpeg 1600w\" sizes=\"auto, (max-width: 1024px) 100vw, 1024px\" \/><\/figure>\n","protected":false},"excerpt":{"rendered":"<p>Con gran convocatoria y entusiasmo se desarroll\u00f3 este s\u00e1bado la Lota Barrial \u201cRa\u00edces en el Tiempo\u201d, organizada por el Programa \u201cQuiero Mi Barrio\u201d del MINVU, en el marco del cierre del Plan de Confianza Social en el barrio Santa Rosa \u2013 Los Floristas, en la comuna de La Cruz. La jornada, realizada en el frontis [&hellip;]<\/p>\n","protected":false},"author":6,"featured_media":13156,"comment_status":"closed","ping_status":"closed","sticky":false,"template":"","format":"standard","meta":{"site-sidebar-layout":"default","site-content-layout":"","ast-site-content-layout":"default","site-content-style":"default","site-sidebar-style":"default","ast-global-header-display":"","ast-banner-title-visibility":"","ast-main-header-display":"","ast-hfb-above-header-display":"","ast-hfb-below-header-display":"","ast-hfb-mobile-header-display":"","site-post-title":"","ast-breadcrumbs-content":"","ast-featured-img":"","footer-sml-layout":"","ast-disable-related-posts":"","theme-transparent-header-meta":"","adv-header-id-meta":"","stick-header-meta":"","header-above-stick-meta":"","header-main-stick-meta":"","header-below-stick-meta":"","astra-migrate-meta-layouts":"set","ast-page-background-enabled":"default","ast-page-background-meta":{"desktop":{"background-color":"var(--ast-global-color-4)","background-image":"","background-repeat":"repeat","background-position":"center center","background-size":"auto","background-attachment":"scroll","background-type":"","background-media":"","overlay-type":"","overlay-color":"","overlay-opacity":"","overlay-gradient":""},"tablet":{"background-color":"","background-image":"","background-repeat":"repeat","background-position":"center center","background-size":"auto","background-attachment":"scroll","background-type":"","background-media":"","overlay-type":"","overlay-color":"","overlay-opacity":"","overlay-gradient":""},"mobile":{"background-color":"","background-image":"","background-repeat":"repeat","background-position":"center center","background-size":"auto","background-attachment":"scroll","background-type":"","background-media":"","overlay-type":"","overlay-color":"","overlay-opacity":"","overlay-gradient":""}},"ast-content-background-meta":{"desktop":{"background-color":"var(--ast-global-color-5)","background-image":"","background-repeat":"repeat","background-position":"center center","background-size":"auto","background-attachment":"scroll","background-type":"","background-media":"","overlay-type":"","overlay-color":"","overlay-opacity":"","overlay-gradient":""},"tablet":{"background-color":"var(--ast-global-color-5)","background-image":"","background-repeat":"repeat","background-position":"center center","background-size":"auto","background-attachment":"scroll","background-type":"","background-media":"","overlay-type":"","overlay-color":"","overlay-opacity":"","overlay-gradient":""},"mobile":{"background-color":"var(--ast-global-color-5)","background-image":"","background-repeat":"repeat","background-position":"center center","background-size":"auto","background-attachment":"scroll","background-type":"","background-media":"","overlay-type":"","overlay-color":"","overlay-opacity":"","overlay-gradient":""}},"footnotes":""},"categories":[1],"tags":[],"class_list":["post-13154","post","type-post","status-publish","format-standard","has-post-thumbnail","hentry","category-noticias"],"_links":{"self":[{"href":"https:\/\/lacruz.cl\/a94a8fe5\/wp-json\/wp\/v2\/posts\/13154","targetHints":{"allow":["GET"]}}],"collection":[{"href":"https:\/\/lacruz.cl\/a94a8fe5\/wp-json\/wp\/v2\/posts"}],"about":[{"href":"https:\/\/lacruz.cl\/a94a8fe5\/wp-json\/wp\/v2\/types\/post"}],"author":[{"embeddable":true,"href":"https:\/\/lacruz.cl\/a94a8fe5\/wp-json\/wp\/v2\/users\/6"}],"replies":[{"embeddable":true,"href":"https:\/\/lacruz.cl\/a94a8fe5\/wp-json\/wp\/v2\/comments?post=13154"}],"version-history":[{"count":1,"href":"https:\/\/lacruz.cl\/a94a8fe5\/wp-json\/wp\/v2\/posts\/13154\/revisions"}],"predecessor-version":[{"id":13158,"href":"https:\/\/lacruz.cl\/a94a8fe5\/wp-json\/wp\/v2\/posts\/13154\/revisions\/13158"}],"wp:featuredmedia":[{"embeddable":true,"href":"https:\/\/lacruz.cl\/a94a8fe5\/wp-json\/wp\/v2\/media\/13156"}],"wp:attachment":[{"href":"https:\/\/lacruz.cl\/a94a8fe5\/wp-json\/wp\/v2\/media?parent=13154"}],"wp:term":[{"taxonomy":"category","embeddable":true,"href":"https:\/\/lacruz.cl\/a94a8fe5\/wp-json\/wp\/v2\/categories?post=13154"},{"taxonomy":"post_tag","embeddable":true,"href":"https:\/\/lacruz.cl\/a94a8fe5\/wp-json\/wp\/v2\/tags?post=13154"}],"curies":[{"name":"wp","href":"https:\/\/api.w.org\/{rel}","templated":true}]}}