{"id":13150,"date":"2025-06-11T16:33:37","date_gmt":"2025-06-11T20:33:37","guid":{"rendered":"https:\/\/lacruz.cl\/?p=13150"},"modified":"2025-06-11T16:34:20","modified_gmt":"2025-06-11T20:34:20","slug":"la-cruz-avanza-en-los-trabajos-de-mejoramiento-de-la-pileta-de-la-plaza-comunal","status":"publish","type":"post","link":"https:\/\/lacruz.cl\/a94a8fe5\/noticias\/la-cruz-avanza-en-los-trabajos-de-mejoramiento-de-la-pileta-de-la-plaza-comunal\/","title":{"rendered":"La Cruz avanza en los trabajos de mejoramiento de la pileta de la Plaza Comunal"},"content":{"rendered":"\n<p class=\"has-ast-global-color-8-color has-text-color has-link-color wp-elements-73b03d4984e52f87d5cdd6acf445a297\"><strong>El pasado viernes 30 de mayo comenzaron los trabajos de mejoramiento de la pileta de agua de la Plaza Comunal de La Cruz, con el compromiso que la alcaldesa Filomena Navia Hevia hab\u00eda adquirido, de devolverle su esplendor y convertirla nuevamente en un atractivo visual y recreativo para quienes visitan este tradicional espacio p\u00fablico.<\/strong><\/p>\n\n\n\n<p class=\"has-ast-global-color-8-color has-text-color has-link-color wp-elements-aa1a0bb4efff2cee84fbbf7f77115eac\"><strong>Karina Olivares, jefa de Proyectos de la SECPLAN de La Cruz, respecto a las labores de mejoramiento, coment\u00f3 que, \u201ccomenzamos las obras de mejoramiento de la pileta de nuestra Plaza Comunal,\u00a0obra que est\u00e1 financiada con recursos de la Subdere a trav\u00e9s de su programa de mejoramiento urbano,\u00a0l\u00ednea tradicional.\u00a0La empresa constructora Nuevo Sol se adjudica a la propuesta p\u00fablica con un monto de $17.281.977 con un plazo de ejecuci\u00f3n de 60 d\u00edas corridos\u201d.<\/strong><\/p>\n\n\n\n<p class=\"has-ast-global-color-8-color has-text-color has-link-color wp-elements-925de4dd76af4c293aeb8c96d96fef5b\"><strong>Las obras incluyen la instalaci\u00f3n de un nuevo sistema de aguas y desag\u00fce, la construcci\u00f3n de una c\u00e1mara de bombas, la incorporaci\u00f3n de chorros de agua tipo nieve y un moderno sistema de iluminaci\u00f3n LED sumergible, pensado para realzar su belleza durante el d\u00eda y la noche.<\/strong><\/p>\n\n\n\n<p class=\"has-ast-global-color-8-color has-text-color has-link-color wp-elements-0a5b0076bde0a259ee5695e1ee73bd33\"><strong>\u201cA trav\u00e9s de esta intervenci\u00f3n buscamos recuperar un espacio hist\u00f3rico de nuestra Plaza Comunal,\u00a0como as\u00ed tambi\u00e9n darle vida a un punto de encuentro para los vecinos y vecinas de la Comuna de la Cruz\u201d, finaliz\u00f3 la jefa de proyectos.<\/strong><\/p>\n\n\n\n<p class=\"has-ast-global-color-8-color has-text-color has-link-color wp-elements-d6dd34df7ba05ad6c19f622a03a34036\"><strong>Esta iniciativa se enmarc\u00f3 en el compromiso del municipio de La Cruz por revitalizar los espacios p\u00fablicos de la comuna y fortalecer su valor como puntos de encuentro para la comunidad crucina.<\/strong><\/p>\n\n\n\n<figure class=\"wp-block-image size-large\"><img loading=\"lazy\" decoding=\"async\" width=\"1024\" height=\"768\" src=\"https:\/\/lacruz.cl\/a94a8fe5\/wp-content\/uploads\/2025\/06\/WhatsApp-Image-2025-06-02-at-17.14.12-1-1024x768.jpeg\" alt=\"\" class=\"wp-image-13151\" srcset=\"https:\/\/lacruz.cl\/a94a8fe5\/wp-content\/uploads\/2025\/06\/WhatsApp-Image-2025-06-02-at-17.14.12-1-1024x768.jpeg 1024w, https:\/\/lacruz.cl\/a94a8fe5\/wp-content\/uploads\/2025\/06\/WhatsApp-Image-2025-06-02-at-17.14.12-1-300x225.jpeg 300w, https:\/\/lacruz.cl\/a94a8fe5\/wp-content\/uploads\/2025\/06\/WhatsApp-Image-2025-06-02-at-17.14.12-1-768x576.jpeg 768w, https:\/\/lacruz.cl\/a94a8fe5\/wp-content\/uploads\/2025\/06\/WhatsApp-Image-2025-06-02-at-17.14.12-1-1536x1152.jpeg 1536w, https:\/\/lacruz.cl\/a94a8fe5\/wp-content\/uploads\/2025\/06\/WhatsApp-Image-2025-06-02-at-17.14.12-1-2048x1536.jpeg 2048w\" sizes=\"auto, (max-width: 1024px) 100vw, 1024px\" \/><\/figure>\n","protected":false},"excerpt":{"rendered":"<p>El pasado viernes 30 de mayo comenzaron los trabajos de mejoramiento de la pileta de agua de la Plaza Comunal de La Cruz, con el compromiso que la alcaldesa Filomena Navia Hevia hab\u00eda adquirido, de devolverle su esplendor y convertirla nuevamente en un atractivo visual y recreativo para quienes visitan este tradicional espacio p\u00fablico. Karina [&hellip;]<\/p>\n","protected":false},"author":6,"featured_media":13151,"comment_status":"closed","ping_status":"closed","sticky":false,"template":"","format":"standard","meta":{"site-sidebar-layout":"default","site-content-layout":"","ast-site-content-layout":"default","site-content-style":"default","site-sidebar-style":"default","ast-global-header-display":"","ast-banner-title-visibility":"","ast-main-header-display":"","ast-hfb-above-header-display":"","ast-hfb-below-header-display":"","ast-hfb-mobile-header-display":"","site-post-title":"","ast-breadcrumbs-content":"","ast-featured-img":"","footer-sml-layout":"","ast-disable-related-posts":"","theme-transparent-header-meta":"","adv-header-id-meta":"","stick-header-meta":"","header-above-stick-meta":"","header-main-stick-meta":"","header-below-stick-meta":"","astra-migrate-meta-layouts":"set","ast-page-background-enabled":"default","ast-page-background-meta":{"desktop":{"background-color":"var(--ast-global-color-4)","background-image":"","background-repeat":"repeat","background-position":"center center","background-size":"auto","background-attachment":"scroll","background-type":"","background-media":"","overlay-type":"","overlay-color":"","overlay-opacity":"","overlay-gradient":""},"tablet":{"background-color":"","background-image":"","background-repeat":"repeat","background-position":"center center","background-size":"auto","background-attachment":"scroll","background-type":"","background-media":"","overlay-type":"","overlay-color":"","overlay-opacity":"","overlay-gradient":""},"mobile":{"background-color":"","background-image":"","background-repeat":"repeat","background-position":"center center","background-size":"auto","background-attachment":"scroll","background-type":"","background-media":"","overlay-type":"","overlay-color":"","overlay-opacity":"","overlay-gradient":""}},"ast-content-background-meta":{"desktop":{"background-color":"var(--ast-global-color-5)","background-image":"","background-repeat":"repeat","background-position":"center center","background-size":"auto","background-attachment":"scroll","background-type":"","background-media":"","overlay-type":"","overlay-color":"","overlay-opacity":"","overlay-gradient":""},"tablet":{"background-color":"var(--ast-global-color-5)","background-image":"","background-repeat":"repeat","background-position":"center center","background-size":"auto","background-attachment":"scroll","background-type":"","background-media":"","overlay-type":"","overlay-color":"","overlay-opacity":"","overlay-gradient":""},"mobile":{"background-color":"var(--ast-global-color-5)","background-image":"","background-repeat":"repeat","background-position":"center center","background-size":"auto","background-attachment":"scroll","background-type":"","background-media":"","overlay-type":"","overlay-color":"","overlay-opacity":"","overlay-gradient":""}},"footnotes":""},"categories":[1],"tags":[],"class_list":["post-13150","post","type-post","status-publish","format-standard","has-post-thumbnail","hentry","category-noticias"],"_links":{"self":[{"href":"https:\/\/lacruz.cl\/a94a8fe5\/wp-json\/wp\/v2\/posts\/13150","targetHints":{"allow":["GET"]}}],"collection":[{"href":"https:\/\/lacruz.cl\/a94a8fe5\/wp-json\/wp\/v2\/posts"}],"about":[{"href":"https:\/\/lacruz.cl\/a94a8fe5\/wp-json\/wp\/v2\/types\/post"}],"author":[{"embeddable":true,"href":"https:\/\/lacruz.cl\/a94a8fe5\/wp-json\/wp\/v2\/users\/6"}],"replies":[{"embeddable":true,"href":"https:\/\/lacruz.cl\/a94a8fe5\/wp-json\/wp\/v2\/comments?post=13150"}],"version-history":[{"count":2,"href":"https:\/\/lacruz.cl\/a94a8fe5\/wp-json\/wp\/v2\/posts\/13150\/revisions"}],"predecessor-version":[{"id":13153,"href":"https:\/\/lacruz.cl\/a94a8fe5\/wp-json\/wp\/v2\/posts\/13150\/revisions\/13153"}],"wp:featuredmedia":[{"embeddable":true,"href":"https:\/\/lacruz.cl\/a94a8fe5\/wp-json\/wp\/v2\/media\/13151"}],"wp:attachment":[{"href":"https:\/\/lacruz.cl\/a94a8fe5\/wp-json\/wp\/v2\/media?parent=13150"}],"wp:term":[{"taxonomy":"category","embeddable":true,"href":"https:\/\/lacruz.cl\/a94a8fe5\/wp-json\/wp\/v2\/categories?post=13150"},{"taxonomy":"post_tag","embeddable":true,"href":"https:\/\/lacruz.cl\/a94a8fe5\/wp-json\/wp\/v2\/tags?post=13150"}],"curies":[{"name":"wp","href":"https:\/\/api.w.org\/{rel}","templated":true}]}}