{"id":12362,"date":"2025-03-05T16:54:56","date_gmt":"2025-03-05T19:54:56","guid":{"rendered":"https:\/\/lacruz.cl\/?p=12362"},"modified":"2025-03-05T17:42:08","modified_gmt":"2025-03-05T20:42:08","slug":"la-cruz-autoridades-regionales-inauguran-el-ano-escolar-2025-en-el-colegio-de-lo-rojas","status":"publish","type":"post","link":"https:\/\/lacruz.cl\/a94a8fe5\/noticias\/la-cruz-autoridades-regionales-inauguran-el-ano-escolar-2025-en-el-colegio-de-lo-rojas\/","title":{"rendered":"La Cruz: Autoridades regionales inauguran el a\u00f1o escolar 2025 en el Colegio de Lo Rojas"},"content":{"rendered":"\n<p class=\"has-text-align-left has-ast-global-color-8-color has-text-color has-link-color has-small-font-size wp-elements-91122798b234713304ddb0fbd90ee640\">En un evento hist\u00f3rico para la comuna de La Cruz, la alcaldesa Filomena Navia Hevia,<br>junto a destacadas autoridades regionales y del Ministerio de Educaci\u00f3n, participaron en la<br>inauguraci\u00f3n del a\u00f1o escolar 2025. La ceremonia se llev\u00f3 a cabo en la Escuela B\u00e1sica de<br>Lo Rojas, un establecimiento municipal rural que acoge a estudiantes desde prek\u00ednder hasta octavo b\u00e1sico.<br>El acto marc\u00f3 el regreso de los equipos directivos, docentes y asistentes de la educaci\u00f3n,<br>adem\u00e1s del retorno de los estudiantes a las aulas. Entre los presentes destacaron el Seremi<br>de Educaci\u00f3n, Juan Pablo \u00c1lvarez; la Seremi de Gobierno, Mar\u00eda Fernanda Moraga, la<br>coordinadora nacional de la Unidad de Curr\u00edculum y Evaluaci\u00f3n, Viviana Castillo; el<br>Delegado Presidencial Provincial, Jos\u00e9 Orrego, y representantes de diversas entidades<br>educativas de la regi\u00f3n de Valpara\u00edso.<br>Durante la ceremonia, se realiz\u00f3 la entrega oficial de \u00fatiles escolares, textos<br>complementarios y uniformes a estudiantes representantes de los cinco colegios<br>municipales de la comuna. Asimismo, las autoridades realizaron un recorrido por las<br>instalaciones del establecimiento, que recientemente culmin\u00f3 un importante proyecto de<br>mejora en su infraestructura, con una inversi\u00f3n superior a los $400 millones de pesos<br>financiados por el Ministerio de Educaci\u00f3n.<br>La alcaldesa Filomena Navia Hevia destac\u00f3 la importancia de la educaci\u00f3n como un<br>espacio de aprendizaje, integraci\u00f3n y bienestar para los ni\u00f1os y ni\u00f1as de la comuna.<br>\u00abEsperamos que este a\u00f1o escolar sea un proceso en donde la educaci\u00f3n no solo sea<br>aprendizaje, sino tambi\u00e9n un espacio para disfrutar, establecer v\u00ednculos y contar con un<br>entorno seguro y equipado para nuestros estudiantes\u00bb, se\u00f1al\u00f3. Adem\u00e1s, agradeci\u00f3 el apoyo<br>del Ministerio de Educaci\u00f3n en la mejora de la infraestructura y la entrega de materiales<br>educativos, as\u00ed como la implementaci\u00f3n de buses escolares gratuitos para los estudiantes de la comuna.<br>Por su parte, el Seremi de Educaci\u00f3n, Juan Pablo \u00c1lvarez, enfatiz\u00f3 la relevancia de este<br>hito educativo y destac\u00f3 los ejes fundamentales para este nuevo per\u00edodo escolar. \u00abEste 2025<br>nos enfocamos en el fortalecimiento de la educaci\u00f3n p\u00fablica, con mejoras en infraestructura y la implementaci\u00f3n de nuevos servicios locales de educaci\u00f3n. Adem\u00e1s, seguimos impulsando la reactivaci\u00f3n educativa tras los desaf\u00edos de la pandemia, promoviendo la<br>asistencia, la convivencia escolar y el bienestar de los estudiantes\u00bb, declar\u00f3.<br>En la misma l\u00ednea, la coordinadora nacional de la Unidad de Curr\u00edculum y Evaluaci\u00f3n,<br>Viviana Castillo, subray\u00f3 la importancia de la asistencia a clases para consolidar el proceso<br>de aprendizaje. \u00abEl llamado central de este inicio de a\u00f1o escolar 2025 es a asistir y asistir<br>permanentemente. La escuela es un espacio irreemplazable para el desarrollo de habilidades y conocimientos, as\u00ed como para la socializaci\u00f3n y el crecimiento integral de los<br>estudiantes\u00bb, expres\u00f3.<\/p>\n\n\n\n<p class=\"has-text-align-left has-ast-global-color-8-color has-text-color has-link-color has-small-font-size wp-elements-e09c947bf7f6ba4c388a46cdbd6ed4d2\">Mientras que La Vocera de Gobierno, Mar\u00eda Fernanda Moraga expres\u00f3 \u201cVamos a poner<br>todo nuestro desempe\u00f1o en lograr que los estudiantes logren un aprendizaje que sea integral en cada una de las salas de clases, que no haya estudiantes ni de primera ni de segunda categor\u00eda, que tanto los estudiantes de la zona urbana como la zona rural tengan los mismos accesos y las mismas oportunidades en un sistema educativo que queremos seguir fortaleciendo porque es el presente y el futuro de nuestro pa\u00eds\u201d.<\/p>\n\n\n\n<figure class=\"wp-block-image size-large\"><img loading=\"lazy\" decoding=\"async\" width=\"1024\" height=\"768\" src=\"https:\/\/lacruz.cl\/a94a8fe5\/wp-content\/uploads\/2025\/03\/1-1024x768.jpg\" alt=\"\" class=\"wp-image-12368\" srcset=\"https:\/\/lacruz.cl\/a94a8fe5\/wp-content\/uploads\/2025\/03\/1-1024x768.jpg 1024w, https:\/\/lacruz.cl\/a94a8fe5\/wp-content\/uploads\/2025\/03\/1-300x225.jpg 300w, https:\/\/lacruz.cl\/a94a8fe5\/wp-content\/uploads\/2025\/03\/1-768x576.jpg 768w, https:\/\/lacruz.cl\/a94a8fe5\/wp-content\/uploads\/2025\/03\/1-1536x1152.jpg 1536w, https:\/\/lacruz.cl\/a94a8fe5\/wp-content\/uploads\/2025\/03\/1-2048x1536.jpg 2048w\" sizes=\"auto, (max-width: 1024px) 100vw, 1024px\" \/><\/figure>\n\n\n\n<figure class=\"wp-block-image size-large is-resized\"><img decoding=\"async\" src=\"https:\/\/i.ibb.co\/TM9Rzd3W\/colegio2.jpg\" alt=\"\" style=\"width:897px;height:auto\"\/><\/figure>\n\n\n\n<figure class=\"wp-block-image size-large is-resized\"><img decoding=\"async\" src=\"https:\/\/i.ibb.co\/TM9Rzd3W\/colegio2.jpg\" alt=\"\" style=\"width:897px;height:auto\"\/><\/figure>\n","protected":false},"excerpt":{"rendered":"<p>En un evento hist\u00f3rico para la comuna de La Cruz, la alcaldesa Filomena Navia Hevia,junto a destacadas autoridades regionales y del Ministerio de Educaci\u00f3n, participaron en lainauguraci\u00f3n del a\u00f1o escolar 2025. La ceremonia se llev\u00f3 a cabo en la Escuela B\u00e1sica deLo Rojas, un establecimiento municipal rural que acoge a estudiantes desde prek\u00ednder hasta octavo [&hellip;]<\/p>\n","protected":false},"author":6,"featured_media":12368,"comment_status":"closed","ping_status":"closed","sticky":false,"template":"","format":"standard","meta":{"site-sidebar-layout":"default","site-content-layout":"","ast-site-content-layout":"default","site-content-style":"default","site-sidebar-style":"default","ast-global-header-display":"","ast-banner-title-visibility":"","ast-main-header-display":"","ast-hfb-above-header-display":"","ast-hfb-below-header-display":"","ast-hfb-mobile-header-display":"","site-post-title":"","ast-breadcrumbs-content":"","ast-featured-img":"","footer-sml-layout":"","ast-disable-related-posts":"","theme-transparent-header-meta":"","adv-header-id-meta":"","stick-header-meta":"","header-above-stick-meta":"","header-main-stick-meta":"","header-below-stick-meta":"","astra-migrate-meta-layouts":"set","ast-page-background-enabled":"default","ast-page-background-meta":{"desktop":{"background-color":"var(--ast-global-color-4)","background-image":"","background-repeat":"repeat","background-position":"center center","background-size":"auto","background-attachment":"scroll","background-type":"","background-media":"","overlay-type":"","overlay-color":"","overlay-opacity":"","overlay-gradient":""},"tablet":{"background-color":"","background-image":"","background-repeat":"repeat","background-position":"center center","background-size":"auto","background-attachment":"scroll","background-type":"","background-media":"","overlay-type":"","overlay-color":"","overlay-opacity":"","overlay-gradient":""},"mobile":{"background-color":"","background-image":"","background-repeat":"repeat","background-position":"center center","background-size":"auto","background-attachment":"scroll","background-type":"","background-media":"","overlay-type":"","overlay-color":"","overlay-opacity":"","overlay-gradient":""}},"ast-content-background-meta":{"desktop":{"background-color":"var(--ast-global-color-5)","background-image":"","background-repeat":"repeat","background-position":"center center","background-size":"auto","background-attachment":"scroll","background-type":"","background-media":"","overlay-type":"","overlay-color":"","overlay-opacity":"","overlay-gradient":""},"tablet":{"background-color":"var(--ast-global-color-5)","background-image":"","background-repeat":"repeat","background-position":"center center","background-size":"auto","background-attachment":"scroll","background-type":"","background-media":"","overlay-type":"","overlay-color":"","overlay-opacity":"","overlay-gradient":""},"mobile":{"background-color":"var(--ast-global-color-5)","background-image":"","background-repeat":"repeat","background-position":"center center","background-size":"auto","background-attachment":"scroll","background-type":"","background-media":"","overlay-type":"","overlay-color":"","overlay-opacity":"","overlay-gradient":""}},"footnotes":""},"categories":[1],"tags":[],"class_list":["post-12362","post","type-post","status-publish","format-standard","has-post-thumbnail","hentry","category-noticias"],"_links":{"self":[{"href":"https:\/\/lacruz.cl\/a94a8fe5\/wp-json\/wp\/v2\/posts\/12362","targetHints":{"allow":["GET"]}}],"collection":[{"href":"https:\/\/lacruz.cl\/a94a8fe5\/wp-json\/wp\/v2\/posts"}],"about":[{"href":"https:\/\/lacruz.cl\/a94a8fe5\/wp-json\/wp\/v2\/types\/post"}],"author":[{"embeddable":true,"href":"https:\/\/lacruz.cl\/a94a8fe5\/wp-json\/wp\/v2\/users\/6"}],"replies":[{"embeddable":true,"href":"https:\/\/lacruz.cl\/a94a8fe5\/wp-json\/wp\/v2\/comments?post=12362"}],"version-history":[{"count":6,"href":"https:\/\/lacruz.cl\/a94a8fe5\/wp-json\/wp\/v2\/posts\/12362\/revisions"}],"predecessor-version":[{"id":12375,"href":"https:\/\/lacruz.cl\/a94a8fe5\/wp-json\/wp\/v2\/posts\/12362\/revisions\/12375"}],"wp:featuredmedia":[{"embeddable":true,"href":"https:\/\/lacruz.cl\/a94a8fe5\/wp-json\/wp\/v2\/media\/12368"}],"wp:attachment":[{"href":"https:\/\/lacruz.cl\/a94a8fe5\/wp-json\/wp\/v2\/media?parent=12362"}],"wp:term":[{"taxonomy":"category","embeddable":true,"href":"https:\/\/lacruz.cl\/a94a8fe5\/wp-json\/wp\/v2\/categories?post=12362"},{"taxonomy":"post_tag","embeddable":true,"href":"https:\/\/lacruz.cl\/a94a8fe5\/wp-json\/wp\/v2\/tags?post=12362"}],"curies":[{"name":"wp","href":"https:\/\/api.w.org\/{rel}","templated":true}]}}