{"id":11958,"date":"2024-11-22T10:27:38","date_gmt":"2024-11-22T13:27:38","guid":{"rendered":"https:\/\/lacruz.cl\/?p=11958"},"modified":"2024-11-22T10:29:24","modified_gmt":"2024-11-22T13:29:24","slug":"postulacion-feria-navidena-la-cruz-2024","status":"publish","type":"post","link":"https:\/\/lacruz.cl\/a94a8fe5\/noticias\/postulacion-feria-navidena-la-cruz-2024\/","title":{"rendered":"Postulaci\u00f3n Feria Navide\u00f1a La Cruz 2024"},"content":{"rendered":"\n<p>Si eres emprendedor o emprendedora, te comentamos que ya est\u00e1n abiertas las&nbsp;postulaciones a la Feria Navide\u00f1a 2024.<\/p>\n\n\n\n<p>Te invitamos a conocer bases de postulaci\u00f3n y completar el formulario para ser parte de esta tradicional actividad navide\u00f1a&nbsp;\u00a1Puedes postular hasta el&nbsp;s\u00e1bado&nbsp;&nbsp;30 de&nbsp;noviembre!<\/p>\n\n\n\n<p>Las postulaciones podr\u00e1n realizarse de manera virtual as\u00ed como tambi\u00e9n de manera presencial&nbsp;&nbsp; en la Oficina de Fomento Productivo&nbsp;y Turismo&nbsp;de nuestro municipio ubicado en avenida&nbsp;21 de Mayo 5470, La Cruz.<\/p>\n\n\n\n<p>\u00a1Ven y participa en esta imperdible instancia que te trae la&nbsp;I.&nbsp;Municipalidad de&nbsp;de La Cruz&nbsp;para celebrar la Navidad!<\/p>\n\n\n\n<p>Postula a trav\u00e9s del enlace <strong><a href=\"https:\/\/forms.gle\/NvRnDvtoHms2d4NY9\">-&gt;LINK POSTULACI\u00d3N&lt;-<\/a><\/strong><\/p>\n\n\n\n<p>Descarga las Bases Feria Navide\u00f1a 2024 <strong><a href=\"https:\/\/lacruz.cl\/a94a8fe5\/wp-content\/uploads\/2024\/11\/Bases-Feria-Navidena-2024-La-Cruz-1.pdf\">-&gt;LINK BASES&lt;-<\/a><\/strong><\/p>\n\n\n\n<figure class=\"wp-block-image aligncenter size-large is-resized\"><img loading=\"lazy\" decoding=\"async\" width=\"1024\" height=\"1024\" src=\"https:\/\/lacruz.cl\/a94a8fe5\/wp-content\/uploads\/2024\/11\/POSTULACION-FERIA-NAVENA-2-1024x1024.png\" alt=\"\" class=\"wp-image-11982\" style=\"width:700px\" srcset=\"https:\/\/lacruz.cl\/a94a8fe5\/wp-content\/uploads\/2024\/11\/POSTULACION-FERIA-NAVENA-2-1024x1024.png 1024w, https:\/\/lacruz.cl\/a94a8fe5\/wp-content\/uploads\/2024\/11\/POSTULACION-FERIA-NAVENA-2-300x300.png 300w, https:\/\/lacruz.cl\/a94a8fe5\/wp-content\/uploads\/2024\/11\/POSTULACION-FERIA-NAVENA-2-150x150.png 150w, https:\/\/lacruz.cl\/a94a8fe5\/wp-content\/uploads\/2024\/11\/POSTULACION-FERIA-NAVENA-2-768x768.png 768w, https:\/\/lacruz.cl\/a94a8fe5\/wp-content\/uploads\/2024\/11\/POSTULACION-FERIA-NAVENA-2.png 1080w\" sizes=\"auto, (max-width: 1024px) 100vw, 1024px\" \/><\/figure>\n\n\n\n<p><\/p>\n","protected":false},"excerpt":{"rendered":"<p>Si eres emprendedor o emprendedora, te comentamos que ya est\u00e1n abiertas las&nbsp;postulaciones a la Feria Navide\u00f1a 2024. Te invitamos a conocer bases de postulaci\u00f3n y completar el formulario para ser parte de esta tradicional actividad navide\u00f1a&nbsp;\u00a1Puedes postular hasta el&nbsp;s\u00e1bado&nbsp;&nbsp;30 de&nbsp;noviembre! Las postulaciones podr\u00e1n realizarse de manera virtual as\u00ed como tambi\u00e9n de manera presencial&nbsp;&nbsp; en la [&hellip;]<\/p>\n","protected":false},"author":6,"featured_media":11960,"comment_status":"closed","ping_status":"closed","sticky":false,"template":"","format":"standard","meta":{"site-sidebar-layout":"default","site-content-layout":"","ast-site-content-layout":"default","site-content-style":"default","site-sidebar-style":"default","ast-global-header-display":"","ast-banner-title-visibility":"","ast-main-header-display":"","ast-hfb-above-header-display":"","ast-hfb-below-header-display":"","ast-hfb-mobile-header-display":"","site-post-title":"","ast-breadcrumbs-content":"","ast-featured-img":"","footer-sml-layout":"","ast-disable-related-posts":"","theme-transparent-header-meta":"","adv-header-id-meta":"","stick-header-meta":"","header-above-stick-meta":"","header-main-stick-meta":"","header-below-stick-meta":"","astra-migrate-meta-layouts":"set","ast-page-background-enabled":"default","ast-page-background-meta":{"desktop":{"background-color":"var(--ast-global-color-4)","background-image":"","background-repeat":"repeat","background-position":"center center","background-size":"auto","background-attachment":"scroll","background-type":"","background-media":"","overlay-type":"","overlay-color":"","overlay-opacity":"","overlay-gradient":""},"tablet":{"background-color":"","background-image":"","background-repeat":"repeat","background-position":"center center","background-size":"auto","background-attachment":"scroll","background-type":"","background-media":"","overlay-type":"","overlay-color":"","overlay-opacity":"","overlay-gradient":""},"mobile":{"background-color":"","background-image":"","background-repeat":"repeat","background-position":"center center","background-size":"auto","background-attachment":"scroll","background-type":"","background-media":"","overlay-type":"","overlay-color":"","overlay-opacity":"","overlay-gradient":""}},"ast-content-background-meta":{"desktop":{"background-color":"var(--ast-global-color-5)","background-image":"","background-repeat":"repeat","background-position":"center center","background-size":"auto","background-attachment":"scroll","background-type":"","background-media":"","overlay-type":"","overlay-color":"","overlay-opacity":"","overlay-gradient":""},"tablet":{"background-color":"var(--ast-global-color-5)","background-image":"","background-repeat":"repeat","background-position":"center center","background-size":"auto","background-attachment":"scroll","background-type":"","background-media":"","overlay-type":"","overlay-color":"","overlay-opacity":"","overlay-gradient":""},"mobile":{"background-color":"var(--ast-global-color-5)","background-image":"","background-repeat":"repeat","background-position":"center center","background-size":"auto","background-attachment":"scroll","background-type":"","background-media":"","overlay-type":"","overlay-color":"","overlay-opacity":"","overlay-gradient":""}},"footnotes":""},"categories":[1],"tags":[],"class_list":["post-11958","post","type-post","status-publish","format-standard","has-post-thumbnail","hentry","category-noticias"],"_links":{"self":[{"href":"https:\/\/lacruz.cl\/a94a8fe5\/wp-json\/wp\/v2\/posts\/11958","targetHints":{"allow":["GET"]}}],"collection":[{"href":"https:\/\/lacruz.cl\/a94a8fe5\/wp-json\/wp\/v2\/posts"}],"about":[{"href":"https:\/\/lacruz.cl\/a94a8fe5\/wp-json\/wp\/v2\/types\/post"}],"author":[{"embeddable":true,"href":"https:\/\/lacruz.cl\/a94a8fe5\/wp-json\/wp\/v2\/users\/6"}],"replies":[{"embeddable":true,"href":"https:\/\/lacruz.cl\/a94a8fe5\/wp-json\/wp\/v2\/comments?post=11958"}],"version-history":[{"count":4,"href":"https:\/\/lacruz.cl\/a94a8fe5\/wp-json\/wp\/v2\/posts\/11958\/revisions"}],"predecessor-version":[{"id":12010,"href":"https:\/\/lacruz.cl\/a94a8fe5\/wp-json\/wp\/v2\/posts\/11958\/revisions\/12010"}],"wp:featuredmedia":[{"embeddable":true,"href":"https:\/\/lacruz.cl\/a94a8fe5\/wp-json\/wp\/v2\/media\/11960"}],"wp:attachment":[{"href":"https:\/\/lacruz.cl\/a94a8fe5\/wp-json\/wp\/v2\/media?parent=11958"}],"wp:term":[{"taxonomy":"category","embeddable":true,"href":"https:\/\/lacruz.cl\/a94a8fe5\/wp-json\/wp\/v2\/categories?post=11958"},{"taxonomy":"post_tag","embeddable":true,"href":"https:\/\/lacruz.cl\/a94a8fe5\/wp-json\/wp\/v2\/tags?post=11958"}],"curies":[{"name":"wp","href":"https:\/\/api.w.org\/{rel}","templated":true}]}}