{"id":11691,"date":"2024-08-06T16:45:51","date_gmt":"2024-08-06T20:45:51","guid":{"rendered":"https:\/\/lacruz.cl\/?p=11691"},"modified":"2024-08-06T16:45:53","modified_gmt":"2024-08-06T20:45:53","slug":"%f0%9f%8c%9f-elige-una-manana-sana","status":"publish","type":"post","link":"https:\/\/lacruz.cl\/a94a8fe5\/noticias\/%f0%9f%8c%9f-elige-una-manana-sana\/","title":{"rendered":"\ud83c\udf1f Elige una Ma\u00f1ana Sana"},"content":{"rendered":"\n<figure class=\"wp-block-image aligncenter size-large\"><img loading=\"lazy\" decoding=\"async\" width=\"1024\" height=\"256\" src=\"https:\/\/lacruz.cl\/a94a8fe5\/wp-content\/uploads\/2024\/08\/Actividad-Elige-una-manana-sana-Encabezado-de-Google-Classroom-1024x256.png\" alt=\"\" class=\"wp-image-11692\" srcset=\"https:\/\/lacruz.cl\/a94a8fe5\/wp-content\/uploads\/2024\/08\/Actividad-Elige-una-manana-sana-Encabezado-de-Google-Classroom-1024x256.png 1024w, https:\/\/lacruz.cl\/a94a8fe5\/wp-content\/uploads\/2024\/08\/Actividad-Elige-una-manana-sana-Encabezado-de-Google-Classroom-300x75.png 300w, https:\/\/lacruz.cl\/a94a8fe5\/wp-content\/uploads\/2024\/08\/Actividad-Elige-una-manana-sana-Encabezado-de-Google-Classroom-768x192.png 768w, https:\/\/lacruz.cl\/a94a8fe5\/wp-content\/uploads\/2024\/08\/Actividad-Elige-una-manana-sana-Encabezado-de-Google-Classroom-1536x384.png 1536w, https:\/\/lacruz.cl\/a94a8fe5\/wp-content\/uploads\/2024\/08\/Actividad-Elige-una-manana-sana-Encabezado-de-Google-Classroom.png 1920w\" sizes=\"auto, (max-width: 1024px) 100vw, 1024px\" \/><\/figure>\n\n\n\n<p>Te invitamos a participar de una jornada de actividad f\u00edsica junto al programa Elige Vida Sana, en el que contaremos con baile entretenido, funcional, meditaci\u00f3n y sonoterapia.<\/p>\n\n\n\n<p>\ud83d\udcc5 Fecha: S\u00e1bado 10 de agosto<br>\u23f0 Horario: Desde las 10:00 hrs<br>\ud83d\udccd Lugar: Cancha Parcelas Unidas<\/p>\n\n\n\n<p>Adem\u00e1s, contaremos con stands informativos, EMPA, vacunaci\u00f3n e inscripci\u00f3n a la APS Universal. Si tienes un mat de yoga, \u00a1tr\u00e1elo! Y no olvides tu hidrataci\u00f3n. \ud83d\udca7<\/p>\n\n\n\n<p>\ud83d\udccc Inscr\u00edbete previamente en el siguiente formulario:<\/p>\n\n\n\n<p><strong><a href=\"https:\/\/forms.gle\/6U9xujahu9EaM1Mr9\">-> LINK DE INSCRIPCI\u00d3N &lt;-<\/a><\/strong><\/p>\n","protected":false},"excerpt":{"rendered":"<p>Te invitamos a participar de una jornada de actividad f\u00edsica junto al programa Elige Vida Sana, en el que contaremos con baile entretenido, funcional, meditaci\u00f3n y sonoterapia. \ud83d\udcc5 Fecha: S\u00e1bado 10 de agosto\u23f0 Horario: Desde las 10:00 hrs\ud83d\udccd Lugar: Cancha Parcelas Unidas Adem\u00e1s, contaremos con stands informativos, EMPA, vacunaci\u00f3n e inscripci\u00f3n a la APS Universal. [&hellip;]<\/p>\n","protected":false},"author":6,"featured_media":11692,"comment_status":"closed","ping_status":"closed","sticky":false,"template":"","format":"standard","meta":{"site-sidebar-layout":"default","site-content-layout":"","ast-site-content-layout":"default","site-content-style":"default","site-sidebar-style":"default","ast-global-header-display":"","ast-banner-title-visibility":"","ast-main-header-display":"","ast-hfb-above-header-display":"","ast-hfb-below-header-display":"","ast-hfb-mobile-header-display":"","site-post-title":"","ast-breadcrumbs-content":"","ast-featured-img":"","footer-sml-layout":"","ast-disable-related-posts":"","theme-transparent-header-meta":"","adv-header-id-meta":"","stick-header-meta":"","header-above-stick-meta":"","header-main-stick-meta":"","header-below-stick-meta":"","astra-migrate-meta-layouts":"set","ast-page-background-enabled":"default","ast-page-background-meta":{"desktop":{"background-color":"var(--ast-global-color-4)","background-image":"","background-repeat":"repeat","background-position":"center center","background-size":"auto","background-attachment":"scroll","background-type":"","background-media":"","overlay-type":"","overlay-color":"","overlay-opacity":"","overlay-gradient":""},"tablet":{"background-color":"","background-image":"","background-repeat":"repeat","background-position":"center center","background-size":"auto","background-attachment":"scroll","background-type":"","background-media":"","overlay-type":"","overlay-color":"","overlay-opacity":"","overlay-gradient":""},"mobile":{"background-color":"","background-image":"","background-repeat":"repeat","background-position":"center center","background-size":"auto","background-attachment":"scroll","background-type":"","background-media":"","overlay-type":"","overlay-color":"","overlay-opacity":"","overlay-gradient":""}},"ast-content-background-meta":{"desktop":{"background-color":"var(--ast-global-color-5)","background-image":"","background-repeat":"repeat","background-position":"center center","background-size":"auto","background-attachment":"scroll","background-type":"","background-media":"","overlay-type":"","overlay-color":"","overlay-opacity":"","overlay-gradient":""},"tablet":{"background-color":"var(--ast-global-color-5)","background-image":"","background-repeat":"repeat","background-position":"center center","background-size":"auto","background-attachment":"scroll","background-type":"","background-media":"","overlay-type":"","overlay-color":"","overlay-opacity":"","overlay-gradient":""},"mobile":{"background-color":"var(--ast-global-color-5)","background-image":"","background-repeat":"repeat","background-position":"center center","background-size":"auto","background-attachment":"scroll","background-type":"","background-media":"","overlay-type":"","overlay-color":"","overlay-opacity":"","overlay-gradient":""}},"footnotes":""},"categories":[1],"tags":[],"class_list":["post-11691","post","type-post","status-publish","format-standard","has-post-thumbnail","hentry","category-noticias"],"_links":{"self":[{"href":"https:\/\/lacruz.cl\/a94a8fe5\/wp-json\/wp\/v2\/posts\/11691","targetHints":{"allow":["GET"]}}],"collection":[{"href":"https:\/\/lacruz.cl\/a94a8fe5\/wp-json\/wp\/v2\/posts"}],"about":[{"href":"https:\/\/lacruz.cl\/a94a8fe5\/wp-json\/wp\/v2\/types\/post"}],"author":[{"embeddable":true,"href":"https:\/\/lacruz.cl\/a94a8fe5\/wp-json\/wp\/v2\/users\/6"}],"replies":[{"embeddable":true,"href":"https:\/\/lacruz.cl\/a94a8fe5\/wp-json\/wp\/v2\/comments?post=11691"}],"version-history":[{"count":2,"href":"https:\/\/lacruz.cl\/a94a8fe5\/wp-json\/wp\/v2\/posts\/11691\/revisions"}],"predecessor-version":[{"id":11694,"href":"https:\/\/lacruz.cl\/a94a8fe5\/wp-json\/wp\/v2\/posts\/11691\/revisions\/11694"}],"wp:featuredmedia":[{"embeddable":true,"href":"https:\/\/lacruz.cl\/a94a8fe5\/wp-json\/wp\/v2\/media\/11692"}],"wp:attachment":[{"href":"https:\/\/lacruz.cl\/a94a8fe5\/wp-json\/wp\/v2\/media?parent=11691"}],"wp:term":[{"taxonomy":"category","embeddable":true,"href":"https:\/\/lacruz.cl\/a94a8fe5\/wp-json\/wp\/v2\/categories?post=11691"},{"taxonomy":"post_tag","embeddable":true,"href":"https:\/\/lacruz.cl\/a94a8fe5\/wp-json\/wp\/v2\/tags?post=11691"}],"curies":[{"name":"wp","href":"https:\/\/api.w.org\/{rel}","templated":true}]}}