{"id":11678,"date":"2024-08-05T10:17:50","date_gmt":"2024-08-05T14:17:50","guid":{"rendered":"https:\/\/lacruz.cl\/?p=11678"},"modified":"2024-08-05T10:17:51","modified_gmt":"2024-08-05T14:17:51","slug":"poblacion-santa-rosa-de-la-cruz-fue-beneficiada-con-esperada-multicancha-y-programa-quiero-mi-barrio","status":"publish","type":"post","link":"https:\/\/lacruz.cl\/a94a8fe5\/noticias\/poblacion-santa-rosa-de-la-cruz-fue-beneficiada-con-esperada-multicancha-y-programa-quiero-mi-barrio\/","title":{"rendered":"Poblaci\u00f3n Santa Rosa de La Cruz fue beneficiada con esperada Multicancha y Programa Quiero Mi Barrio"},"content":{"rendered":"\n<figure class=\"wp-block-image aligncenter size-large is-resized\"><img loading=\"lazy\" decoding=\"async\" width=\"1024\" height=\"768\" src=\"https:\/\/lacruz.cl\/a94a8fe5\/wp-content\/uploads\/2024\/08\/Inauguracion-Multicancha-Poblacion-Santa-Rosa-1024x768.jpeg\" alt=\"\" class=\"wp-image-11679\" style=\"width:700px\" srcset=\"https:\/\/lacruz.cl\/a94a8fe5\/wp-content\/uploads\/2024\/08\/Inauguracion-Multicancha-Poblacion-Santa-Rosa-1024x768.jpeg 1024w, https:\/\/lacruz.cl\/a94a8fe5\/wp-content\/uploads\/2024\/08\/Inauguracion-Multicancha-Poblacion-Santa-Rosa-300x225.jpeg 300w, https:\/\/lacruz.cl\/a94a8fe5\/wp-content\/uploads\/2024\/08\/Inauguracion-Multicancha-Poblacion-Santa-Rosa-768x576.jpeg 768w, https:\/\/lacruz.cl\/a94a8fe5\/wp-content\/uploads\/2024\/08\/Inauguracion-Multicancha-Poblacion-Santa-Rosa-1536x1152.jpeg 1536w, https:\/\/lacruz.cl\/a94a8fe5\/wp-content\/uploads\/2024\/08\/Inauguracion-Multicancha-Poblacion-Santa-Rosa-2048x1536.jpeg 2048w\" sizes=\"auto, (max-width: 1024px) 100vw, 1024px\" \/><\/figure>\n\n\n\n<p>El pasado mi\u00e9rcoles 24 de julio, la comuna de La Cruz inaugur\u00f3 el esperado proyecto de mejoramiento de la Multicancha de la Poblaci\u00f3n Santa Rosa con presencia de la alcaldesa Filomena Navia Hevia, vecinas, vecinos y ni\u00f1as y ni\u00f1os del sector, quienes utilizaron el espacio por primera vez con un partido de f\u00fatbol.<\/p>\n\n\n\n<p>Filomena Navia Hevia, alcaldesa de La Cruz, se refiri\u00f3 al esperado proyecto de mejoramiento y dijo: \u201cEstamos cumpliendo un compromiso importante que ten\u00eda nuestra gesti\u00f3n con un sector importante de la comuna de La Cruz como lo es la querida poblaci\u00f3n Santa Rosa. Fue una de las primeras necesidades que sab\u00edamos que exist\u00eda y tiene que ver con este espacio que hoy en d\u00eda se ha inaugurado con la recuperaci\u00f3n la Multicancha de la poblaci\u00f3n Santa Rosa\u201d.<\/p>\n\n\n\n<p>Este proyecto se realiz\u00f3 con un monto de $64.804.524 a partir del Fondo Regional de Inversi\u00f3n Local (FRIL) del Gobierno Regional de Valpara\u00edso y tiene como objetivo principal brindar a la poblaci\u00f3n Santa Rosa un espacio seguro y habilitado para realizar deporte, potenciar la actividad f\u00edsica en ni\u00f1as y ni\u00f1os y generar un espacio de encuentro familiar.<\/p>\n\n\n\n<p>El proyecto de construcci\u00f3n de la nueva multicancha&nbsp;contempl\u00f3 una nueva losa de hormig\u00f3n, un cierre perimetral renovado y la instalaci\u00f3n de luminarias que cumplen con los est\u00e1ndares del Instituto Nacional de Deportes (IND). Adem\u00e1s, incluye la demarcaci\u00f3n y el equipamiento necesario para la pr\u00e1ctica de babyf\u00fatbol y b\u00e1squetbol.<\/p>\n\n\n\n<p>Rosa Bustamante, presidenta de la Junta de Vecinas y Vecinos, coment\u00f3 sobre la importancia de este espacio en el sector y dijo: \u201cPara m\u00ed es muy importante haber conseguido de nuevo la multicancha ya que esta multicancha estuvo por a\u00f1os abandonada pero el comodato no se nos daba. Asum\u00ed el cargo de presidenta hace 3 a\u00f1os y lo primero que ped\u00ed fue si pod\u00edamos recuperar la multicancha por los ni\u00f1os\u201d.<\/p>\n\n\n\n<p>Por otro lado, esta poblaci\u00f3n tambi\u00e9n ser\u00e1 beneficiada con el esperado Programa de Recuperaci\u00f3n de Barrios \u201cQuiero Mi Barrio\u201d dependiente del Ministerio de Vivienda y Urbanismo (MINVU), el cual se implementar\u00e1 en la comuna de La Cruz a partir de una inversi\u00f3n de mil millones de pesos. Este Programa beneficiar\u00e1 a las vecinas y vecinos de la Poblaci\u00f3n Santa Rosa y Villa Los Floristas, con el objetivo de mejorar su calidad de vida priorizando los ejes de identidad, seguridad y medioambiente de estos dos emblem\u00e1ticos sectores de la comuna de La Cruz.<\/p>\n","protected":false},"excerpt":{"rendered":"<p>A partir de un monto de $64.804.524 del Gobierno Regional se realiz\u00f3 un mejoramiento de la multicancha beneficiando a vecinas y vecinos<\/p>\n","protected":false},"author":6,"featured_media":11679,"comment_status":"closed","ping_status":"closed","sticky":false,"template":"","format":"standard","meta":{"site-sidebar-layout":"default","site-content-layout":"","ast-site-content-layout":"default","site-content-style":"default","site-sidebar-style":"default","ast-global-header-display":"","ast-banner-title-visibility":"","ast-main-header-display":"","ast-hfb-above-header-display":"","ast-hfb-below-header-display":"","ast-hfb-mobile-header-display":"","site-post-title":"","ast-breadcrumbs-content":"","ast-featured-img":"","footer-sml-layout":"","ast-disable-related-posts":"","theme-transparent-header-meta":"","adv-header-id-meta":"","stick-header-meta":"","header-above-stick-meta":"","header-main-stick-meta":"","header-below-stick-meta":"","astra-migrate-meta-layouts":"set","ast-page-background-enabled":"default","ast-page-background-meta":{"desktop":{"background-color":"var(--ast-global-color-4)","background-image":"","background-repeat":"repeat","background-position":"center center","background-size":"auto","background-attachment":"scroll","background-type":"","background-media":"","overlay-type":"","overlay-color":"","overlay-opacity":"","overlay-gradient":""},"tablet":{"background-color":"","background-image":"","background-repeat":"repeat","background-position":"center center","background-size":"auto","background-attachment":"scroll","background-type":"","background-media":"","overlay-type":"","overlay-color":"","overlay-opacity":"","overlay-gradient":""},"mobile":{"background-color":"","background-image":"","background-repeat":"repeat","background-position":"center center","background-size":"auto","background-attachment":"scroll","background-type":"","background-media":"","overlay-type":"","overlay-color":"","overlay-opacity":"","overlay-gradient":""}},"ast-content-background-meta":{"desktop":{"background-color":"var(--ast-global-color-5)","background-image":"","background-repeat":"repeat","background-position":"center center","background-size":"auto","background-attachment":"scroll","background-type":"","background-media":"","overlay-type":"","overlay-color":"","overlay-opacity":"","overlay-gradient":""},"tablet":{"background-color":"var(--ast-global-color-5)","background-image":"","background-repeat":"repeat","background-position":"center center","background-size":"auto","background-attachment":"scroll","background-type":"","background-media":"","overlay-type":"","overlay-color":"","overlay-opacity":"","overlay-gradient":""},"mobile":{"background-color":"var(--ast-global-color-5)","background-image":"","background-repeat":"repeat","background-position":"center center","background-size":"auto","background-attachment":"scroll","background-type":"","background-media":"","overlay-type":"","overlay-color":"","overlay-opacity":"","overlay-gradient":""}},"footnotes":""},"categories":[1],"tags":[],"class_list":["post-11678","post","type-post","status-publish","format-standard","has-post-thumbnail","hentry","category-noticias"],"_links":{"self":[{"href":"https:\/\/lacruz.cl\/a94a8fe5\/wp-json\/wp\/v2\/posts\/11678","targetHints":{"allow":["GET"]}}],"collection":[{"href":"https:\/\/lacruz.cl\/a94a8fe5\/wp-json\/wp\/v2\/posts"}],"about":[{"href":"https:\/\/lacruz.cl\/a94a8fe5\/wp-json\/wp\/v2\/types\/post"}],"author":[{"embeddable":true,"href":"https:\/\/lacruz.cl\/a94a8fe5\/wp-json\/wp\/v2\/users\/6"}],"replies":[{"embeddable":true,"href":"https:\/\/lacruz.cl\/a94a8fe5\/wp-json\/wp\/v2\/comments?post=11678"}],"version-history":[{"count":2,"href":"https:\/\/lacruz.cl\/a94a8fe5\/wp-json\/wp\/v2\/posts\/11678\/revisions"}],"predecessor-version":[{"id":11682,"href":"https:\/\/lacruz.cl\/a94a8fe5\/wp-json\/wp\/v2\/posts\/11678\/revisions\/11682"}],"wp:featuredmedia":[{"embeddable":true,"href":"https:\/\/lacruz.cl\/a94a8fe5\/wp-json\/wp\/v2\/media\/11679"}],"wp:attachment":[{"href":"https:\/\/lacruz.cl\/a94a8fe5\/wp-json\/wp\/v2\/media?parent=11678"}],"wp:term":[{"taxonomy":"category","embeddable":true,"href":"https:\/\/lacruz.cl\/a94a8fe5\/wp-json\/wp\/v2\/categories?post=11678"},{"taxonomy":"post_tag","embeddable":true,"href":"https:\/\/lacruz.cl\/a94a8fe5\/wp-json\/wp\/v2\/tags?post=11678"}],"curies":[{"name":"wp","href":"https:\/\/api.w.org\/{rel}","templated":true}]}}