{"id":11674,"date":"2024-08-05T10:15:20","date_gmt":"2024-08-05T14:15:20","guid":{"rendered":"https:\/\/lacruz.cl\/?p=11674"},"modified":"2024-08-05T10:15:21","modified_gmt":"2024-08-05T14:15:21","slug":"la-cruz-inauguro-mejoramiento-en-plaza-villa-camino-del-sol-1","status":"publish","type":"post","link":"https:\/\/lacruz.cl\/a94a8fe5\/noticias\/la-cruz-inauguro-mejoramiento-en-plaza-villa-camino-del-sol-1\/","title":{"rendered":"La Cruz inaugur\u00f3 mejoramiento en Plaza Villa Camino del Sol 1"},"content":{"rendered":"\n<figure class=\"wp-block-image aligncenter size-large is-resized\"><img loading=\"lazy\" decoding=\"async\" width=\"1024\" height=\"950\" src=\"https:\/\/lacruz.cl\/a94a8fe5\/wp-content\/uploads\/2024\/08\/Inauguracion-Plaza-Camino-del-Sol-1-1024x950.jpeg\" alt=\"\" class=\"wp-image-11676\" style=\"width:700px\" srcset=\"https:\/\/lacruz.cl\/a94a8fe5\/wp-content\/uploads\/2024\/08\/Inauguracion-Plaza-Camino-del-Sol-1-1024x950.jpeg 1024w, https:\/\/lacruz.cl\/a94a8fe5\/wp-content\/uploads\/2024\/08\/Inauguracion-Plaza-Camino-del-Sol-1-300x278.jpeg 300w, https:\/\/lacruz.cl\/a94a8fe5\/wp-content\/uploads\/2024\/08\/Inauguracion-Plaza-Camino-del-Sol-1-768x713.jpeg 768w, https:\/\/lacruz.cl\/a94a8fe5\/wp-content\/uploads\/2024\/08\/Inauguracion-Plaza-Camino-del-Sol-1.jpeg 1280w\" sizes=\"auto, (max-width: 1024px) 100vw, 1024px\" \/><\/figure>\n\n\n\n<p>La comuna de La Cruz inaugur\u00f3 el esperado proyecto de mejoramiento de la Plaza de Villa Camino del Sol 1, el pasado jueves 25 de julio, con presencia de la alcaldesa de La Cruz, Filomena Navia Hevia, junto al director regional de la Subsecretar\u00eda de Desarrollo Regional y Administrativo (SUBDERE), Nicol\u00e1s Vallejos, el director regional de Senda Previene, Carlos Colihuech\u00fan, y las Concejalas y Concejales de la comuna.<\/p>\n\n\n\n<p>La alcaldesa de La Cruz, Filomena Navia Hevia, respecto a los beneficios del proyecto de mejoramiento coment\u00f3: \u201cTenemos ac\u00e1 un espacio de juegos para las infancias, tenemos luz para que las personas puedan ocupar estos espacios con seguridad, con armon\u00eda, y esto es lo que pretenden este tipo de proyectos que financia la SUBDERE a trav\u00e9s del Programa Mejoramiento Urbano\u201d.<\/p>\n\n\n\n<p>El proyecto ejecutado consider\u00f3 el mejoramiento del \u00e1rea verde, instalaci\u00f3n de equipamiento urbano, basureros, esca\u00f1os inclusivos, adem\u00e1s de la instalaci\u00f3n de luminarias led que iluminan todo el sector. Por otro lado, consider\u00f3 la instalaci\u00f3n de juegos infantiles y reja peatonal en todo el per\u00edmetro de la plaza.<\/p>\n\n\n\n<p>Nicol\u00e1s Vallejos, jefe de la Unidad Regional de la SUBDERE de la Regi\u00f3n de Valpara\u00edso, coment\u00f3 sobre el trabajo colaborativo que se realiz\u00f3 con la Municipalidad de La Cruz y dijo: \u201cEs muy importante recuperar espacios p\u00fablicos, no solo a prop\u00f3sito de lo que implica para la seguridad de cada uno de los vecinos, sino que tambi\u00e9n es un espacio de encuentro, de esparcimiento, un espacio para los ni\u00f1os que vemos ac\u00e1, y estamos muy contentos de poder contribuir en eso junto al Municipio de La Cruz\u00bb.<\/p>\n\n\n\n<p>Este proyecto fue financiado por el Programa de Mejoramiento Urbano y Equipamiento Comunal (PMU) de la SUBDERE y cont\u00f3 con una inversi\u00f3n de $34.810.696. La nueva plaza se convirti\u00f3 en un espacio vital para la recreaci\u00f3n de las vecinas y vecinos, quienes podr\u00e1n disfrutar de un entorno seguro y equipado para el desarrollo de diversas actividades comunitarias.<\/p>\n\n\n\n<p>Carlos Colihuech\u00fan, director regional de Senda Previene, se refiri\u00f3 al trabajo de recuperaci\u00f3n realizado y la seguridad con la que contar\u00e1 la plaza y dijo \u00abEstas son obras que nos dan mucha alegr\u00eda, son obras que nos permiten volver a recuperar barrios como centro de encuentro, plazas donde los ni\u00f1os pueden jugar de manera segura, como una expresi\u00f3n del cuidado que se puede dar entre los vecinos\u00bb<\/p>\n\n\n\n<p>La Plaza Villa Camino del Sol 1 es ahora un nuevo punto de encuentro que busca fortalecer el tejido social y promover la vida en comunidad en La Cruz.<\/p>\n","protected":false},"excerpt":{"rendered":"<p>Este proyecto fue financiado por el Programa de Mejoramiento Urbano y Equipamiento Comunal (PMU) de la SUBDERE y cont\u00f3 con una inversi\u00f3n de $34.810.696<\/p>\n","protected":false},"author":6,"featured_media":11676,"comment_status":"closed","ping_status":"closed","sticky":false,"template":"","format":"standard","meta":{"site-sidebar-layout":"default","site-content-layout":"","ast-site-content-layout":"default","site-content-style":"default","site-sidebar-style":"default","ast-global-header-display":"","ast-banner-title-visibility":"","ast-main-header-display":"","ast-hfb-above-header-display":"","ast-hfb-below-header-display":"","ast-hfb-mobile-header-display":"","site-post-title":"","ast-breadcrumbs-content":"","ast-featured-img":"","footer-sml-layout":"","ast-disable-related-posts":"","theme-transparent-header-meta":"","adv-header-id-meta":"","stick-header-meta":"","header-above-stick-meta":"","header-main-stick-meta":"","header-below-stick-meta":"","astra-migrate-meta-layouts":"set","ast-page-background-enabled":"default","ast-page-background-meta":{"desktop":{"background-color":"var(--ast-global-color-4)","background-image":"","background-repeat":"repeat","background-position":"center center","background-size":"auto","background-attachment":"scroll","background-type":"","background-media":"","overlay-type":"","overlay-color":"","overlay-opacity":"","overlay-gradient":""},"tablet":{"background-color":"","background-image":"","background-repeat":"repeat","background-position":"center center","background-size":"auto","background-attachment":"scroll","background-type":"","background-media":"","overlay-type":"","overlay-color":"","overlay-opacity":"","overlay-gradient":""},"mobile":{"background-color":"","background-image":"","background-repeat":"repeat","background-position":"center center","background-size":"auto","background-attachment":"scroll","background-type":"","background-media":"","overlay-type":"","overlay-color":"","overlay-opacity":"","overlay-gradient":""}},"ast-content-background-meta":{"desktop":{"background-color":"var(--ast-global-color-5)","background-image":"","background-repeat":"repeat","background-position":"center center","background-size":"auto","background-attachment":"scroll","background-type":"","background-media":"","overlay-type":"","overlay-color":"","overlay-opacity":"","overlay-gradient":""},"tablet":{"background-color":"var(--ast-global-color-5)","background-image":"","background-repeat":"repeat","background-position":"center center","background-size":"auto","background-attachment":"scroll","background-type":"","background-media":"","overlay-type":"","overlay-color":"","overlay-opacity":"","overlay-gradient":""},"mobile":{"background-color":"var(--ast-global-color-5)","background-image":"","background-repeat":"repeat","background-position":"center center","background-size":"auto","background-attachment":"scroll","background-type":"","background-media":"","overlay-type":"","overlay-color":"","overlay-opacity":"","overlay-gradient":""}},"footnotes":""},"categories":[1],"tags":[],"class_list":["post-11674","post","type-post","status-publish","format-standard","has-post-thumbnail","hentry","category-noticias"],"_links":{"self":[{"href":"https:\/\/lacruz.cl\/a94a8fe5\/wp-json\/wp\/v2\/posts\/11674","targetHints":{"allow":["GET"]}}],"collection":[{"href":"https:\/\/lacruz.cl\/a94a8fe5\/wp-json\/wp\/v2\/posts"}],"about":[{"href":"https:\/\/lacruz.cl\/a94a8fe5\/wp-json\/wp\/v2\/types\/post"}],"author":[{"embeddable":true,"href":"https:\/\/lacruz.cl\/a94a8fe5\/wp-json\/wp\/v2\/users\/6"}],"replies":[{"embeddable":true,"href":"https:\/\/lacruz.cl\/a94a8fe5\/wp-json\/wp\/v2\/comments?post=11674"}],"version-history":[{"count":1,"href":"https:\/\/lacruz.cl\/a94a8fe5\/wp-json\/wp\/v2\/posts\/11674\/revisions"}],"predecessor-version":[{"id":11677,"href":"https:\/\/lacruz.cl\/a94a8fe5\/wp-json\/wp\/v2\/posts\/11674\/revisions\/11677"}],"wp:featuredmedia":[{"embeddable":true,"href":"https:\/\/lacruz.cl\/a94a8fe5\/wp-json\/wp\/v2\/media\/11676"}],"wp:attachment":[{"href":"https:\/\/lacruz.cl\/a94a8fe5\/wp-json\/wp\/v2\/media?parent=11674"}],"wp:term":[{"taxonomy":"category","embeddable":true,"href":"https:\/\/lacruz.cl\/a94a8fe5\/wp-json\/wp\/v2\/categories?post=11674"},{"taxonomy":"post_tag","embeddable":true,"href":"https:\/\/lacruz.cl\/a94a8fe5\/wp-json\/wp\/v2\/tags?post=11674"}],"curies":[{"name":"wp","href":"https:\/\/api.w.org\/{rel}","templated":true}]}}