{"id":11669,"date":"2024-08-05T10:11:46","date_gmt":"2024-08-05T14:11:46","guid":{"rendered":"https:\/\/lacruz.cl\/?p=11669"},"modified":"2024-08-05T10:12:07","modified_gmt":"2024-08-05T14:12:07","slug":"comenzaron-los-trabajos-del-proyecto-mejoramiento-integral-del-borde-rio-aconcagua-en-la-cruz","status":"publish","type":"post","link":"https:\/\/lacruz.cl\/a94a8fe5\/noticias\/comenzaron-los-trabajos-del-proyecto-mejoramiento-integral-del-borde-rio-aconcagua-en-la-cruz\/","title":{"rendered":"Comenzaron los trabajos del proyecto Mejoramiento Integral del Borde R\u00edo Aconcagua en La Cruz"},"content":{"rendered":"\n<figure class=\"wp-block-image aligncenter size-large is-resized\"><img loading=\"lazy\" decoding=\"async\" width=\"1024\" height=\"576\" src=\"https:\/\/lacruz.cl\/a94a8fe5\/wp-content\/uploads\/2024\/08\/Mejoramiento-Borde-Rio-1024x576.jpg\" alt=\"\" class=\"wp-image-11670\" style=\"width:800px\" srcset=\"https:\/\/lacruz.cl\/a94a8fe5\/wp-content\/uploads\/2024\/08\/Mejoramiento-Borde-Rio-1024x576.jpg 1024w, https:\/\/lacruz.cl\/a94a8fe5\/wp-content\/uploads\/2024\/08\/Mejoramiento-Borde-Rio-300x169.jpg 300w, https:\/\/lacruz.cl\/a94a8fe5\/wp-content\/uploads\/2024\/08\/Mejoramiento-Borde-Rio-768x432.jpg 768w, https:\/\/lacruz.cl\/a94a8fe5\/wp-content\/uploads\/2024\/08\/Mejoramiento-Borde-Rio-1536x864.jpg 1536w, https:\/\/lacruz.cl\/a94a8fe5\/wp-content\/uploads\/2024\/08\/Mejoramiento-Borde-Rio.jpg 1920w\" sizes=\"auto, (max-width: 1024px) 100vw, 1024px\" \/><\/figure>\n\n\n\n<p>Un 15% de avance llevan las obras del proyecto de Mejoramiento Integral del Borde de R\u00edo Aconcagua de la comuna de La Cruz. Este proyecto se est\u00e1 ejecutando a partir de un monto de $80.809.703 financiado por el Fondo Regional de Iniciativa Local (FRIL) del Gobierno Regional de Valpara\u00edso.<\/p>\n\n\n\n<p>El objetivo es transformar el lugar de una extensi\u00f3n de aproximadamente 600 m\u00b2 en un espacio verde multifuncional que brinde a la comunidad un \u00e1rea de descanso y encuentro familiar.<\/p>\n\n\n\n<p>Filomena Navia Hevia, alcaldesa de La Cruz, se refiri\u00f3 a los nuevos proyectos que se est\u00e1n ejecutando en la comuna y dijo: \u201cEste proyecto responde precisamente a reconocer que nuestra comuna se proyecta hacia el turismo y que reconoce todo el Borde R\u00edo como un espacio digno de recuperaci\u00f3n y digno de inversi\u00f3n p\u00fablica. Este es un proyecto que se va a sumar a otros proyectos que pretenden hermosear y recuperar todo ese espacio que tenemos alrededor de la Poza Cristalina, la Plaza del Encuentro Crucino, el Puente Lo Rojas y tambi\u00e9n la pista de Skatepark\u201d.<\/p>\n\n\n\n<p>El mejoramiento integral del espacio contempla un \u00c1rea Verde Interactiva, un Mobiliario Urbano Inclusivo, Sombreaderos Integrados y una Alameda Accesible, la cual contar\u00e1 con una pasarela arbolada a lo largo del Borde del R\u00edo para brindar a las vecinas y vecinos un camino peatonal atractivo y accesible para que la comunidad disfrute de paseos.<\/p>\n","protected":false},"excerpt":{"rendered":"<p>El proyecto financiado por el Fondo Regional de Iniciativa Local del Gobierno Regional cuenta con un 15% de avance<\/p>\n","protected":false},"author":6,"featured_media":11670,"comment_status":"closed","ping_status":"closed","sticky":false,"template":"","format":"standard","meta":{"site-sidebar-layout":"default","site-content-layout":"","ast-site-content-layout":"default","site-content-style":"default","site-sidebar-style":"default","ast-global-header-display":"","ast-banner-title-visibility":"","ast-main-header-display":"","ast-hfb-above-header-display":"","ast-hfb-below-header-display":"","ast-hfb-mobile-header-display":"","site-post-title":"","ast-breadcrumbs-content":"","ast-featured-img":"","footer-sml-layout":"","ast-disable-related-posts":"","theme-transparent-header-meta":"","adv-header-id-meta":"","stick-header-meta":"","header-above-stick-meta":"","header-main-stick-meta":"","header-below-stick-meta":"","astra-migrate-meta-layouts":"set","ast-page-background-enabled":"default","ast-page-background-meta":{"desktop":{"background-color":"var(--ast-global-color-4)","background-image":"","background-repeat":"repeat","background-position":"center center","background-size":"auto","background-attachment":"scroll","background-type":"","background-media":"","overlay-type":"","overlay-color":"","overlay-opacity":"","overlay-gradient":""},"tablet":{"background-color":"","background-image":"","background-repeat":"repeat","background-position":"center center","background-size":"auto","background-attachment":"scroll","background-type":"","background-media":"","overlay-type":"","overlay-color":"","overlay-opacity":"","overlay-gradient":""},"mobile":{"background-color":"","background-image":"","background-repeat":"repeat","background-position":"center center","background-size":"auto","background-attachment":"scroll","background-type":"","background-media":"","overlay-type":"","overlay-color":"","overlay-opacity":"","overlay-gradient":""}},"ast-content-background-meta":{"desktop":{"background-color":"var(--ast-global-color-5)","background-image":"","background-repeat":"repeat","background-position":"center center","background-size":"auto","background-attachment":"scroll","background-type":"","background-media":"","overlay-type":"","overlay-color":"","overlay-opacity":"","overlay-gradient":""},"tablet":{"background-color":"var(--ast-global-color-5)","background-image":"","background-repeat":"repeat","background-position":"center center","background-size":"auto","background-attachment":"scroll","background-type":"","background-media":"","overlay-type":"","overlay-color":"","overlay-opacity":"","overlay-gradient":""},"mobile":{"background-color":"var(--ast-global-color-5)","background-image":"","background-repeat":"repeat","background-position":"center center","background-size":"auto","background-attachment":"scroll","background-type":"","background-media":"","overlay-type":"","overlay-color":"","overlay-opacity":"","overlay-gradient":""}},"footnotes":""},"categories":[1],"tags":[],"class_list":["post-11669","post","type-post","status-publish","format-standard","has-post-thumbnail","hentry","category-noticias"],"_links":{"self":[{"href":"https:\/\/lacruz.cl\/a94a8fe5\/wp-json\/wp\/v2\/posts\/11669","targetHints":{"allow":["GET"]}}],"collection":[{"href":"https:\/\/lacruz.cl\/a94a8fe5\/wp-json\/wp\/v2\/posts"}],"about":[{"href":"https:\/\/lacruz.cl\/a94a8fe5\/wp-json\/wp\/v2\/types\/post"}],"author":[{"embeddable":true,"href":"https:\/\/lacruz.cl\/a94a8fe5\/wp-json\/wp\/v2\/users\/6"}],"replies":[{"embeddable":true,"href":"https:\/\/lacruz.cl\/a94a8fe5\/wp-json\/wp\/v2\/comments?post=11669"}],"version-history":[{"count":3,"href":"https:\/\/lacruz.cl\/a94a8fe5\/wp-json\/wp\/v2\/posts\/11669\/revisions"}],"predecessor-version":[{"id":11673,"href":"https:\/\/lacruz.cl\/a94a8fe5\/wp-json\/wp\/v2\/posts\/11669\/revisions\/11673"}],"wp:featuredmedia":[{"embeddable":true,"href":"https:\/\/lacruz.cl\/a94a8fe5\/wp-json\/wp\/v2\/media\/11670"}],"wp:attachment":[{"href":"https:\/\/lacruz.cl\/a94a8fe5\/wp-json\/wp\/v2\/media?parent=11669"}],"wp:term":[{"taxonomy":"category","embeddable":true,"href":"https:\/\/lacruz.cl\/a94a8fe5\/wp-json\/wp\/v2\/categories?post=11669"},{"taxonomy":"post_tag","embeddable":true,"href":"https:\/\/lacruz.cl\/a94a8fe5\/wp-json\/wp\/v2\/tags?post=11669"}],"curies":[{"name":"wp","href":"https:\/\/api.w.org\/{rel}","templated":true}]}}