{"id":11582,"date":"2024-07-26T16:11:28","date_gmt":"2024-07-26T20:11:28","guid":{"rendered":"https:\/\/lacruz.cl\/?p=11582"},"modified":"2024-07-26T16:11:29","modified_gmt":"2024-07-26T20:11:29","slug":"innovador-programa-medicina-ancestral-de-la-cruz-sigue-cumpliendo-metas","status":"publish","type":"post","link":"https:\/\/lacruz.cl\/a94a8fe5\/noticias\/innovador-programa-medicina-ancestral-de-la-cruz-sigue-cumpliendo-metas\/","title":{"rendered":"Innovador Programa Medicina Ancestral de La Cruz sigue cumpliendo metas"},"content":{"rendered":"\n<p>El Programa Medicina Ancestral dependiente de la Direcci\u00f3n de Desarrollo Comunitario de la Municipalidad de La Cruz se encuentra en su tercer a\u00f1o de ejecuci\u00f3n y es abierto a la comunidad para que usuarias y usuarios obtengan una atenci\u00f3n y sanaci\u00f3n completa.<\/p>\n\n\n\n<p>El objetivo de este programa es brindar a la comunidad la atenci\u00f3n a enfermedades de salud f\u00edsica y mental con la cosmovisi\u00f3n del pueblo Mapuche. La atenci\u00f3n integral se basa en armon\u00eda entre corporalidad y emociones complementado con la medicina tradicional.<\/p>\n\n\n\n<p>Los tratamientos que realizan con usuarias y usuarios incluyen la utilizaci\u00f3n de infusiones, tinturas madre, ung\u00fcentos; tambi\u00e9n realizan masajes con ung\u00fcentos o arcilla, adem\u00e1s de tratamientos y limpiezas espirituales.<\/p>\n\n\n\n<p>Este programa fue implementado durante la gesti\u00f3n de la alcaldesa de La Cruz, Filomena Navia Hevia, con el fin de que la comunidad pueda acceder a una atenci\u00f3n completa y sanaci\u00f3n espiritual. Desde el primer mes de su implementaci\u00f3n, el programa obtuvo un buen recibimiento por parte de las vecinas y vecinos, completando los cupos durante los primeros meses de su funcionamiento.<\/p>\n\n\n\n<p>Relonche Aconcagua, Lawenche del programa, coment\u00f3 respecto al recibimiento de las usuarias y usuarios y dijo: \u201cConsidero que el impacto ha sido bastante positivo, incluso sorpresivo del inter\u00e9s que hay en las personas y es totalmente satisfactorio. Tambi\u00e9n en relaci\u00f3n a como han cumplido con los tratamientos que se les han entregado y as\u00ed de esa forma poder ver la eficacia del tratamiento\u201d.<\/p>\n\n\n\n<p>Durante el a\u00f1o 2023 realizaron 353 atenciones a usuarias y usuarios duplicando las atenciones realizadas durante el a\u00f1o 2022. Adem\u00e1s, este programa ha aumentado los tratamientos que brinda implementando nuevas opciones para la sanaci\u00f3n.<\/p>\n\n\n\n<p>Este programa municipal atiende en el Departamento de Salud ubicado en Av. 21 de mayo #4680, los lunes y mi\u00e9rcoles desde las 9:00 hasta las 18:00 horas. Se agendan pacientes&nbsp; los d\u00edas jueves al fono +569 46915901 o al email <a href=\"mailto:medicinaancestral@lacruz.cl\">medicinaancestral@lacruz.cl<\/a>. Tambi\u00e9n se puede pedir hora llamando al Servicio de Orientaci\u00f3n M\u00e9dica Estad\u00edstica (SOME) o en el Consultorio Comunal. Los requisitos para atenderse en el programa son residir en la comuna de La Cruz o atenderse en el Consultorio Comunal.<\/p>\n\n\n\n<figure class=\"wp-block-image aligncenter size-large is-resized\"><img loading=\"lazy\" decoding=\"async\" width=\"1024\" height=\"575\" src=\"https:\/\/lacruz.cl\/a94a8fe5\/wp-content\/uploads\/2024\/07\/Programa-Medicina-Ancestral-1024x575.jpg\" alt=\"\" class=\"wp-image-11583\" style=\"width:800px\" srcset=\"https:\/\/lacruz.cl\/a94a8fe5\/wp-content\/uploads\/2024\/07\/Programa-Medicina-Ancestral-1024x575.jpg 1024w, https:\/\/lacruz.cl\/a94a8fe5\/wp-content\/uploads\/2024\/07\/Programa-Medicina-Ancestral-300x169.jpg 300w, https:\/\/lacruz.cl\/a94a8fe5\/wp-content\/uploads\/2024\/07\/Programa-Medicina-Ancestral-768x432.jpg 768w, https:\/\/lacruz.cl\/a94a8fe5\/wp-content\/uploads\/2024\/07\/Programa-Medicina-Ancestral-1536x863.jpg 1536w, https:\/\/lacruz.cl\/a94a8fe5\/wp-content\/uploads\/2024\/07\/Programa-Medicina-Ancestral.jpg 1600w\" sizes=\"auto, (max-width: 1024px) 100vw, 1024px\" \/><\/figure>\n","protected":false},"excerpt":{"rendered":"<p>Es abierto a la comunidad y brinda una atenci\u00f3n completa para la sanaci\u00f3n f\u00edsica y espiritual.<\/p>\n","protected":false},"author":6,"featured_media":11583,"comment_status":"closed","ping_status":"closed","sticky":false,"template":"","format":"standard","meta":{"site-sidebar-layout":"default","site-content-layout":"","ast-site-content-layout":"default","site-content-style":"default","site-sidebar-style":"default","ast-global-header-display":"","ast-banner-title-visibility":"","ast-main-header-display":"","ast-hfb-above-header-display":"","ast-hfb-below-header-display":"","ast-hfb-mobile-header-display":"","site-post-title":"","ast-breadcrumbs-content":"","ast-featured-img":"","footer-sml-layout":"","ast-disable-related-posts":"","theme-transparent-header-meta":"","adv-header-id-meta":"","stick-header-meta":"","header-above-stick-meta":"","header-main-stick-meta":"","header-below-stick-meta":"","astra-migrate-meta-layouts":"set","ast-page-background-enabled":"default","ast-page-background-meta":{"desktop":{"background-color":"var(--ast-global-color-4)","background-image":"","background-repeat":"repeat","background-position":"center center","background-size":"auto","background-attachment":"scroll","background-type":"","background-media":"","overlay-type":"","overlay-color":"","overlay-opacity":"","overlay-gradient":""},"tablet":{"background-color":"","background-image":"","background-repeat":"repeat","background-position":"center center","background-size":"auto","background-attachment":"scroll","background-type":"","background-media":"","overlay-type":"","overlay-color":"","overlay-opacity":"","overlay-gradient":""},"mobile":{"background-color":"","background-image":"","background-repeat":"repeat","background-position":"center center","background-size":"auto","background-attachment":"scroll","background-type":"","background-media":"","overlay-type":"","overlay-color":"","overlay-opacity":"","overlay-gradient":""}},"ast-content-background-meta":{"desktop":{"background-color":"var(--ast-global-color-5)","background-image":"","background-repeat":"repeat","background-position":"center center","background-size":"auto","background-attachment":"scroll","background-type":"","background-media":"","overlay-type":"","overlay-color":"","overlay-opacity":"","overlay-gradient":""},"tablet":{"background-color":"var(--ast-global-color-5)","background-image":"","background-repeat":"repeat","background-position":"center center","background-size":"auto","background-attachment":"scroll","background-type":"","background-media":"","overlay-type":"","overlay-color":"","overlay-opacity":"","overlay-gradient":""},"mobile":{"background-color":"var(--ast-global-color-5)","background-image":"","background-repeat":"repeat","background-position":"center center","background-size":"auto","background-attachment":"scroll","background-type":"","background-media":"","overlay-type":"","overlay-color":"","overlay-opacity":"","overlay-gradient":""}},"footnotes":""},"categories":[1],"tags":[],"class_list":["post-11582","post","type-post","status-publish","format-standard","has-post-thumbnail","hentry","category-noticias"],"_links":{"self":[{"href":"https:\/\/lacruz.cl\/a94a8fe5\/wp-json\/wp\/v2\/posts\/11582","targetHints":{"allow":["GET"]}}],"collection":[{"href":"https:\/\/lacruz.cl\/a94a8fe5\/wp-json\/wp\/v2\/posts"}],"about":[{"href":"https:\/\/lacruz.cl\/a94a8fe5\/wp-json\/wp\/v2\/types\/post"}],"author":[{"embeddable":true,"href":"https:\/\/lacruz.cl\/a94a8fe5\/wp-json\/wp\/v2\/users\/6"}],"replies":[{"embeddable":true,"href":"https:\/\/lacruz.cl\/a94a8fe5\/wp-json\/wp\/v2\/comments?post=11582"}],"version-history":[{"count":1,"href":"https:\/\/lacruz.cl\/a94a8fe5\/wp-json\/wp\/v2\/posts\/11582\/revisions"}],"predecessor-version":[{"id":11584,"href":"https:\/\/lacruz.cl\/a94a8fe5\/wp-json\/wp\/v2\/posts\/11582\/revisions\/11584"}],"wp:featuredmedia":[{"embeddable":true,"href":"https:\/\/lacruz.cl\/a94a8fe5\/wp-json\/wp\/v2\/media\/11583"}],"wp:attachment":[{"href":"https:\/\/lacruz.cl\/a94a8fe5\/wp-json\/wp\/v2\/media?parent=11582"}],"wp:term":[{"taxonomy":"category","embeddable":true,"href":"https:\/\/lacruz.cl\/a94a8fe5\/wp-json\/wp\/v2\/categories?post=11582"},{"taxonomy":"post_tag","embeddable":true,"href":"https:\/\/lacruz.cl\/a94a8fe5\/wp-json\/wp\/v2\/tags?post=11582"}],"curies":[{"name":"wp","href":"https:\/\/api.w.org\/{rel}","templated":true}]}}