{"id":11494,"date":"2024-07-03T16:59:19","date_gmt":"2024-07-03T20:59:19","guid":{"rendered":"https:\/\/lacruz.cl\/?p=11494"},"modified":"2024-07-03T16:59:56","modified_gmt":"2024-07-03T20:59:56","slug":"concejo-municipal-de-la-cruz-aprobo-la-adjudicacion-del-mejoramiento-del-borde-rio-aconcagua","status":"publish","type":"post","link":"https:\/\/lacruz.cl\/a94a8fe5\/noticias\/concejo-municipal-de-la-cruz-aprobo-la-adjudicacion-del-mejoramiento-del-borde-rio-aconcagua\/","title":{"rendered":"Concejo Municipal de La Cruz aprob\u00f3 la adjudicaci\u00f3n del Mejoramiento del Borde R\u00edo Aconcagua"},"content":{"rendered":"\n<figure class=\"wp-block-gallery has-nested-images columns-default is-cropped wp-block-gallery-1 is-layout-flex wp-block-gallery-is-layout-flex\">\n<figure class=\"wp-block-image size-large\"><img loading=\"lazy\" decoding=\"async\" width=\"903\" height=\"508\" data-id=\"11495\" src=\"https:\/\/lacruz.cl\/a94a8fe5\/wp-content\/uploads\/2024\/07\/Mejoramiento-Borde-de-Rio-Aconcagua.jpg\" alt=\"\" class=\"wp-image-11495\" srcset=\"https:\/\/lacruz.cl\/a94a8fe5\/wp-content\/uploads\/2024\/07\/Mejoramiento-Borde-de-Rio-Aconcagua.jpg 903w, https:\/\/lacruz.cl\/a94a8fe5\/wp-content\/uploads\/2024\/07\/Mejoramiento-Borde-de-Rio-Aconcagua-300x169.jpg 300w, https:\/\/lacruz.cl\/a94a8fe5\/wp-content\/uploads\/2024\/07\/Mejoramiento-Borde-de-Rio-Aconcagua-768x432.jpg 768w\" sizes=\"auto, (max-width: 903px) 100vw, 903px\" \/><\/figure>\n\n\n\n<figure class=\"wp-block-image size-large\"><img loading=\"lazy\" decoding=\"async\" width=\"903\" height=\"508\" data-id=\"11496\" src=\"https:\/\/lacruz.cl\/a94a8fe5\/wp-content\/uploads\/2024\/07\/Mejoramiento-Borde-Rio-Aconcagua.jpg\" alt=\"\" class=\"wp-image-11496\" srcset=\"https:\/\/lacruz.cl\/a94a8fe5\/wp-content\/uploads\/2024\/07\/Mejoramiento-Borde-Rio-Aconcagua.jpg 903w, https:\/\/lacruz.cl\/a94a8fe5\/wp-content\/uploads\/2024\/07\/Mejoramiento-Borde-Rio-Aconcagua-300x169.jpg 300w, https:\/\/lacruz.cl\/a94a8fe5\/wp-content\/uploads\/2024\/07\/Mejoramiento-Borde-Rio-Aconcagua-768x432.jpg 768w\" sizes=\"auto, (max-width: 903px) 100vw, 903px\" \/><\/figure>\n<\/figure>\n\n\n\n<p>Durante el Concejo Municipal de La Cruz, realizado el pasado jueves 27 de junio, la alcaldesa Filomena Navia Hevia junto a los concejales y concejalas de la comuna aprobaron la adjudicaci\u00f3n para el proyecto de Mejoramiento Integral del Borde de R\u00edo Aconcagua con un monto de $80.809.703 financiado por el Fondo Regional de Iniciativa Local (FRIL) del Gobierno Regional.<\/p>\n\n\n\n<p>El proyecto se enfoca en transformar el lugar de una extensi\u00f3n de aproximadamente 600 m\u00b2 en un espacio verde multifuncional que se integre con el Skatepark Borde R\u00edo existente, proyecto ejecutado durante el a\u00f1o 2023 con un monto de $41.082.261 tambi\u00e9n financiado por el FRIL del Gobierno Regional.<\/p>\n\n\n\n<p>El proyecto del Mejoramiento Integral del Borde de R\u00edo Aconcagua est\u00e1 dise\u00f1ado para promover la interacci\u00f3n comunitaria y ofrecer\u00e1 \u00e1reas de esparcimiento, descanso y recreaci\u00f3n para que la comunidad pueda visitar el espacio y disfrutar de las postales que presentan la comuna de La Cruz.<\/p>\n\n\n\n<p>Filomena Navia Hevia, alcaldesa de La Cruz, se refiri\u00f3 a los nuevos proyectos de la comuna y dijo: \u201cEste proyecto responde precisamente a reconocer que nuestra comuna se proyecta hacia el turismo y que reconoce todo el borde r\u00edo como un espacio digno de recuperaci\u00f3n y digno de inversi\u00f3n p\u00fablica. Este es un proyecto que se va a sumar a otros proyectos que pretenden hermosear y recuperar todo ese espacio que tenemos alrededor de la Poza Cristalina, la Plaza del Encuentro Crucino, el Puente Lo Rojas y tambi\u00e9n la pista de Skatepark\u201d.<\/p>\n\n\n\n<p>El mejoramiento integral del espacio contempla un \u00c1rea Verde Interactivo donde se crear\u00e1 una zona arbolada para promover la biodiversidad local y ofrecer un entorno natural agradable. Un Mobiliario Urbano Inclusivo que contar\u00e1 con bancos y asientos de hormig\u00f3n proporcionando espacios para el descanso y la contemplaci\u00f3n del entorno fluvial.<\/p>\n\n\n\n<p>Tambi\u00e9n contempla Sombreaderos Integrados donde se instalar\u00e1n estructuras de sombra estrat\u00e9gicamente ubicadas para ofrecer protecci\u00f3n solar y resguardo en d\u00edas de lluvia, fomentando as\u00ed el uso del espacio durante todo el a\u00f1o. Y una Alameda Accesible, la cual contar\u00e1 con una pasarela arbolada integrada a lo largo del borde del r\u00edo que ofrecer\u00e1 un camino peatonal atractivo y accesible para que la comunidad disfrute de paseos y la naturaleza que integran la comuna de La Cruz.<\/p>\n","protected":false},"excerpt":{"rendered":"<p>Ser\u00e1 financiado con un monto de $80.809.703 del Fondo Regional de Iniciativa Local del Gobierno Regional<\/p>\n","protected":false},"author":6,"featured_media":11496,"comment_status":"closed","ping_status":"closed","sticky":false,"template":"","format":"standard","meta":{"site-sidebar-layout":"default","site-content-layout":"","ast-site-content-layout":"default","site-content-style":"default","site-sidebar-style":"default","ast-global-header-display":"","ast-banner-title-visibility":"","ast-main-header-display":"","ast-hfb-above-header-display":"","ast-hfb-below-header-display":"","ast-hfb-mobile-header-display":"","site-post-title":"","ast-breadcrumbs-content":"","ast-featured-img":"","footer-sml-layout":"","ast-disable-related-posts":"","theme-transparent-header-meta":"","adv-header-id-meta":"","stick-header-meta":"","header-above-stick-meta":"","header-main-stick-meta":"","header-below-stick-meta":"","astra-migrate-meta-layouts":"set","ast-page-background-enabled":"default","ast-page-background-meta":{"desktop":{"background-color":"var(--ast-global-color-4)","background-image":"","background-repeat":"repeat","background-position":"center center","background-size":"auto","background-attachment":"scroll","background-type":"","background-media":"","overlay-type":"","overlay-color":"","overlay-opacity":"","overlay-gradient":""},"tablet":{"background-color":"","background-image":"","background-repeat":"repeat","background-position":"center center","background-size":"auto","background-attachment":"scroll","background-type":"","background-media":"","overlay-type":"","overlay-color":"","overlay-opacity":"","overlay-gradient":""},"mobile":{"background-color":"","background-image":"","background-repeat":"repeat","background-position":"center center","background-size":"auto","background-attachment":"scroll","background-type":"","background-media":"","overlay-type":"","overlay-color":"","overlay-opacity":"","overlay-gradient":""}},"ast-content-background-meta":{"desktop":{"background-color":"var(--ast-global-color-5)","background-image":"","background-repeat":"repeat","background-position":"center center","background-size":"auto","background-attachment":"scroll","background-type":"","background-media":"","overlay-type":"","overlay-color":"","overlay-opacity":"","overlay-gradient":""},"tablet":{"background-color":"var(--ast-global-color-5)","background-image":"","background-repeat":"repeat","background-position":"center center","background-size":"auto","background-attachment":"scroll","background-type":"","background-media":"","overlay-type":"","overlay-color":"","overlay-opacity":"","overlay-gradient":""},"mobile":{"background-color":"var(--ast-global-color-5)","background-image":"","background-repeat":"repeat","background-position":"center center","background-size":"auto","background-attachment":"scroll","background-type":"","background-media":"","overlay-type":"","overlay-color":"","overlay-opacity":"","overlay-gradient":""}},"footnotes":""},"categories":[1],"tags":[],"class_list":["post-11494","post","type-post","status-publish","format-standard","has-post-thumbnail","hentry","category-noticias"],"_links":{"self":[{"href":"https:\/\/lacruz.cl\/a94a8fe5\/wp-json\/wp\/v2\/posts\/11494","targetHints":{"allow":["GET"]}}],"collection":[{"href":"https:\/\/lacruz.cl\/a94a8fe5\/wp-json\/wp\/v2\/posts"}],"about":[{"href":"https:\/\/lacruz.cl\/a94a8fe5\/wp-json\/wp\/v2\/types\/post"}],"author":[{"embeddable":true,"href":"https:\/\/lacruz.cl\/a94a8fe5\/wp-json\/wp\/v2\/users\/6"}],"replies":[{"embeddable":true,"href":"https:\/\/lacruz.cl\/a94a8fe5\/wp-json\/wp\/v2\/comments?post=11494"}],"version-history":[{"count":3,"href":"https:\/\/lacruz.cl\/a94a8fe5\/wp-json\/wp\/v2\/posts\/11494\/revisions"}],"predecessor-version":[{"id":11500,"href":"https:\/\/lacruz.cl\/a94a8fe5\/wp-json\/wp\/v2\/posts\/11494\/revisions\/11500"}],"wp:featuredmedia":[{"embeddable":true,"href":"https:\/\/lacruz.cl\/a94a8fe5\/wp-json\/wp\/v2\/media\/11496"}],"wp:attachment":[{"href":"https:\/\/lacruz.cl\/a94a8fe5\/wp-json\/wp\/v2\/media?parent=11494"}],"wp:term":[{"taxonomy":"category","embeddable":true,"href":"https:\/\/lacruz.cl\/a94a8fe5\/wp-json\/wp\/v2\/categories?post=11494"},{"taxonomy":"post_tag","embeddable":true,"href":"https:\/\/lacruz.cl\/a94a8fe5\/wp-json\/wp\/v2\/tags?post=11494"}],"curies":[{"name":"wp","href":"https:\/\/api.w.org\/{rel}","templated":true}]}}