{"id":11487,"date":"2024-07-03T16:50:45","date_gmt":"2024-07-03T20:50:45","guid":{"rendered":"https:\/\/lacruz.cl\/?p=11487"},"modified":"2024-07-03T16:50:46","modified_gmt":"2024-07-03T20:50:46","slug":"6-millones-destino-la-cruz-para-la-entrega-de-becas-deportivas","status":"publish","type":"post","link":"https:\/\/lacruz.cl\/a94a8fe5\/noticias\/6-millones-destino-la-cruz-para-la-entrega-de-becas-deportivas\/","title":{"rendered":"$6 millones destin\u00f3 La Cruz para la entrega de Becas Deportivas"},"content":{"rendered":"\n<figure class=\"wp-block-gallery has-nested-images columns-default is-cropped wp-block-gallery-1 is-layout-flex wp-block-gallery-is-layout-flex\">\n<figure class=\"wp-block-image size-large\"><img loading=\"lazy\" decoding=\"async\" width=\"1024\" height=\"1017\" data-id=\"11491\" src=\"https:\/\/lacruz.cl\/a94a8fe5\/wp-content\/uploads\/2024\/07\/Becas-Deportivas-1-1024x1017.jpeg\" alt=\"\" class=\"wp-image-11491\" srcset=\"https:\/\/lacruz.cl\/a94a8fe5\/wp-content\/uploads\/2024\/07\/Becas-Deportivas-1-1024x1017.jpeg 1024w, https:\/\/lacruz.cl\/a94a8fe5\/wp-content\/uploads\/2024\/07\/Becas-Deportivas-1-300x298.jpeg 300w, https:\/\/lacruz.cl\/a94a8fe5\/wp-content\/uploads\/2024\/07\/Becas-Deportivas-1-150x150.jpeg 150w, https:\/\/lacruz.cl\/a94a8fe5\/wp-content\/uploads\/2024\/07\/Becas-Deportivas-1-768x763.jpeg 768w, https:\/\/lacruz.cl\/a94a8fe5\/wp-content\/uploads\/2024\/07\/Becas-Deportivas-1.jpeg 1080w\" sizes=\"auto, (max-width: 1024px) 100vw, 1024px\" \/><\/figure>\n\n\n\n<figure class=\"wp-block-image size-large\"><img loading=\"lazy\" decoding=\"async\" width=\"1024\" height=\"768\" data-id=\"11490\" src=\"https:\/\/lacruz.cl\/a94a8fe5\/wp-content\/uploads\/2024\/07\/Becas-Deportivas-2-1024x768.jpeg\" alt=\"\" class=\"wp-image-11490\" srcset=\"https:\/\/lacruz.cl\/a94a8fe5\/wp-content\/uploads\/2024\/07\/Becas-Deportivas-2-1024x768.jpeg 1024w, https:\/\/lacruz.cl\/a94a8fe5\/wp-content\/uploads\/2024\/07\/Becas-Deportivas-2-300x225.jpeg 300w, https:\/\/lacruz.cl\/a94a8fe5\/wp-content\/uploads\/2024\/07\/Becas-Deportivas-2-768x576.jpeg 768w, https:\/\/lacruz.cl\/a94a8fe5\/wp-content\/uploads\/2024\/07\/Becas-Deportivas-2-1536x1152.jpeg 1536w, https:\/\/lacruz.cl\/a94a8fe5\/wp-content\/uploads\/2024\/07\/Becas-Deportivas-2-2048x1536.jpeg 2048w\" sizes=\"auto, (max-width: 1024px) 100vw, 1024px\" \/><\/figure>\n<\/figure>\n\n\n\n<p>La Unidad de Deportes de la Municipalidad de La Cruz realiz\u00f3 ayer 25 de junio la entrega de Becas Deportivas \u201cEl Deporte Nos Une\u201d en beneficio de destacados y destacadas deportistas de La Cruz. A la ceremonia asisti\u00f3 la alcaldesa Filomena Navia Hevia, ministro de Deporte, Jaime Pizarro, Seremi de Deporte, Leandro Torres, y concejales de la comuna.<\/p>\n\n\n\n<p>La Unidad de Deportes entreg\u00f3 20 Becas de $300 mil cada una, otorgados a partir de inversi\u00f3n municipal por un monto total de $6 millones. Recibieron la Beca deportistas destacados a nivel comunal, regional, nacional e internacional que practican las disciplinas de F\u00fatbol, Ciclismo, Balonmano, Ajedrez, Danza, Gimnasia Art\u00edstica, Running, Motocross y Enduro.<\/p>\n\n\n\n<p>Filomena Navia Hevia, alcaldesa de La Cruz, coment\u00f3 sobre la importancia de la Beca Deportiva y se\u00f1al\u00f3: \u201cCorresponde a un \u00edtem que fue consignado en el presupuesto municipal, en esta oportunidad nos acompa\u00f1aron concejales y concejalas de la comuna y autoridades por lo que las familias estaban muy felices. Esto es un apoyo que permite que las personas que se dedican al deporte en distintas disciplinas puedan contar con los recursos para poder invertir en materiales y todo aquello que implica dedicar la vida al deporte\u201d.<\/p>\n\n\n\n<p>Jaime Pizarro, ministro de Deporte, se refiri\u00f3 a la entrega de estas Becas Deportivas y su impacto en la comunidad y dijo: \u201cFelicitar esta iniciativa que busca ir incentivando en distintas comunidades a nuestros deportistas, ir generando adhesi\u00f3n a que ellos puedan destinar m\u00e1s esfuerzo, m\u00e1s tiempo y que tengan la colaboraci\u00f3n municipal; es una gran iniciativa y felicitaciones por ello\u201d.<\/p>\n\n\n\n<p>Leandro Torres, Seremi de Deporte de la regi\u00f3n de Valpara\u00edso, coment\u00f3 sobre el apoyo que dan las becas a la comunidad y dijo \u201cQue la municipalidad de La Cruz a trav\u00e9s de su Alcaldesa, de su Concejo Municipal, est\u00e9n potenciando la actividad, habla muy bien de la comuna, sus autoridades y tambi\u00e9n de los deportistas y vienen a ayudar oportunamente el esfuerzo familiar, el esfuerzo personal y el esfuerzo de muchas instituciones que hacen posible que deportistas talentosos como los de ac\u00e1 de La Cruz desarrollen sus actividades permanentemente\u201d.<\/p>\n\n\n\n<p>El objetivo de entregar esta beca a deportistas de la comuna es apoyar a las y los deportistas en la pr\u00e1ctica de las diferentes disciplinas deportivas como tambi\u00e9n promover la continuidad en las diversas competiciones, adem\u00e1s de fomentar el deporte en la comuna de La Cruz y mejorar por esta v\u00eda la calidad de vida de las personas.<\/p>\n\n\n\n<figure class=\"wp-block-gallery has-nested-images columns-default is-cropped wp-block-gallery-2 is-layout-flex wp-block-gallery-is-layout-flex\">\n<figure class=\"wp-block-image size-large\"><img loading=\"lazy\" decoding=\"async\" width=\"1024\" height=\"768\" data-id=\"11489\" src=\"https:\/\/lacruz.cl\/a94a8fe5\/wp-content\/uploads\/2024\/07\/Becas-Deportivas-3-1024x768.jpeg\" alt=\"\" class=\"wp-image-11489\" srcset=\"https:\/\/lacruz.cl\/a94a8fe5\/wp-content\/uploads\/2024\/07\/Becas-Deportivas-3-1024x768.jpeg 1024w, https:\/\/lacruz.cl\/a94a8fe5\/wp-content\/uploads\/2024\/07\/Becas-Deportivas-3-300x225.jpeg 300w, https:\/\/lacruz.cl\/a94a8fe5\/wp-content\/uploads\/2024\/07\/Becas-Deportivas-3-768x576.jpeg 768w, https:\/\/lacruz.cl\/a94a8fe5\/wp-content\/uploads\/2024\/07\/Becas-Deportivas-3-1536x1152.jpeg 1536w, https:\/\/lacruz.cl\/a94a8fe5\/wp-content\/uploads\/2024\/07\/Becas-Deportivas-3-2048x1536.jpeg 2048w\" sizes=\"auto, (max-width: 1024px) 100vw, 1024px\" \/><\/figure>\n\n\n\n<figure class=\"wp-block-image size-large\"><img loading=\"lazy\" decoding=\"async\" width=\"1024\" height=\"768\" data-id=\"11488\" src=\"https:\/\/lacruz.cl\/a94a8fe5\/wp-content\/uploads\/2024\/07\/Becas-Deportivas-4-1024x768.jpeg\" alt=\"\" class=\"wp-image-11488\" srcset=\"https:\/\/lacruz.cl\/a94a8fe5\/wp-content\/uploads\/2024\/07\/Becas-Deportivas-4-1024x768.jpeg 1024w, https:\/\/lacruz.cl\/a94a8fe5\/wp-content\/uploads\/2024\/07\/Becas-Deportivas-4-300x225.jpeg 300w, https:\/\/lacruz.cl\/a94a8fe5\/wp-content\/uploads\/2024\/07\/Becas-Deportivas-4-768x576.jpeg 768w, https:\/\/lacruz.cl\/a94a8fe5\/wp-content\/uploads\/2024\/07\/Becas-Deportivas-4-1536x1152.jpeg 1536w, https:\/\/lacruz.cl\/a94a8fe5\/wp-content\/uploads\/2024\/07\/Becas-Deportivas-4-2048x1536.jpeg 2048w\" sizes=\"auto, (max-width: 1024px) 100vw, 1024px\" \/><\/figure>\n<\/figure>\n","protected":false},"excerpt":{"rendered":"<p>La comuna hizo entrega de 20 Becas Deportivas para destacados deportistas<\/p>\n","protected":false},"author":6,"featured_media":11488,"comment_status":"closed","ping_status":"closed","sticky":false,"template":"","format":"standard","meta":{"site-sidebar-layout":"default","site-content-layout":"","ast-site-content-layout":"default","site-content-style":"default","site-sidebar-style":"default","ast-global-header-display":"","ast-banner-title-visibility":"","ast-main-header-display":"","ast-hfb-above-header-display":"","ast-hfb-below-header-display":"","ast-hfb-mobile-header-display":"","site-post-title":"","ast-breadcrumbs-content":"","ast-featured-img":"","footer-sml-layout":"","ast-disable-related-posts":"","theme-transparent-header-meta":"","adv-header-id-meta":"","stick-header-meta":"","header-above-stick-meta":"","header-main-stick-meta":"","header-below-stick-meta":"","astra-migrate-meta-layouts":"set","ast-page-background-enabled":"default","ast-page-background-meta":{"desktop":{"background-color":"var(--ast-global-color-4)","background-image":"","background-repeat":"repeat","background-position":"center center","background-size":"auto","background-attachment":"scroll","background-type":"","background-media":"","overlay-type":"","overlay-color":"","overlay-opacity":"","overlay-gradient":""},"tablet":{"background-color":"","background-image":"","background-repeat":"repeat","background-position":"center center","background-size":"auto","background-attachment":"scroll","background-type":"","background-media":"","overlay-type":"","overlay-color":"","overlay-opacity":"","overlay-gradient":""},"mobile":{"background-color":"","background-image":"","background-repeat":"repeat","background-position":"center center","background-size":"auto","background-attachment":"scroll","background-type":"","background-media":"","overlay-type":"","overlay-color":"","overlay-opacity":"","overlay-gradient":""}},"ast-content-background-meta":{"desktop":{"background-color":"var(--ast-global-color-5)","background-image":"","background-repeat":"repeat","background-position":"center center","background-size":"auto","background-attachment":"scroll","background-type":"","background-media":"","overlay-type":"","overlay-color":"","overlay-opacity":"","overlay-gradient":""},"tablet":{"background-color":"var(--ast-global-color-5)","background-image":"","background-repeat":"repeat","background-position":"center center","background-size":"auto","background-attachment":"scroll","background-type":"","background-media":"","overlay-type":"","overlay-color":"","overlay-opacity":"","overlay-gradient":""},"mobile":{"background-color":"var(--ast-global-color-5)","background-image":"","background-repeat":"repeat","background-position":"center center","background-size":"auto","background-attachment":"scroll","background-type":"","background-media":"","overlay-type":"","overlay-color":"","overlay-opacity":"","overlay-gradient":""}},"footnotes":""},"categories":[1],"tags":[],"class_list":["post-11487","post","type-post","status-publish","format-standard","has-post-thumbnail","hentry","category-noticias"],"_links":{"self":[{"href":"https:\/\/lacruz.cl\/a94a8fe5\/wp-json\/wp\/v2\/posts\/11487","targetHints":{"allow":["GET"]}}],"collection":[{"href":"https:\/\/lacruz.cl\/a94a8fe5\/wp-json\/wp\/v2\/posts"}],"about":[{"href":"https:\/\/lacruz.cl\/a94a8fe5\/wp-json\/wp\/v2\/types\/post"}],"author":[{"embeddable":true,"href":"https:\/\/lacruz.cl\/a94a8fe5\/wp-json\/wp\/v2\/users\/6"}],"replies":[{"embeddable":true,"href":"https:\/\/lacruz.cl\/a94a8fe5\/wp-json\/wp\/v2\/comments?post=11487"}],"version-history":[{"count":2,"href":"https:\/\/lacruz.cl\/a94a8fe5\/wp-json\/wp\/v2\/posts\/11487\/revisions"}],"predecessor-version":[{"id":11493,"href":"https:\/\/lacruz.cl\/a94a8fe5\/wp-json\/wp\/v2\/posts\/11487\/revisions\/11493"}],"wp:featuredmedia":[{"embeddable":true,"href":"https:\/\/lacruz.cl\/a94a8fe5\/wp-json\/wp\/v2\/media\/11488"}],"wp:attachment":[{"href":"https:\/\/lacruz.cl\/a94a8fe5\/wp-json\/wp\/v2\/media?parent=11487"}],"wp:term":[{"taxonomy":"category","embeddable":true,"href":"https:\/\/lacruz.cl\/a94a8fe5\/wp-json\/wp\/v2\/categories?post=11487"},{"taxonomy":"post_tag","embeddable":true,"href":"https:\/\/lacruz.cl\/a94a8fe5\/wp-json\/wp\/v2\/tags?post=11487"}],"curies":[{"name":"wp","href":"https:\/\/api.w.org\/{rel}","templated":true}]}}