{"id":11481,"date":"2024-07-03T16:32:54","date_gmt":"2024-07-03T20:32:54","guid":{"rendered":"https:\/\/lacruz.cl\/?p=11481"},"modified":"2024-07-03T16:32:55","modified_gmt":"2024-07-03T20:32:55","slug":"con-presencia-de-autoridades-nacionales-la-cruz-realizo-lanzamiento-del-programa-activate-en-vacaciones-de-invierno","status":"publish","type":"post","link":"https:\/\/lacruz.cl\/a94a8fe5\/noticias\/con-presencia-de-autoridades-nacionales-la-cruz-realizo-lanzamiento-del-programa-activate-en-vacaciones-de-invierno\/","title":{"rendered":"Con presencia de autoridades nacionales La Cruz realiz\u00f3 lanzamiento del Programa Act\u00edvate en Vacaciones de Invierno"},"content":{"rendered":"\n<figure class=\"wp-block-gallery has-nested-images columns-default is-cropped wp-block-gallery-1 is-layout-flex wp-block-gallery-is-layout-flex\">\n<figure class=\"wp-block-image size-large\"><img loading=\"lazy\" decoding=\"async\" width=\"1024\" height=\"768\" data-id=\"11482\" src=\"https:\/\/lacruz.cl\/a94a8fe5\/wp-content\/uploads\/2024\/07\/Lanzamiento-Programa-Activate-3-1024x768.jpeg\" alt=\"\" class=\"wp-image-11482\" srcset=\"https:\/\/lacruz.cl\/a94a8fe5\/wp-content\/uploads\/2024\/07\/Lanzamiento-Programa-Activate-3-1024x768.jpeg 1024w, https:\/\/lacruz.cl\/a94a8fe5\/wp-content\/uploads\/2024\/07\/Lanzamiento-Programa-Activate-3-300x225.jpeg 300w, https:\/\/lacruz.cl\/a94a8fe5\/wp-content\/uploads\/2024\/07\/Lanzamiento-Programa-Activate-3-768x576.jpeg 768w, https:\/\/lacruz.cl\/a94a8fe5\/wp-content\/uploads\/2024\/07\/Lanzamiento-Programa-Activate-3.jpeg 1280w\" sizes=\"auto, (max-width: 1024px) 100vw, 1024px\" \/><\/figure>\n\n\n\n<figure class=\"wp-block-image size-large\"><img loading=\"lazy\" decoding=\"async\" width=\"1024\" height=\"768\" data-id=\"11483\" src=\"https:\/\/lacruz.cl\/a94a8fe5\/wp-content\/uploads\/2024\/07\/Lanzamiento-Programa-Activate-1-1024x768.jpeg\" alt=\"\" class=\"wp-image-11483\" srcset=\"https:\/\/lacruz.cl\/a94a8fe5\/wp-content\/uploads\/2024\/07\/Lanzamiento-Programa-Activate-1-1024x768.jpeg 1024w, https:\/\/lacruz.cl\/a94a8fe5\/wp-content\/uploads\/2024\/07\/Lanzamiento-Programa-Activate-1-300x225.jpeg 300w, https:\/\/lacruz.cl\/a94a8fe5\/wp-content\/uploads\/2024\/07\/Lanzamiento-Programa-Activate-1-768x576.jpeg 768w, https:\/\/lacruz.cl\/a94a8fe5\/wp-content\/uploads\/2024\/07\/Lanzamiento-Programa-Activate-1-1536x1152.jpeg 1536w, https:\/\/lacruz.cl\/a94a8fe5\/wp-content\/uploads\/2024\/07\/Lanzamiento-Programa-Activate-1-2048x1536.jpeg 2048w\" sizes=\"auto, (max-width: 1024px) 100vw, 1024px\" \/><\/figure>\n\n\n\n<figure class=\"wp-block-image size-large\"><img loading=\"lazy\" decoding=\"async\" width=\"1024\" height=\"768\" data-id=\"11484\" src=\"https:\/\/lacruz.cl\/a94a8fe5\/wp-content\/uploads\/2024\/07\/Lanzamiento-Programa-Activate-2-1024x768.jpeg\" alt=\"\" class=\"wp-image-11484\" srcset=\"https:\/\/lacruz.cl\/a94a8fe5\/wp-content\/uploads\/2024\/07\/Lanzamiento-Programa-Activate-2-1024x768.jpeg 1024w, https:\/\/lacruz.cl\/a94a8fe5\/wp-content\/uploads\/2024\/07\/Lanzamiento-Programa-Activate-2-300x225.jpeg 300w, https:\/\/lacruz.cl\/a94a8fe5\/wp-content\/uploads\/2024\/07\/Lanzamiento-Programa-Activate-2-768x576.jpeg 768w, https:\/\/lacruz.cl\/a94a8fe5\/wp-content\/uploads\/2024\/07\/Lanzamiento-Programa-Activate-2.jpeg 1280w\" sizes=\"auto, (max-width: 1024px) 100vw, 1024px\" \/><\/figure>\n<\/figure>\n\n\n\n<p>El pasado martes 25 de junio se llev\u00f3 a cabo la ceremonia que da inicio al Lanzamiento Nacional del Programa Act\u00edvate en Vacaciones de Invierno 2024 en el Colegio Leonardo Da Vinci, organizado por el Departamento de Educaci\u00f3n de la Municipalidad de La Cruz.<\/p>\n\n\n\n<p>El hito cont\u00f3 con la presencia de la alcaldesa de La Cruz, Filomena Navia Hevia, el ministro de Educaci\u00f3n, Nicol\u00e1s Cataldo, el ministro de Deporte, Jaime Pizarro, la Subsecretaria de la Ni\u00f1ez, Ver\u00f3nica Silva, la directora nacional de Junaeb, Camila Rubio, el Seremi de Deporte, Leandro Torres, el delegado Presidencial Provincial, Jos\u00e9 Orrego y concejales de la comuna de La Cruz.<\/p>\n\n\n\n<p>Durante la actividad se realizaron juegos y deportes, donde participaron las y ni\u00f1as y ni\u00f1os que asisten al programa y tambi\u00e9n las autoridades. Entre los juegos se destac\u00f3 la ronda musical, un partido de f\u00fatbol tenis con las autoridades, danza y un partido de balonmano con destacados j\u00f3venes deportistas de La Cruz.<\/p>\n\n\n\n<p>El programa \u00abAct\u00edvate en Vacaciones de Invierno 2024\u00bb est\u00e1 dirigido a estudiantes de establecimientos educativos p\u00fablicos y particulares subvencionados, y ofrece experiencias dise\u00f1adas para fomentar la pr\u00e1ctica de actividades f\u00edsicas y la adopci\u00f3n de h\u00e1bitos de vida saludable entre los j\u00f3venes.<\/p>\n\n\n\n<p>Filomena Navia Hevia, alcaldesa de La Cruz coment\u00f3 respecto al programa y se\u00f1al\u00f3: \u201cEste programa permite atender a ni\u00f1as y ni\u00f1os durante las vacaciones de invierno y ofrece la oportunidad de tener a estas ni\u00f1as y ni\u00f1os participando de actividades deportivas que son apoyadas a trav\u00e9s del IND, obteniendo alimentaci\u00f3n que se provee a trav\u00e9s de Junaeb y teniendo los recursos que permite pagar al personal que trabaja al cuidado de las ni\u00f1as y ni\u00f1os sin distinci\u00f3n alguna\u201d.<\/p>\n\n\n\n<p>Nicol\u00e1s Cataldo, ministro de Educaci\u00f3n, se refiri\u00f3 a esta iniciativa y dijo: \u201choy podemos decir que hemos iniciado este camino de las activaciones en invierno, un espacio que esperamos que se replique a\u00f1o a a\u00f1o igual como se hace en verano y no se pierda la continuidad. Este es un esfuerzo de colaboraci\u00f3n en que el Ministerio de Desarrollo Social a trav\u00e9s de la Subsecretar\u00eda de la Ni\u00f1ez y junto a Junaeb del Ministerio de Educaci\u00f3n han hecho un esfuerzo para financiar m\u00e1s de 30 escuelas de invierno en el pa\u00eds\u201d.<\/p>\n\n\n\n<p>Jaime Pizarro, ministro de Deporte, coment\u00f3 sobre las actividades realizadas y se\u00f1al\u00f3: \u201choy simb\u00f3licamente nos encontramos con un d\u00eda luminoso y creo que esta luminosidad tiene que inspirarnos y permitirnos el desarrollo de m\u00e1s actividades f\u00edsicas y deporte. Por supuesto que nos alegra enormemente el poder seguir ampliando estas propuestas y estos programas\u201d.<\/p>\n\n\n\n<p>El objetivo de esta iniciativa es propiciar a estudiantes de La Cruz el acceso a un ambiente protegido y seguro donde realizar actividades que sean de su inter\u00e9s y que potencien la vida activa y saludable durante las vacaciones de invierno.<\/p>\n","protected":false},"excerpt":{"rendered":"<p>La actividad estuvo dirigida a estudiantes de establecimientos<br \/>\neducativos p\u00fablicos y particulares subvencionados.<\/p>\n","protected":false},"author":6,"featured_media":11483,"comment_status":"closed","ping_status":"closed","sticky":false,"template":"","format":"standard","meta":{"site-sidebar-layout":"default","site-content-layout":"","ast-site-content-layout":"default","site-content-style":"default","site-sidebar-style":"default","ast-global-header-display":"","ast-banner-title-visibility":"","ast-main-header-display":"","ast-hfb-above-header-display":"","ast-hfb-below-header-display":"","ast-hfb-mobile-header-display":"","site-post-title":"","ast-breadcrumbs-content":"","ast-featured-img":"","footer-sml-layout":"","ast-disable-related-posts":"","theme-transparent-header-meta":"","adv-header-id-meta":"","stick-header-meta":"","header-above-stick-meta":"","header-main-stick-meta":"","header-below-stick-meta":"","astra-migrate-meta-layouts":"set","ast-page-background-enabled":"default","ast-page-background-meta":{"desktop":{"background-color":"var(--ast-global-color-4)","background-image":"","background-repeat":"repeat","background-position":"center center","background-size":"auto","background-attachment":"scroll","background-type":"","background-media":"","overlay-type":"","overlay-color":"","overlay-opacity":"","overlay-gradient":""},"tablet":{"background-color":"","background-image":"","background-repeat":"repeat","background-position":"center center","background-size":"auto","background-attachment":"scroll","background-type":"","background-media":"","overlay-type":"","overlay-color":"","overlay-opacity":"","overlay-gradient":""},"mobile":{"background-color":"","background-image":"","background-repeat":"repeat","background-position":"center center","background-size":"auto","background-attachment":"scroll","background-type":"","background-media":"","overlay-type":"","overlay-color":"","overlay-opacity":"","overlay-gradient":""}},"ast-content-background-meta":{"desktop":{"background-color":"var(--ast-global-color-5)","background-image":"","background-repeat":"repeat","background-position":"center center","background-size":"auto","background-attachment":"scroll","background-type":"","background-media":"","overlay-type":"","overlay-color":"","overlay-opacity":"","overlay-gradient":""},"tablet":{"background-color":"var(--ast-global-color-5)","background-image":"","background-repeat":"repeat","background-position":"center center","background-size":"auto","background-attachment":"scroll","background-type":"","background-media":"","overlay-type":"","overlay-color":"","overlay-opacity":"","overlay-gradient":""},"mobile":{"background-color":"var(--ast-global-color-5)","background-image":"","background-repeat":"repeat","background-position":"center center","background-size":"auto","background-attachment":"scroll","background-type":"","background-media":"","overlay-type":"","overlay-color":"","overlay-opacity":"","overlay-gradient":""}},"footnotes":""},"categories":[1],"tags":[],"class_list":["post-11481","post","type-post","status-publish","format-standard","has-post-thumbnail","hentry","category-noticias"],"_links":{"self":[{"href":"https:\/\/lacruz.cl\/a94a8fe5\/wp-json\/wp\/v2\/posts\/11481","targetHints":{"allow":["GET"]}}],"collection":[{"href":"https:\/\/lacruz.cl\/a94a8fe5\/wp-json\/wp\/v2\/posts"}],"about":[{"href":"https:\/\/lacruz.cl\/a94a8fe5\/wp-json\/wp\/v2\/types\/post"}],"author":[{"embeddable":true,"href":"https:\/\/lacruz.cl\/a94a8fe5\/wp-json\/wp\/v2\/users\/6"}],"replies":[{"embeddable":true,"href":"https:\/\/lacruz.cl\/a94a8fe5\/wp-json\/wp\/v2\/comments?post=11481"}],"version-history":[{"count":2,"href":"https:\/\/lacruz.cl\/a94a8fe5\/wp-json\/wp\/v2\/posts\/11481\/revisions"}],"predecessor-version":[{"id":11486,"href":"https:\/\/lacruz.cl\/a94a8fe5\/wp-json\/wp\/v2\/posts\/11481\/revisions\/11486"}],"wp:featuredmedia":[{"embeddable":true,"href":"https:\/\/lacruz.cl\/a94a8fe5\/wp-json\/wp\/v2\/media\/11483"}],"wp:attachment":[{"href":"https:\/\/lacruz.cl\/a94a8fe5\/wp-json\/wp\/v2\/media?parent=11481"}],"wp:term":[{"taxonomy":"category","embeddable":true,"href":"https:\/\/lacruz.cl\/a94a8fe5\/wp-json\/wp\/v2\/categories?post=11481"},{"taxonomy":"post_tag","embeddable":true,"href":"https:\/\/lacruz.cl\/a94a8fe5\/wp-json\/wp\/v2\/tags?post=11481"}],"curies":[{"name":"wp","href":"https:\/\/api.w.org\/{rel}","templated":true}]}}