{"id":11469,"date":"2024-07-02T15:34:44","date_gmt":"2024-07-02T19:34:44","guid":{"rendered":"https:\/\/lacruz.cl\/?p=11469"},"modified":"2024-07-02T15:34:45","modified_gmt":"2024-07-02T19:34:45","slug":"ya-comenzo-el-proyecto-de-conservacion-de-la-escuela-lo-rojas","status":"publish","type":"post","link":"https:\/\/lacruz.cl\/a94a8fe5\/noticias\/ya-comenzo-el-proyecto-de-conservacion-de-la-escuela-lo-rojas\/","title":{"rendered":"Ya comenz\u00f3 el Proyecto de Conservaci\u00f3n de la Escuela Lo Rojas"},"content":{"rendered":"\n<figure class=\"wp-block-image aligncenter size-large is-resized\"><img loading=\"lazy\" decoding=\"async\" width=\"1024\" height=\"576\" src=\"https:\/\/lacruz.cl\/a94a8fe5\/wp-content\/uploads\/2024\/07\/Conservacion-Escuela-Lo-Rojas-1024x576.jpeg\" alt=\"\" class=\"wp-image-11470\" style=\"width:751px;height:auto\" srcset=\"https:\/\/lacruz.cl\/a94a8fe5\/wp-content\/uploads\/2024\/07\/Conservacion-Escuela-Lo-Rojas-1024x576.jpeg 1024w, https:\/\/lacruz.cl\/a94a8fe5\/wp-content\/uploads\/2024\/07\/Conservacion-Escuela-Lo-Rojas-300x169.jpeg 300w, https:\/\/lacruz.cl\/a94a8fe5\/wp-content\/uploads\/2024\/07\/Conservacion-Escuela-Lo-Rojas-768x432.jpeg 768w, https:\/\/lacruz.cl\/a94a8fe5\/wp-content\/uploads\/2024\/07\/Conservacion-Escuela-Lo-Rojas-1536x864.jpeg 1536w, https:\/\/lacruz.cl\/a94a8fe5\/wp-content\/uploads\/2024\/07\/Conservacion-Escuela-Lo-Rojas.jpeg 1599w\" sizes=\"auto, (max-width: 1024px) 100vw, 1024px\" \/><\/figure>\n\n\n\n<p>El pasado mi\u00e9rcoles 12 de junio se realiz\u00f3 la ceremonia del Colegio Lo Rojas \u201cMemoranzas de nuestro colegio\u201d, dando inicio a las vacaciones de las y los estudiantes y tambi\u00e9n al Proyecto de Conservaci\u00f3n de Lo Rojas que tiene como objetivo la remodelaci\u00f3n y mejoramiento del establecimiento.<\/p>\n\n\n\n<p>Este proyecto es un trabajo colaborativo entre la Secretar\u00eda Comunal de Planificaci\u00f3n (SECPLAN) y el Departamento de Administraci\u00f3n Educacional Municipal (DAEM). Con un monto de $405.285.21 a partir de fondos de Conservaci\u00f3n de Infraestructura del Ministerio de Educaci\u00f3n, permitir\u00e1 transformar el establecimiento en un espacio moderno, seguro e inclusivo.<\/p>\n\n\n\n<p>Este proyecto contempla el mejoramiento de las fachadas, el cambio de cubiertas, ventanas termo panel, puertas, pisos y cielos, mejorando el acondicionamiento t\u00e9rmico de la escuela. Adem\u00e1s, contempla la implementaci\u00f3n de las normas de accesibilidad universal completa, implementaci\u00f3n de nuevo sistema de alcantarillado particular para ba\u00f1os y cocina e implementaci\u00f3n de nueva red el\u00e9ctrica para circuito de enchufes y alumbrado.<\/p>\n\n\n\n<p>Filomena Navia Hevia, alcaldesa de La Cruz, coment\u00f3 sobre la ceremonia previa a la remodelaci\u00f3n y se\u00f1al\u00f3: \u201cLo que se hizo hoy d\u00eda es despedir esta casa que ha albergado a tantas personas que han estudiado en Lo Rojas y lo hicimos con participaci\u00f3n, historia y relato\u201d.<\/p>\n\n\n\n<p>\u201cRememorando donde fue la primera escuela y despu\u00e9s c\u00f3mo llegamos a esta construcci\u00f3n que va a ser sometida a un cambio estructural a trav\u00e9s de un proyecto que nos ganamos del Ministerio de Educaci\u00f3n\u201d, agreg\u00f3 la Alcaldesa de La Cruz.<\/p>\n\n\n\n<p>El proyecto considera la accesibilidad universal de todas las salas, incorporando rampas para dar accesibilidad a las y los estudiantes. El nuevo sistema de alcantarillado particular considera su renovaci\u00f3n con fosa y pozos absorbentes renovados, cumpliendo con las exigencias del Ministerio de Salud.<\/p>\n\n\n\n<p>Por otro lado, la nueva red el\u00e9ctrica considera un la renovaci\u00f3n del tendido el\u00e9ctrico, tanto para circuitos de alumbrado, como los circuitos para enchufes. Incluye nuevas luminarias led de bajo consumo, mejorando las condiciones de iluminaci\u00f3n al interior de las salas de clases.<\/p>\n","protected":false},"excerpt":{"rendered":"<p>El establecimiento se transformar\u00e1 en un espacio moderno, seguro e inclusivo a partir de una inversi\u00f3n de $405.285.21 con fondos de Conservaci\u00f3n de Infraestructura del Ministerio de Educaci\u00f3n.<\/p>\n","protected":false},"author":6,"featured_media":11470,"comment_status":"closed","ping_status":"closed","sticky":false,"template":"","format":"standard","meta":{"site-sidebar-layout":"default","site-content-layout":"","ast-site-content-layout":"default","site-content-style":"default","site-sidebar-style":"default","ast-global-header-display":"","ast-banner-title-visibility":"","ast-main-header-display":"","ast-hfb-above-header-display":"","ast-hfb-below-header-display":"","ast-hfb-mobile-header-display":"","site-post-title":"","ast-breadcrumbs-content":"","ast-featured-img":"","footer-sml-layout":"","ast-disable-related-posts":"","theme-transparent-header-meta":"","adv-header-id-meta":"","stick-header-meta":"","header-above-stick-meta":"","header-main-stick-meta":"","header-below-stick-meta":"","astra-migrate-meta-layouts":"set","ast-page-background-enabled":"default","ast-page-background-meta":{"desktop":{"background-color":"var(--ast-global-color-4)","background-image":"","background-repeat":"repeat","background-position":"center center","background-size":"auto","background-attachment":"scroll","background-type":"","background-media":"","overlay-type":"","overlay-color":"","overlay-opacity":"","overlay-gradient":""},"tablet":{"background-color":"","background-image":"","background-repeat":"repeat","background-position":"center center","background-size":"auto","background-attachment":"scroll","background-type":"","background-media":"","overlay-type":"","overlay-color":"","overlay-opacity":"","overlay-gradient":""},"mobile":{"background-color":"","background-image":"","background-repeat":"repeat","background-position":"center center","background-size":"auto","background-attachment":"scroll","background-type":"","background-media":"","overlay-type":"","overlay-color":"","overlay-opacity":"","overlay-gradient":""}},"ast-content-background-meta":{"desktop":{"background-color":"var(--ast-global-color-5)","background-image":"","background-repeat":"repeat","background-position":"center center","background-size":"auto","background-attachment":"scroll","background-type":"","background-media":"","overlay-type":"","overlay-color":"","overlay-opacity":"","overlay-gradient":""},"tablet":{"background-color":"var(--ast-global-color-5)","background-image":"","background-repeat":"repeat","background-position":"center center","background-size":"auto","background-attachment":"scroll","background-type":"","background-media":"","overlay-type":"","overlay-color":"","overlay-opacity":"","overlay-gradient":""},"mobile":{"background-color":"var(--ast-global-color-5)","background-image":"","background-repeat":"repeat","background-position":"center center","background-size":"auto","background-attachment":"scroll","background-type":"","background-media":"","overlay-type":"","overlay-color":"","overlay-opacity":"","overlay-gradient":""}},"footnotes":""},"categories":[1],"tags":[],"class_list":["post-11469","post","type-post","status-publish","format-standard","has-post-thumbnail","hentry","category-noticias"],"_links":{"self":[{"href":"https:\/\/lacruz.cl\/a94a8fe5\/wp-json\/wp\/v2\/posts\/11469","targetHints":{"allow":["GET"]}}],"collection":[{"href":"https:\/\/lacruz.cl\/a94a8fe5\/wp-json\/wp\/v2\/posts"}],"about":[{"href":"https:\/\/lacruz.cl\/a94a8fe5\/wp-json\/wp\/v2\/types\/post"}],"author":[{"embeddable":true,"href":"https:\/\/lacruz.cl\/a94a8fe5\/wp-json\/wp\/v2\/users\/6"}],"replies":[{"embeddable":true,"href":"https:\/\/lacruz.cl\/a94a8fe5\/wp-json\/wp\/v2\/comments?post=11469"}],"version-history":[{"count":2,"href":"https:\/\/lacruz.cl\/a94a8fe5\/wp-json\/wp\/v2\/posts\/11469\/revisions"}],"predecessor-version":[{"id":11472,"href":"https:\/\/lacruz.cl\/a94a8fe5\/wp-json\/wp\/v2\/posts\/11469\/revisions\/11472"}],"wp:featuredmedia":[{"embeddable":true,"href":"https:\/\/lacruz.cl\/a94a8fe5\/wp-json\/wp\/v2\/media\/11470"}],"wp:attachment":[{"href":"https:\/\/lacruz.cl\/a94a8fe5\/wp-json\/wp\/v2\/media?parent=11469"}],"wp:term":[{"taxonomy":"category","embeddable":true,"href":"https:\/\/lacruz.cl\/a94a8fe5\/wp-json\/wp\/v2\/categories?post=11469"},{"taxonomy":"post_tag","embeddable":true,"href":"https:\/\/lacruz.cl\/a94a8fe5\/wp-json\/wp\/v2\/tags?post=11469"}],"curies":[{"name":"wp","href":"https:\/\/api.w.org\/{rel}","templated":true}]}}