{"id":11428,"date":"2024-06-28T15:44:47","date_gmt":"2024-06-28T19:44:47","guid":{"rendered":"https:\/\/lacruz.cl\/?p=11428"},"modified":"2024-06-28T15:44:49","modified_gmt":"2024-06-28T19:44:49","slug":"estrategias-de-desarrollo-local-inclusivo-realiza-exitosas-charlas-en-la-cruz","status":"publish","type":"post","link":"https:\/\/lacruz.cl\/a94a8fe5\/noticias\/estrategias-de-desarrollo-local-inclusivo-realiza-exitosas-charlas-en-la-cruz\/","title":{"rendered":"Estrategias de Desarrollo Local Inclusivo realiza exitosas charlas en La Cruz"},"content":{"rendered":"\n<figure class=\"wp-block-image aligncenter size-large is-resized\"><img loading=\"lazy\" decoding=\"async\" width=\"1024\" height=\"771\" src=\"https:\/\/lacruz.cl\/a94a8fe5\/wp-content\/uploads\/2024\/06\/Estrategias-de-Desarrollo-Local-Inclusivo-1024x771.jpeg\" alt=\"\" class=\"wp-image-11429\" style=\"width:698px;height:auto\" srcset=\"https:\/\/lacruz.cl\/a94a8fe5\/wp-content\/uploads\/2024\/06\/Estrategias-de-Desarrollo-Local-Inclusivo-1024x771.jpeg 1024w, https:\/\/lacruz.cl\/a94a8fe5\/wp-content\/uploads\/2024\/06\/Estrategias-de-Desarrollo-Local-Inclusivo-300x226.jpeg 300w, https:\/\/lacruz.cl\/a94a8fe5\/wp-content\/uploads\/2024\/06\/Estrategias-de-Desarrollo-Local-Inclusivo-768x578.jpeg 768w, https:\/\/lacruz.cl\/a94a8fe5\/wp-content\/uploads\/2024\/06\/Estrategias-de-Desarrollo-Local-Inclusivo-1536x1156.jpeg 1536w, https:\/\/lacruz.cl\/a94a8fe5\/wp-content\/uploads\/2024\/06\/Estrategias-de-Desarrollo-Local-Inclusivo.jpeg 1600w\" sizes=\"auto, (max-width: 1024px) 100vw, 1024px\" \/><\/figure>\n\n\n\n<p>La Municipalidad de La Cruz desde este a\u00f1o se encuentra implementando en la comuna Estrategias de Desarrollo Local Inclusivo (EDLI), a partir de un convenio establecido entre el municipio y el Servicio Nacional de Discapacidad (SENADI). EDLI tiene como objetivo reforzar la Oficina de Discapacidad y cuenta con tres etapas para fortalecer la inclusi\u00f3n en la comunidad.<\/p>\n\n\n\n<p>La etapa inicial va de marzo a diciembre y comenz\u00f3 con un diagn\u00f3stico participativo para detectar las necesidades de comunidad en cuanto a inclusi\u00f3n. Dentro de esta etapa, EDLI se encuentra desarrollando charlas a partir de la implementaci\u00f3n de la Ley TEA y la Regulaci\u00f3n Emocional y Conductual de estudiantes para capacitar a las y los funcionarios, docentes y paradocentes de la comuna.<\/p>\n\n\n\n<p>Las charlas se realizan gracias al trabajo colaborativo de EDLI, Oficina de Discapacidad y Departamento de Administraci\u00f3n Educacional Municipal, para brindar las estrategias a establecimientos municipales. Al finalizar las charlas en estos colegios, EDLI tambi\u00e9n realizar\u00e1 las charlas en colegios subvencionados particulares, colegios particulares y jardines infantiles de la comuna.<\/p>\n\n\n\n<p>Durante la charla, trabajan los conceptos de inclusi\u00f3n, discapacidad y TEA; para luego enfocarse en el marco legislativo, contemplando Ley TEA, Ley Antidiscriminaci\u00f3n y leyes de inclusi\u00f3n. Posteriormente realizan el taller de Regulaci\u00f3n Emocional y Conductual de estudiantes para las y los docentes.<\/p>\n\n\n\n<p>Gonzalo Arriada, coordinador de EDLI, se refiri\u00f3 a la primera charla y se\u00f1al\u00f3: \u201cLo hemos ejecutado con el terapeuta ocupacional de EDLI y lo hicimos por primera vez en el colegio de Los Rojas, donde estaba todo el personal docente\u201d. Adem\u00e1s, coment\u00f3 sobre la primera etapa y dijo: \u201cEsta primera va de enero a diciembre, en donde se inicia con la instauraci\u00f3n de capacidad en cuanto a inclusi\u00f3n y gesti\u00f3n, cambiar el chip, cambiar la vista de la municipalidad en cuanto a pol\u00edticas inclusivas\u201d.<\/p>\n\n\n\n<p>El equipo de EDLI consta de tres profesionales y cada uno maneja un producto, el coordinador y kinesi\u00f3logo Gonzalo Arriaga es tambi\u00e9n el encargado de Fortalecimiento de Gesti\u00f3n de la Unidad de Discapacidad, terapeuta ocupacional encargado de Fortalecimiento Sociolaboral y asistente social encargado del Fortalecimiento a la Participaci\u00f3n. Al finalizar la etapa EDLI Inicial, comenzar\u00e1 la segunda etapa EDLI Continuidad, y posteriormente la tercera etapa EDLI Regular.<\/p>\n\n\n\n<p><\/p>\n","protected":false},"excerpt":{"rendered":"<p>Van dirigidas a docentes de la comuna para capacitar sobre Ley TEA y Regulaci\u00f3n Emocional y Conductual de estudiantes.<\/p>\n","protected":false},"author":6,"featured_media":11429,"comment_status":"closed","ping_status":"closed","sticky":false,"template":"","format":"standard","meta":{"site-sidebar-layout":"default","site-content-layout":"","ast-site-content-layout":"default","site-content-style":"default","site-sidebar-style":"default","ast-global-header-display":"","ast-banner-title-visibility":"","ast-main-header-display":"","ast-hfb-above-header-display":"","ast-hfb-below-header-display":"","ast-hfb-mobile-header-display":"","site-post-title":"","ast-breadcrumbs-content":"","ast-featured-img":"","footer-sml-layout":"","ast-disable-related-posts":"","theme-transparent-header-meta":"","adv-header-id-meta":"","stick-header-meta":"","header-above-stick-meta":"","header-main-stick-meta":"","header-below-stick-meta":"","astra-migrate-meta-layouts":"set","ast-page-background-enabled":"default","ast-page-background-meta":{"desktop":{"background-color":"var(--ast-global-color-4)","background-image":"","background-repeat":"repeat","background-position":"center center","background-size":"auto","background-attachment":"scroll","background-type":"","background-media":"","overlay-type":"","overlay-color":"","overlay-opacity":"","overlay-gradient":""},"tablet":{"background-color":"","background-image":"","background-repeat":"repeat","background-position":"center center","background-size":"auto","background-attachment":"scroll","background-type":"","background-media":"","overlay-type":"","overlay-color":"","overlay-opacity":"","overlay-gradient":""},"mobile":{"background-color":"","background-image":"","background-repeat":"repeat","background-position":"center center","background-size":"auto","background-attachment":"scroll","background-type":"","background-media":"","overlay-type":"","overlay-color":"","overlay-opacity":"","overlay-gradient":""}},"ast-content-background-meta":{"desktop":{"background-color":"var(--ast-global-color-5)","background-image":"","background-repeat":"repeat","background-position":"center center","background-size":"auto","background-attachment":"scroll","background-type":"","background-media":"","overlay-type":"","overlay-color":"","overlay-opacity":"","overlay-gradient":""},"tablet":{"background-color":"var(--ast-global-color-5)","background-image":"","background-repeat":"repeat","background-position":"center center","background-size":"auto","background-attachment":"scroll","background-type":"","background-media":"","overlay-type":"","overlay-color":"","overlay-opacity":"","overlay-gradient":""},"mobile":{"background-color":"var(--ast-global-color-5)","background-image":"","background-repeat":"repeat","background-position":"center center","background-size":"auto","background-attachment":"scroll","background-type":"","background-media":"","overlay-type":"","overlay-color":"","overlay-opacity":"","overlay-gradient":""}},"footnotes":""},"categories":[1],"tags":[],"class_list":["post-11428","post","type-post","status-publish","format-standard","has-post-thumbnail","hentry","category-noticias"],"_links":{"self":[{"href":"https:\/\/lacruz.cl\/a94a8fe5\/wp-json\/wp\/v2\/posts\/11428","targetHints":{"allow":["GET"]}}],"collection":[{"href":"https:\/\/lacruz.cl\/a94a8fe5\/wp-json\/wp\/v2\/posts"}],"about":[{"href":"https:\/\/lacruz.cl\/a94a8fe5\/wp-json\/wp\/v2\/types\/post"}],"author":[{"embeddable":true,"href":"https:\/\/lacruz.cl\/a94a8fe5\/wp-json\/wp\/v2\/users\/6"}],"replies":[{"embeddable":true,"href":"https:\/\/lacruz.cl\/a94a8fe5\/wp-json\/wp\/v2\/comments?post=11428"}],"version-history":[{"count":2,"href":"https:\/\/lacruz.cl\/a94a8fe5\/wp-json\/wp\/v2\/posts\/11428\/revisions"}],"predecessor-version":[{"id":11431,"href":"https:\/\/lacruz.cl\/a94a8fe5\/wp-json\/wp\/v2\/posts\/11428\/revisions\/11431"}],"wp:featuredmedia":[{"embeddable":true,"href":"https:\/\/lacruz.cl\/a94a8fe5\/wp-json\/wp\/v2\/media\/11429"}],"wp:attachment":[{"href":"https:\/\/lacruz.cl\/a94a8fe5\/wp-json\/wp\/v2\/media?parent=11428"}],"wp:term":[{"taxonomy":"category","embeddable":true,"href":"https:\/\/lacruz.cl\/a94a8fe5\/wp-json\/wp\/v2\/categories?post=11428"},{"taxonomy":"post_tag","embeddable":true,"href":"https:\/\/lacruz.cl\/a94a8fe5\/wp-json\/wp\/v2\/tags?post=11428"}],"curies":[{"name":"wp","href":"https:\/\/api.w.org\/{rel}","templated":true}]}}