{"id":11420,"date":"2024-07-04T12:40:17","date_gmt":"2024-07-04T16:40:17","guid":{"rendered":"https:\/\/lacruz.cl\/?p=11420"},"modified":"2024-07-04T12:40:19","modified_gmt":"2024-07-04T16:40:19","slug":"2-version-feria-de-tejidos-y-lanas-la-cruz-te-abriga","status":"publish","type":"post","link":"https:\/\/lacruz.cl\/a94a8fe5\/noticias\/2-version-feria-de-tejidos-y-lanas-la-cruz-te-abriga\/","title":{"rendered":"2\u00b0 Versi\u00f3n \u00a0Feria de Tejidos y Lanas &#8211; \u00a0La Cruz te abriga"},"content":{"rendered":"\n<p>La Oficina de Fomento Productivo y Turismo, dependiente de la Direcci\u00f3n de Desarrollo Comunitario, informa que se ha dado inicio a la postulaci\u00f3n de\u00a02\u00b0 Versi\u00f3n \u00a0Feria de Tejidos y Lanas &#8211; \u00a0\u00abLa Cruz te abriga\u00bb, con el objetivo de potenciar la creaci\u00f3n de tejidos por parte de artesanas de la comuna y el uso de lanas en invierno, \u00a0as\u00ed como tambi\u00e9n potenciar el rubro de la artesan\u00eda y su comercializaci\u00f3n. \u00c9sta muestra se realizar\u00e1 los d\u00eda s\u00e1bado 13 \u00a0julio de 2024 en Calle Simpson.<\/p>\n\n\n\n<p><strong><a href=\"https:\/\/forms.gle\/a5YCtJszc5nVcy4E8\">-&gt;LINK DE POSTULACI\u00d3N&lt;-<\/a><\/strong><\/p>\n\n\n\n<figure class=\"wp-block-image aligncenter size-large is-resized\"><img loading=\"lazy\" decoding=\"async\" width=\"1024\" height=\"1024\" src=\"https:\/\/lacruz.cl\/a94a8fe5\/wp-content\/uploads\/2024\/06\/LA-CRUZ-TE-ABRIGA-9-1024x1024.png\" alt=\"\" class=\"wp-image-11477\" style=\"width:665px;height:auto\" srcset=\"https:\/\/lacruz.cl\/a94a8fe5\/wp-content\/uploads\/2024\/06\/LA-CRUZ-TE-ABRIGA-9-1024x1024.png 1024w, https:\/\/lacruz.cl\/a94a8fe5\/wp-content\/uploads\/2024\/06\/LA-CRUZ-TE-ABRIGA-9-300x300.png 300w, https:\/\/lacruz.cl\/a94a8fe5\/wp-content\/uploads\/2024\/06\/LA-CRUZ-TE-ABRIGA-9-150x150.png 150w, https:\/\/lacruz.cl\/a94a8fe5\/wp-content\/uploads\/2024\/06\/LA-CRUZ-TE-ABRIGA-9-768x768.png 768w, https:\/\/lacruz.cl\/a94a8fe5\/wp-content\/uploads\/2024\/06\/LA-CRUZ-TE-ABRIGA-9.png 1080w\" sizes=\"auto, (max-width: 1024px) 100vw, 1024px\" \/><\/figure>\n","protected":false},"excerpt":{"rendered":"<p>La Oficina de Fomento Productivo y Turismo, dependiente de la Direcci\u00f3n de Desarrollo Comunitario, informa que se ha dado inicio a la postulaci\u00f3n de\u00a02\u00b0 Versi\u00f3n \u00a0Feria de Tejidos y Lanas &#8211; \u00a0\u00abLa Cruz te abriga\u00bb, con el objetivo de potenciar la creaci\u00f3n de tejidos por parte de artesanas de la comuna y el uso de [&hellip;]<\/p>\n","protected":false},"author":6,"featured_media":11478,"comment_status":"closed","ping_status":"closed","sticky":false,"template":"","format":"standard","meta":{"site-sidebar-layout":"default","site-content-layout":"","ast-site-content-layout":"default","site-content-style":"default","site-sidebar-style":"default","ast-global-header-display":"","ast-banner-title-visibility":"","ast-main-header-display":"","ast-hfb-above-header-display":"","ast-hfb-below-header-display":"","ast-hfb-mobile-header-display":"","site-post-title":"","ast-breadcrumbs-content":"","ast-featured-img":"","footer-sml-layout":"","ast-disable-related-posts":"","theme-transparent-header-meta":"","adv-header-id-meta":"","stick-header-meta":"","header-above-stick-meta":"","header-main-stick-meta":"","header-below-stick-meta":"","astra-migrate-meta-layouts":"set","ast-page-background-enabled":"default","ast-page-background-meta":{"desktop":{"background-color":"var(--ast-global-color-4)","background-image":"","background-repeat":"repeat","background-position":"center center","background-size":"auto","background-attachment":"scroll","background-type":"","background-media":"","overlay-type":"","overlay-color":"","overlay-opacity":"","overlay-gradient":""},"tablet":{"background-color":"","background-image":"","background-repeat":"repeat","background-position":"center center","background-size":"auto","background-attachment":"scroll","background-type":"","background-media":"","overlay-type":"","overlay-color":"","overlay-opacity":"","overlay-gradient":""},"mobile":{"background-color":"","background-image":"","background-repeat":"repeat","background-position":"center center","background-size":"auto","background-attachment":"scroll","background-type":"","background-media":"","overlay-type":"","overlay-color":"","overlay-opacity":"","overlay-gradient":""}},"ast-content-background-meta":{"desktop":{"background-color":"var(--ast-global-color-5)","background-image":"","background-repeat":"repeat","background-position":"center center","background-size":"auto","background-attachment":"scroll","background-type":"","background-media":"","overlay-type":"","overlay-color":"","overlay-opacity":"","overlay-gradient":""},"tablet":{"background-color":"var(--ast-global-color-5)","background-image":"","background-repeat":"repeat","background-position":"center center","background-size":"auto","background-attachment":"scroll","background-type":"","background-media":"","overlay-type":"","overlay-color":"","overlay-opacity":"","overlay-gradient":""},"mobile":{"background-color":"var(--ast-global-color-5)","background-image":"","background-repeat":"repeat","background-position":"center center","background-size":"auto","background-attachment":"scroll","background-type":"","background-media":"","overlay-type":"","overlay-color":"","overlay-opacity":"","overlay-gradient":""}},"footnotes":""},"categories":[1],"tags":[],"class_list":["post-11420","post","type-post","status-publish","format-standard","has-post-thumbnail","hentry","category-noticias"],"_links":{"self":[{"href":"https:\/\/lacruz.cl\/a94a8fe5\/wp-json\/wp\/v2\/posts\/11420","targetHints":{"allow":["GET"]}}],"collection":[{"href":"https:\/\/lacruz.cl\/a94a8fe5\/wp-json\/wp\/v2\/posts"}],"about":[{"href":"https:\/\/lacruz.cl\/a94a8fe5\/wp-json\/wp\/v2\/types\/post"}],"author":[{"embeddable":true,"href":"https:\/\/lacruz.cl\/a94a8fe5\/wp-json\/wp\/v2\/users\/6"}],"replies":[{"embeddable":true,"href":"https:\/\/lacruz.cl\/a94a8fe5\/wp-json\/wp\/v2\/comments?post=11420"}],"version-history":[{"count":3,"href":"https:\/\/lacruz.cl\/a94a8fe5\/wp-json\/wp\/v2\/posts\/11420\/revisions"}],"predecessor-version":[{"id":11479,"href":"https:\/\/lacruz.cl\/a94a8fe5\/wp-json\/wp\/v2\/posts\/11420\/revisions\/11479"}],"wp:featuredmedia":[{"embeddable":true,"href":"https:\/\/lacruz.cl\/a94a8fe5\/wp-json\/wp\/v2\/media\/11478"}],"wp:attachment":[{"href":"https:\/\/lacruz.cl\/a94a8fe5\/wp-json\/wp\/v2\/media?parent=11420"}],"wp:term":[{"taxonomy":"category","embeddable":true,"href":"https:\/\/lacruz.cl\/a94a8fe5\/wp-json\/wp\/v2\/categories?post=11420"},{"taxonomy":"post_tag","embeddable":true,"href":"https:\/\/lacruz.cl\/a94a8fe5\/wp-json\/wp\/v2\/tags?post=11420"}],"curies":[{"name":"wp","href":"https:\/\/api.w.org\/{rel}","templated":true}]}}