{"id":11310,"date":"2024-05-23T12:12:22","date_gmt":"2024-05-23T16:12:22","guid":{"rendered":"https:\/\/lacruz.cl\/?p=11310"},"modified":"2024-05-23T12:12:23","modified_gmt":"2024-05-23T16:12:23","slug":"celebremos-el-dia-de-los-patrimonios-en-la-cruz","status":"publish","type":"post","link":"https:\/\/lacruz.cl\/a94a8fe5\/noticias\/celebremos-el-dia-de-los-patrimonios-en-la-cruz\/","title":{"rendered":"Celebremos el D\u00eda de los Patrimonios en La Cruz"},"content":{"rendered":"\n<p>La Cruz invita a toda su comunidad a celebrar el D\u00eda de los Patrimonios 2024 este s\u00e1bado 25 de mayo con una jornada llena de actividades y panoramas familiares. La iniciativa est\u00e1 organizada por la Unidad de Cultura en conjunto con la Unidad de Gesti\u00f3n Territorial de la Municipalidad de La Cruz con el objetivo de brindar a las vecinas y vecinos una jornada cultural e hist\u00f3rica de forma gratuita.<\/p>\n\n\n\n<p>El recorrido comenzar\u00e1 a las 9:00 horas con \u201cMemorias de Palmilla: caminando desde el patrimonio material al natural\u201d, la cual consiste en 2 visitas guiadas a trav\u00e9s de intervenciones teatrales por un sector hist\u00f3rico y patrimonial que forma parte de la identidad local de la comuna.<\/p>\n\n\n\n<p>A las 13:00 horas la comunidad podr\u00e1 participar del \u201cConversatorio: hacia un consenso por la identidad patrimonial\u201d donde se levantar\u00e1n reflexiones y definiciones elaboradas por la ciudadan\u00eda junto a los actores culturales y comunales sobre el patrimonio de La Cruz.<\/p>\n\n\n\n<p>La jornada de la tarde comenzar\u00e1 a las 16:00 horas con la actividad \u201cMemoria de Palmilla: historias del cementerio comunal\u201d que consiste en intervenciones teatrales en el Cementerio Comunal para conocer la carga hist\u00f3rica del lugar y reconocerlo como patrimonio local.<\/p>\n\n\n\n<p>Estas tres actividades se realizar\u00e1n con cupos limitados, las personas interesadas pueden inscribirse a trav\u00e9s del formulario disponible en la p\u00e1gina web de la Municipalidad de La Cruz: <a href=\"http:\/\/www.lacruz.cl\">www.lacruz.cl<\/a>.<\/p>\n\n\n\n<p>Adem\u00e1s, las vecinas y vecinos podr\u00e1n visitar la actividad \u201cMuseo abierto\u201d en el Rotary Club de la comuna desde las 11:00 hasta las 18:00 horas donde se realizar\u00e1 una exposici\u00f3n de piezas del Museo Comunal para reconocer el Patrimonio Cultural y Material de La Cruz.<\/p>\n\n\n\n<figure class=\"wp-block-gallery has-nested-images columns-default is-cropped wp-block-gallery-1 is-layout-flex wp-block-gallery-is-layout-flex\">\n<figure class=\"wp-block-image size-large\"><img loading=\"lazy\" decoding=\"async\" width=\"960\" height=\"640\" data-id=\"11312\" src=\"https:\/\/lacruz.cl\/a94a8fe5\/wp-content\/uploads\/2024\/05\/Dia-de-los-Patrimonios-4.png\" alt=\"\" class=\"wp-image-11312\" srcset=\"https:\/\/lacruz.cl\/a94a8fe5\/wp-content\/uploads\/2024\/05\/Dia-de-los-Patrimonios-4.png 960w, https:\/\/lacruz.cl\/a94a8fe5\/wp-content\/uploads\/2024\/05\/Dia-de-los-Patrimonios-4-300x200.png 300w, https:\/\/lacruz.cl\/a94a8fe5\/wp-content\/uploads\/2024\/05\/Dia-de-los-Patrimonios-4-768x512.png 768w\" sizes=\"auto, (max-width: 960px) 100vw, 960px\" \/><\/figure>\n\n\n\n<figure class=\"wp-block-image size-large is-style-default\"><img loading=\"lazy\" decoding=\"async\" width=\"768\" height=\"1024\" data-id=\"11314\" src=\"https:\/\/lacruz.cl\/a94a8fe5\/wp-content\/uploads\/2024\/05\/Dia-de-los-Patrimonios-3-768x1024.jpeg\" alt=\"\" class=\"wp-image-11314\" srcset=\"https:\/\/lacruz.cl\/a94a8fe5\/wp-content\/uploads\/2024\/05\/Dia-de-los-Patrimonios-3-768x1024.jpeg 768w, https:\/\/lacruz.cl\/a94a8fe5\/wp-content\/uploads\/2024\/05\/Dia-de-los-Patrimonios-3-225x300.jpeg 225w, https:\/\/lacruz.cl\/a94a8fe5\/wp-content\/uploads\/2024\/05\/Dia-de-los-Patrimonios-3-1152x1536.jpeg 1152w, https:\/\/lacruz.cl\/a94a8fe5\/wp-content\/uploads\/2024\/05\/Dia-de-los-Patrimonios-3-1536x2048.jpeg 1536w, https:\/\/lacruz.cl\/a94a8fe5\/wp-content\/uploads\/2024\/05\/Dia-de-los-Patrimonios-3-scaled.jpeg 1920w\" sizes=\"auto, (max-width: 768px) 100vw, 768px\" \/><\/figure>\n\n\n\n<figure class=\"wp-block-image size-large\"><img loading=\"lazy\" decoding=\"async\" width=\"768\" height=\"1024\" data-id=\"11313\" src=\"https:\/\/lacruz.cl\/a94a8fe5\/wp-content\/uploads\/2024\/05\/Dia-de-los-Patrimonios-2-768x1024.jpeg\" alt=\"\" class=\"wp-image-11313\" srcset=\"https:\/\/lacruz.cl\/a94a8fe5\/wp-content\/uploads\/2024\/05\/Dia-de-los-Patrimonios-2-768x1024.jpeg 768w, https:\/\/lacruz.cl\/a94a8fe5\/wp-content\/uploads\/2024\/05\/Dia-de-los-Patrimonios-2-225x300.jpeg 225w, https:\/\/lacruz.cl\/a94a8fe5\/wp-content\/uploads\/2024\/05\/Dia-de-los-Patrimonios-2-1152x1536.jpeg 1152w, https:\/\/lacruz.cl\/a94a8fe5\/wp-content\/uploads\/2024\/05\/Dia-de-los-Patrimonios-2-1536x2048.jpeg 1536w, https:\/\/lacruz.cl\/a94a8fe5\/wp-content\/uploads\/2024\/05\/Dia-de-los-Patrimonios-2-scaled.jpeg 1920w\" sizes=\"auto, (max-width: 768px) 100vw, 768px\" \/><\/figure>\n\n\n\n<figure class=\"wp-block-image size-large\"><img loading=\"lazy\" decoding=\"async\" width=\"768\" height=\"1024\" data-id=\"11311\" src=\"https:\/\/lacruz.cl\/a94a8fe5\/wp-content\/uploads\/2024\/05\/Dia-de-los-Patrimonios-1-768x1024.jpeg\" alt=\"\" class=\"wp-image-11311\" srcset=\"https:\/\/lacruz.cl\/a94a8fe5\/wp-content\/uploads\/2024\/05\/Dia-de-los-Patrimonios-1-768x1024.jpeg 768w, https:\/\/lacruz.cl\/a94a8fe5\/wp-content\/uploads\/2024\/05\/Dia-de-los-Patrimonios-1-225x300.jpeg 225w, https:\/\/lacruz.cl\/a94a8fe5\/wp-content\/uploads\/2024\/05\/Dia-de-los-Patrimonios-1-1152x1536.jpeg 1152w, https:\/\/lacruz.cl\/a94a8fe5\/wp-content\/uploads\/2024\/05\/Dia-de-los-Patrimonios-1.jpeg 1200w\" sizes=\"auto, (max-width: 768px) 100vw, 768px\" \/><\/figure>\n<\/figure>\n","protected":false},"excerpt":{"rendered":"<p>La Cruz invita a toda su comunidad a celebrar el D\u00eda de los Patrimonios 2024 este s\u00e1bado 25 de mayo con una jornada llena de actividades y panoramas familiares. La iniciativa est\u00e1 organizada por la Unidad de Cultura en conjunto con la Unidad de Gesti\u00f3n Territorial de la Municipalidad de La Cruz con el objetivo [&hellip;]<\/p>\n","protected":false},"author":6,"featured_media":11311,"comment_status":"closed","ping_status":"closed","sticky":false,"template":"","format":"standard","meta":{"site-sidebar-layout":"default","site-content-layout":"","ast-site-content-layout":"default","site-content-style":"default","site-sidebar-style":"default","ast-global-header-display":"","ast-banner-title-visibility":"","ast-main-header-display":"","ast-hfb-above-header-display":"","ast-hfb-below-header-display":"","ast-hfb-mobile-header-display":"","site-post-title":"","ast-breadcrumbs-content":"","ast-featured-img":"","footer-sml-layout":"","ast-disable-related-posts":"","theme-transparent-header-meta":"","adv-header-id-meta":"","stick-header-meta":"","header-above-stick-meta":"","header-main-stick-meta":"","header-below-stick-meta":"","astra-migrate-meta-layouts":"set","ast-page-background-enabled":"default","ast-page-background-meta":{"desktop":{"background-color":"var(--ast-global-color-4)","background-image":"","background-repeat":"repeat","background-position":"center center","background-size":"auto","background-attachment":"scroll","background-type":"","background-media":"","overlay-type":"","overlay-color":"","overlay-opacity":"","overlay-gradient":""},"tablet":{"background-color":"","background-image":"","background-repeat":"repeat","background-position":"center center","background-size":"auto","background-attachment":"scroll","background-type":"","background-media":"","overlay-type":"","overlay-color":"","overlay-opacity":"","overlay-gradient":""},"mobile":{"background-color":"","background-image":"","background-repeat":"repeat","background-position":"center center","background-size":"auto","background-attachment":"scroll","background-type":"","background-media":"","overlay-type":"","overlay-color":"","overlay-opacity":"","overlay-gradient":""}},"ast-content-background-meta":{"desktop":{"background-color":"var(--ast-global-color-5)","background-image":"","background-repeat":"repeat","background-position":"center center","background-size":"auto","background-attachment":"scroll","background-type":"","background-media":"","overlay-type":"","overlay-color":"","overlay-opacity":"","overlay-gradient":""},"tablet":{"background-color":"var(--ast-global-color-5)","background-image":"","background-repeat":"repeat","background-position":"center center","background-size":"auto","background-attachment":"scroll","background-type":"","background-media":"","overlay-type":"","overlay-color":"","overlay-opacity":"","overlay-gradient":""},"mobile":{"background-color":"var(--ast-global-color-5)","background-image":"","background-repeat":"repeat","background-position":"center center","background-size":"auto","background-attachment":"scroll","background-type":"","background-media":"","overlay-type":"","overlay-color":"","overlay-opacity":"","overlay-gradient":""}},"footnotes":""},"categories":[1],"tags":[],"class_list":["post-11310","post","type-post","status-publish","format-standard","has-post-thumbnail","hentry","category-noticias"],"_links":{"self":[{"href":"https:\/\/lacruz.cl\/a94a8fe5\/wp-json\/wp\/v2\/posts\/11310","targetHints":{"allow":["GET"]}}],"collection":[{"href":"https:\/\/lacruz.cl\/a94a8fe5\/wp-json\/wp\/v2\/posts"}],"about":[{"href":"https:\/\/lacruz.cl\/a94a8fe5\/wp-json\/wp\/v2\/types\/post"}],"author":[{"embeddable":true,"href":"https:\/\/lacruz.cl\/a94a8fe5\/wp-json\/wp\/v2\/users\/6"}],"replies":[{"embeddable":true,"href":"https:\/\/lacruz.cl\/a94a8fe5\/wp-json\/wp\/v2\/comments?post=11310"}],"version-history":[{"count":2,"href":"https:\/\/lacruz.cl\/a94a8fe5\/wp-json\/wp\/v2\/posts\/11310\/revisions"}],"predecessor-version":[{"id":11316,"href":"https:\/\/lacruz.cl\/a94a8fe5\/wp-json\/wp\/v2\/posts\/11310\/revisions\/11316"}],"wp:featuredmedia":[{"embeddable":true,"href":"https:\/\/lacruz.cl\/a94a8fe5\/wp-json\/wp\/v2\/media\/11311"}],"wp:attachment":[{"href":"https:\/\/lacruz.cl\/a94a8fe5\/wp-json\/wp\/v2\/media?parent=11310"}],"wp:term":[{"taxonomy":"category","embeddable":true,"href":"https:\/\/lacruz.cl\/a94a8fe5\/wp-json\/wp\/v2\/categories?post=11310"},{"taxonomy":"post_tag","embeddable":true,"href":"https:\/\/lacruz.cl\/a94a8fe5\/wp-json\/wp\/v2\/tags?post=11310"}],"curies":[{"name":"wp","href":"https:\/\/api.w.org\/{rel}","templated":true}]}}